{"id":5116,"date":"2014-04-10T14:49:00","date_gmt":"2014-04-10T14:49:00","guid":{"rendered":"http:\/\/imediata.org\/?p=5116"},"modified":"2014-04-10T14:49:00","modified_gmt":"2014-04-10T14:49:00","slug":"marco-historico-por-silvio-mieli","status":"publish","type":"post","link":"https:\/\/imediata.org\/?p=5116","title":{"rendered":">> Marco hist\u00f3rico, por S\u00edlvio Mieli"},"content":{"rendered":"<p><a href=\"http:\/\/imediata.org\/wp-content\/uploads\/2014\/04\/marco-civil-democracia-sim.jpg\"><img loading=\"lazy\" decoding=\"async\" src=\"http:\/\/imediata.org\/wp-content\/uploads\/2014\/04\/marco-civil-democracia-sim.jpg\" alt=\"marco-civil-democracia-sim\" width=\"630\" height=\"398\" class=\"aligncenter size-full wp-image-5118\" srcset=\"https:\/\/imediata.org\/wp-content\/uploads\/2014\/04\/marco-civil-democracia-sim.jpg 630w, https:\/\/imediata.org\/wp-content\/uploads\/2014\/04\/marco-civil-democracia-sim-300x189.jpg 300w, https:\/\/imediata.org\/wp-content\/uploads\/2014\/04\/marco-civil-democracia-sim-87x55.jpg 87w\" sizes=\"auto, (max-width: 630px) 100vw, 630px\" \/><\/a><\/p>\n<p><strong>Marco hist\u00f3rico<br \/>\nPor Silvio Mieli<\/strong><\/p>\n<p>Fonte: <a href=\"http:\/\/www.brasildefato.com.br\/node\/28004\">Brasil de Fato 2\/04\/2014<\/a><\/p>\n<p><strong>A luta pelas conquistas sociais na internet traz essa marca: inverter o sentido do que foi constru\u00eddo no campo anal\u00f3gico (monop\u00f3lios e concentra\u00e7\u00f5es) e subverter h\u00e1bitos e pr\u00e1tica pol\u00edticas (lembrando sempre que a internet n\u00e3o \u00e9 s\u00f3 Facebook e Google).<\/strong><\/p>\n<p><a href=\"http:\/\/imediata.org\/wp-content\/uploads\/2014\/04\/marco-civil-da-internet.gif\"><img loading=\"lazy\" decoding=\"async\" src=\"http:\/\/imediata.org\/wp-content\/uploads\/2014\/04\/marco-civil-da-internet.gif\" alt=\"marco-civil-da-internet\" width=\"1484\" height=\"1404\" class=\"aligncenter size-full wp-image-5119\" \/><\/a><\/p>\n<p><strong>Quando comemoramos a \u00faltima conquista jur\u00eddico-institucional de impacto da \u00e1rea da comunica\u00e7\u00e3o? Com a aprova\u00e7\u00e3o do projeto do Marco Civil da Internet na C\u00e2mera, a sensa\u00e7\u00e3o \u00e9 a de que salvamos mais uma fatia de \u201cMata Atl\u00e2ntica\u201d digital.<\/p>\n<p>Ou seja, ampliamos os limites de preserva\u00e7\u00e3o da comunica\u00e7\u00e3o como um direito humano. O regime militar investiu na infraestrutura e em seguida houve uma moderniza\u00e7\u00e3o da tecnologia da comunica\u00e7\u00e3o. Mas ao longo dos \u00faltimos 50 anos tudo conspirou parao fortalecimento dos monop\u00f3lios e a concentra\u00e7\u00e3o de conte\u00fado.<\/p>\n<p>Por exemplo, a partir do governo Sarney (1985) prevaleceram as concess\u00f5es de r\u00e1dio e TV como moeda de troca pol\u00edtica e as renova\u00e7\u00f5es autom\u00e1ticas das mesmas (pr\u00e1tica que persiste at\u00e9 hoje).<\/p>\n<p>No in\u00edcio dos anos de 1990, chegaria a TV a cabo, que no entanto j\u00e1 discriminava o acesso aos conte\u00fados. Sob FHC, em 1997, surge a Lei Geral de Telecomunica\u00e7\u00f5es, a cria\u00e7\u00e3o da Anatel e a posterior privatiza\u00e7\u00e3o da teles.<\/p>\n<p>Resumindo: no campo anal\u00f3gico a batalha estava perdida. O que fazer? Restava mergulhar fundo numa luta pela preserva\u00e7\u00e3o da biodiversidade digital. Mas n\u00e3o foi f\u00e1cil abandonar uma postura c\u00f4moda, a da vitimiza\u00e7\u00e3o, que lamentava a falta de acesso aos meios e via a comunica\u00e7\u00e3o como um mero instrumento, ao inv\u00e9s de uma forma de vida na qual a nossa civiliza\u00e7\u00e3o estava jogando todas as fichas.<\/p>\n<p>Percebemos que o novo campo de luta que se delineava na rede (o \u00fanico que sobrou) era um lugar de a\u00e7\u00e3o imediata, direta e que poderia redimensionar as formas de resist\u00eancia ao capitalismo. Com todas as suas limita\u00e7\u00f5es, a chamada neutralidade da rede (eixo central do Marco Civil da internet), ao garantir que quem controla a infraestrutura tem que ser neutro em rela\u00e7\u00e3o aos conte\u00fados que passam pelos seus cabos, inverteu um fluxo que parecia inexor\u00e1vel.<\/p>\n<p>A luta pelas conquistas sociais na internet traz essa marca: inverter o sentido do que foi constru\u00eddo no campo anal\u00f3gico (monop\u00f3lios e concentra\u00e7\u00f5es) e subverter h\u00e1bitos e pr\u00e1tica pol\u00edticas (lembrando sempre que a internet n\u00e3o \u00e9 s\u00f3 Facebook e Google).<\/p>\n<p>E aqui se inserem os outros dois eixos do texto aprovado na C\u00e2mera (que segue agora ao Senado): liberdade de express\u00e3o e privacidade na rede, cujo objetivo tamb\u00e9m \u00e9 o de garantir que possamos experimentar com seguran\u00e7a o que nunca nos foi permitido ousar nas outras formas de comunica\u00e7\u00e3o.<\/strong><\/p>\n","protected":false},"excerpt":{"rendered":"<p>Marco hist\u00f3rico Por Silvio Mieli Fonte: Brasil de Fato 2\/04\/2014 A luta pelas conquistas sociais na internet traz essa marca: inverter o sentido do que foi constru\u00eddo no campo anal\u00f3gico (monop\u00f3lios e concentra\u00e7\u00f5es) e subverter h\u00e1bitos e pr\u00e1tica pol\u00edticas (lembrando sempre que a internet n\u00e3o \u00e9 s\u00f3 Facebook e Google). Quando comemoramos a \u00faltima conquista [&hellip;]<\/p>\n","protected":false},"author":1,"featured_media":0,"comment_status":"open","ping_status":"open","sticky":false,"template":"","format":"standard","meta":{"footnotes":""},"categories":[4,81,9,82],"tags":[2872,2871,2491,410],"class_list":["post-5116","post","type-post","status-publish","format-standard","hentry","category-al-manakh","category-imediartivismo","category-lance-de-dados","category-midia_corporativa","tag-democracia-x-corporacoes","tag-liberdade-de-informacao","tag-marco-civil-da-internet","tag-silvio-mieli"],"_links":{"self":[{"href":"https:\/\/imediata.org\/index.php?rest_route=\/wp\/v2\/posts\/5116","targetHints":{"allow":["GET"]}}],"collection":[{"href":"https:\/\/imediata.org\/index.php?rest_route=\/wp\/v2\/posts"}],"about":[{"href":"https:\/\/imediata.org\/index.php?rest_route=\/wp\/v2\/types\/post"}],"author":[{"embeddable":true,"href":"https:\/\/imediata.org\/index.php?rest_route=\/wp\/v2\/users\/1"}],"replies":[{"embeddable":true,"href":"https:\/\/imediata.org\/index.php?rest_route=%2Fwp%2Fv2%2Fcomments&post=5116"}],"version-history":[{"count":1,"href":"https:\/\/imediata.org\/index.php?rest_route=\/wp\/v2\/posts\/5116\/revisions"}],"predecessor-version":[{"id":5120,"href":"https:\/\/imediata.org\/index.php?rest_route=\/wp\/v2\/posts\/5116\/revisions\/5120"}],"wp:attachment":[{"href":"https:\/\/imediata.org\/index.php?rest_route=%2Fwp%2Fv2%2Fmedia&parent=5116"}],"wp:term":[{"taxonomy":"category","embeddable":true,"href":"https:\/\/imediata.org\/index.php?rest_route=%2Fwp%2Fv2%2Fcategories&post=5116"},{"taxonomy":"post_tag","embeddable":true,"href":"https:\/\/imediata.org\/index.php?rest_route=%2Fwp%2Fv2%2Ftags&post=5116"}],"curies":[{"name":"wp","href":"https:\/\/api.w.org\/{rel}","templated":true}]}}