{"id":5062,"date":"2014-02-19T18:43:44","date_gmt":"2014-02-19T18:43:44","guid":{"rendered":"http:\/\/imediata.org\/?p=5062"},"modified":"2014-02-19T18:43:44","modified_gmt":"2014-02-19T18:43:44","slug":"imundo-17-guerra-contra-a-vida-duas-palavras-ao-papa-francisco-por-gianni-lannes","status":"publish","type":"post","link":"https:\/\/imediata.org\/?p=5062","title":{"rendered":">> iMundo 17 &#8211; &#8220;Guerra contra a Vida: duas palavras ao Papa Francisco&#8221;, por Gianni Lannes"},"content":{"rendered":"<p><a href=\"http:\/\/imediata.org\/wp-content\/uploads\/2014\/02\/Scie-chimiche-Ceriale-Albenga-Borghetto-10-11-2007-chemtrails.jpg\"><img loading=\"lazy\" decoding=\"async\" src=\"http:\/\/imediata.org\/wp-content\/uploads\/2014\/02\/Scie-chimiche-Ceriale-Albenga-Borghetto-10-11-2007-chemtrails-1024x768.jpg\" alt=\"Scie chimiche Ceriale Albenga Borghetto 10-11-2007 (chemtrails)\" width=\"600\" height=\"450\" class=\"aligncenter size-large wp-image-5064\" srcset=\"https:\/\/imediata.org\/wp-content\/uploads\/2014\/02\/Scie-chimiche-Ceriale-Albenga-Borghetto-10-11-2007-chemtrails-1024x768.jpg 1024w, https:\/\/imediata.org\/wp-content\/uploads\/2014\/02\/Scie-chimiche-Ceriale-Albenga-Borghetto-10-11-2007-chemtrails-300x225.jpg 300w, https:\/\/imediata.org\/wp-content\/uploads\/2014\/02\/Scie-chimiche-Ceriale-Albenga-Borghetto-10-11-2007-chemtrails-73x55.jpg 73w, https:\/\/imediata.org\/wp-content\/uploads\/2014\/02\/Scie-chimiche-Ceriale-Albenga-Borghetto-10-11-2007-chemtrails-60x45.jpg 60w, https:\/\/imediata.org\/wp-content\/uploads\/2014\/02\/Scie-chimiche-Ceriale-Albenga-Borghetto-10-11-2007-chemtrails.jpg 1600w\" sizes=\"auto, (max-width: 600px) 100vw, 600px\" \/><\/a><\/p>\n<p><strong>Guerra contra a Vida: duas palavras ao Papa Francisco<\/p>\n<p>Por: Gianni Lannes<br \/>\nFonte: <a href=\"http:\/\/sulatestagiannilannes.blogspot.it\/2014\/02\/guerra-alla-vita-due-parole-papa.html\">Su la testa! <\/a><br \/>\nTradu\u00e7\u00e3o: Mario S. Mieli<\/p>\n<p>Senhor Pont\u00edfice,<\/p>\n<p>Escrevo-lhe como homem, pai e escritor. Certamente n\u00e3o lhe ter\u00e1 escapado o panorama mundial de destrui\u00e7\u00e3o, doen\u00e7as e morte que est\u00e1 agarrando a m\u00e3e Terra e a humanidade, alimentado pela  gan\u00e2ncia e pela avidez de dom\u00ednio de um punhado de loucos humanoides, sobretudo no Ocidente, que controlam as alavancas do poder econ\u00f4mico e comandam o poder militar. <\/p>\n<p>Basta voltar os olhos para o c\u00e9u, tamb\u00e9m em Roma, sobre a C\u00fapula de S\u00e3o Pedro, flecham quotidianamente aeronaves militares a baixa quota, lan\u00e7ando rastros qu\u00edmicos. Trata-se de subst\u00e2ncias t\u00f3xicas como alum\u00ednio, b\u00e1rio e nanopart\u00edculas artificiais que atentam contra a vida de milh\u00f5es de  pessoas desinformadas. As primeiras v\u00edtimas, aquelas mais indefesas, s\u00e3o as crian\u00e7as. <\/p>\n<p>Est\u00e1 ocorrendo h\u00e1 tempo uma guerra ambiental contra a humanidade \u2013 para diminuir drasticamente o n\u00famero de pessoas vivas \u2013 e reduzir os sobreviventes a um estado de mera escravid\u00e3o. <\/p>\n<p>Democracia, igualdade, justi\u00e7a, liberdade, s\u00e3o valores flagrantemente negados pela realidade, mas constantemente reafirmados em sua representa\u00e7\u00e3o c\u00eanica. A mentira toma o lugar da not\u00edcia, a propaganda substitui a verdade. <\/p>\n<p>A biosfera pode satisfazer as necessidades de todos se a economia global respeitar os limites impostos pela sustentabilidade ecol\u00f3gica e pela justi\u00e7a social. <\/p>\n<p>Pensamos n\u00e3o poder fazer nada e, assim, nos tornamos sempre mais c\u00famplices do mais horrendo dos crimes: a indiferen\u00e7a.  <\/p>\n<p>O campo da nossa mente foi restrito cada vez mais, assim como foi diminu\u00edda at\u00e9 o esgotamento a nossa liberdade. \u00c9 preciso viver em um mundo melhor, n\u00e3o basta sonh\u00e1-lo com os olhos fechados. Os jovens aos quais foi exclu\u00eddo o futuro herdaram prevalentemente sucatas morais e econ\u00f4micas. <\/p>\n<p>Mas a verdade \u00e9 como a beleza, n\u00e3o tem limites. Milh\u00f5es de crist\u00e3os, mulheres e homens de boa vontade, confiam em uma sua a\u00e7\u00e3o incisiva de defesa concreta da vida.  <\/p>\n<p>Hic et nunc.<\/p>\n<p>Gianni Lannes<br \/>\n<\/strong><\/p>\n<p>Rastros qu\u00edmicos sobre Roma:<br \/>\n<iframe loading=\"lazy\" width=\"560\" height=\"315\" src=\"\/\/www.youtube.com\/embed\/AitRyBJTpY4\" frameborder=\"0\" allowfullscreen><\/iframe><\/p>\n<p><a href=\"http:\/\/imediata.org\/wp-content\/uploads\/2014\/02\/due-scie-chimiche-al-passo-del-tonale.jpg\"><img loading=\"lazy\" decoding=\"async\" src=\"http:\/\/imediata.org\/wp-content\/uploads\/2014\/02\/due-scie-chimiche-al-passo-del-tonale-1024x768.jpg\" alt=\"due scie chimiche al passo del tonale\" width=\"600\" height=\"450\" class=\"aligncenter size-large wp-image-5067\" srcset=\"https:\/\/imediata.org\/wp-content\/uploads\/2014\/02\/due-scie-chimiche-al-passo-del-tonale-1024x768.jpg 1024w, https:\/\/imediata.org\/wp-content\/uploads\/2014\/02\/due-scie-chimiche-al-passo-del-tonale-300x225.jpg 300w, https:\/\/imediata.org\/wp-content\/uploads\/2014\/02\/due-scie-chimiche-al-passo-del-tonale-73x55.jpg 73w, https:\/\/imediata.org\/wp-content\/uploads\/2014\/02\/due-scie-chimiche-al-passo-del-tonale-60x45.jpg 60w, https:\/\/imediata.org\/wp-content\/uploads\/2014\/02\/due-scie-chimiche-al-passo-del-tonale.jpg 1600w\" sizes=\"auto, (max-width: 600px) 100vw, 600px\" \/><\/a><\/p>\n","protected":false},"excerpt":{"rendered":"<p>Guerra contra a Vida: duas palavras ao Papa Francisco Por: Gianni Lannes Fonte: Su la testa! Tradu\u00e7\u00e3o: Mario S. Mieli Senhor Pont\u00edfice, Escrevo-lhe como homem, pai e escritor. Certamente n\u00e3o lhe ter\u00e1 escapado o panorama mundial de destrui\u00e7\u00e3o, doen\u00e7as e morte que est\u00e1 agarrando a m\u00e3e Terra e a humanidade, alimentado pela gan\u00e2ncia e pela [&hellip;]<\/p>\n","protected":false},"author":1,"featured_media":0,"comment_status":"open","ping_status":"open","sticky":false,"template":"","format":"standard","meta":{"footnotes":""},"categories":[5,2256,9],"tags":[1643,2555,2841,2843,2844,95,2842,829],"class_list":["post-5062","post","type-post","status-publish","format-standard","hentry","category-biodiversidade-imediata","category-imundo","category-lance-de-dados","tag-chemtrails","tag-gianni-lannes","tag-guerra-contra-a-vida-duas-palavras-ao-papa-francisco","tag-guerra-silenciosa-contra-a-terra-e-a-humanidade","tag-indiferenca-e-desinformacao","tag-mario-s-mieli","tag-papa-francisco","tag-rastros-quimicos"],"_links":{"self":[{"href":"https:\/\/imediata.org\/index.php?rest_route=\/wp\/v2\/posts\/5062","targetHints":{"allow":["GET"]}}],"collection":[{"href":"https:\/\/imediata.org\/index.php?rest_route=\/wp\/v2\/posts"}],"about":[{"href":"https:\/\/imediata.org\/index.php?rest_route=\/wp\/v2\/types\/post"}],"author":[{"embeddable":true,"href":"https:\/\/imediata.org\/index.php?rest_route=\/wp\/v2\/users\/1"}],"replies":[{"embeddable":true,"href":"https:\/\/imediata.org\/index.php?rest_route=%2Fwp%2Fv2%2Fcomments&post=5062"}],"version-history":[{"count":1,"href":"https:\/\/imediata.org\/index.php?rest_route=\/wp\/v2\/posts\/5062\/revisions"}],"predecessor-version":[{"id":5068,"href":"https:\/\/imediata.org\/index.php?rest_route=\/wp\/v2\/posts\/5062\/revisions\/5068"}],"wp:attachment":[{"href":"https:\/\/imediata.org\/index.php?rest_route=%2Fwp%2Fv2%2Fmedia&parent=5062"}],"wp:term":[{"taxonomy":"category","embeddable":true,"href":"https:\/\/imediata.org\/index.php?rest_route=%2Fwp%2Fv2%2Fcategories&post=5062"},{"taxonomy":"post_tag","embeddable":true,"href":"https:\/\/imediata.org\/index.php?rest_route=%2Fwp%2Fv2%2Ftags&post=5062"}],"curies":[{"name":"wp","href":"https:\/\/api.w.org\/{rel}","templated":true}]}}