{"id":5041,"date":"2014-02-18T00:31:57","date_gmt":"2014-02-18T00:31:57","guid":{"rendered":"http:\/\/imediata.org\/?p=5041"},"modified":"2014-02-18T01:09:30","modified_gmt":"2014-02-18T01:09:30","slug":"giordano-bruno-queimado-vivo-na-fogueira-pela-inquisicao-ha-414-anos-trilha-sonora-de-ennio-morricone","status":"publish","type":"post","link":"https:\/\/imediata.org\/?p=5041","title":{"rendered":">> Giordano Bruno, queimado vivo na fogueira pela Inquisi\u00e7\u00e3o h\u00e1 414 anos &#8211; trilha sonora de Ennio Morricone e filme completo de Giuliano Montaldo com legendas em portugu\u00eas"},"content":{"rendered":"<p><a href=\"http:\/\/imediata.org\/wp-content\/uploads\/2014\/02\/giordanobruno-trilha.jpg\"><img loading=\"lazy\" decoding=\"async\" src=\"http:\/\/imediata.org\/wp-content\/uploads\/2014\/02\/giordanobruno-trilha.jpg\" alt=\"giordanobruno-trilha\" width=\"320\" height=\"180\" class=\"aligncenter size-full wp-image-5044\" srcset=\"https:\/\/imediata.org\/wp-content\/uploads\/2014\/02\/giordanobruno-trilha.jpg 320w, https:\/\/imediata.org\/wp-content\/uploads\/2014\/02\/giordanobruno-trilha-300x168.jpg 300w, https:\/\/imediata.org\/wp-content\/uploads\/2014\/02\/giordanobruno-trilha-97x55.jpg 97w\" sizes=\"auto, (max-width: 320px) 100vw, 320px\" \/><\/a><\/p>\n<p>Em homenagem a Giordano Bruno, queimado vivo na fogueira pela Inquisi\u00e7\u00e3o no dia 17 de fevereiro de 1600, em &#8220;campo de Fiori&#8221;, Roma, por ter feito de tudo para a evolu\u00e7\u00e3o da consci\u00eancia e do esp\u00edrito humano.<\/p>\n<p><strong>Ennio Morricone &#8211; &#8220;Giordano Bruno&#8221;<br \/>\n<iframe loading=\"lazy\" width=\"420\" height=\"315\" src=\"\/\/www.youtube.com\/embed\/q1V9aWh_BWM\" frameborder=\"0\" allowfullscreen><\/iframe><\/p>\n<p>Trilha sonora do filme &#8220;Giordano Bruno&#8221; de Giuliano Montaldo, interpretado por Gian Maria Volont\u00e9<\/p>\n<p>Giordano Bruno &#8211; Filme Completo Legendado PT<br \/>\n<iframe loading=\"lazy\" width=\"560\" height=\"315\" src=\"\/\/www.youtube.com\/embed\/nP78KdK_tSQ\" frameborder=\"0\" allowfullscreen><\/iframe><\/p>\n<p>Recomendamos tamb\u00e9m:<\/p>\n<p>>> EM NOME DE GIORDANO BRUNO, O DIREITO \u00c0 DIGNIDADE, por Maria Mantello<br \/>\n<a href=\"http:\/\/imediata.org\/?p=3358\">http:\/\/imediata.org\/?p=3358<\/a><\/p>\n<p>>> Cinco minutos para homenagear Giordano Bruno, e assim, homenagearmo-nos a todos<br \/>\n<a href=\"http:\/\/imediata.org\/?p=1962\">imediata.org\/?p=1962<\/a><\/p>\n<p>>> \u00c0s m\u00e3es de todos \u2013 a m\u00e3e anarquia, a m\u00e3e liberdade, a m\u00e3e coragem<\/strong><br \/>\n<a href=\"http:\/\/imediata.org\/?p=1514\">http:\/\/imediata.org\/?p=1514<\/a><\/p>\n<p><a href=\"http:\/\/imediata.org\/wp-content\/uploads\/2014\/02\/tema_15_1_3.jpg\"><img loading=\"lazy\" decoding=\"async\" src=\"http:\/\/imediata.org\/wp-content\/uploads\/2014\/02\/tema_15_1_3.jpg\" alt=\"tema_15_1_3\" width=\"400\" height=\"310\" class=\"aligncenter size-full wp-image-5047\" srcset=\"https:\/\/imediata.org\/wp-content\/uploads\/2014\/02\/tema_15_1_3.jpg 400w, https:\/\/imediata.org\/wp-content\/uploads\/2014\/02\/tema_15_1_3-300x232.jpg 300w, https:\/\/imediata.org\/wp-content\/uploads\/2014\/02\/tema_15_1_3-70x55.jpg 70w\" sizes=\"auto, (max-width: 400px) 100vw, 400px\" \/><\/a><\/p>\n","protected":false},"excerpt":{"rendered":"<p>Em homenagem a Giordano Bruno, queimado vivo na fogueira pela Inquisi\u00e7\u00e3o no dia 17 de fevereiro de 1600, em &#8220;campo de Fiori&#8221;, Roma, por ter feito de tudo para a evolu\u00e7\u00e3o da consci\u00eancia e do esp\u00edrito humano. Ennio Morricone &#8211; &#8220;Giordano Bruno&#8221; Trilha sonora do filme &#8220;Giordano Bruno&#8221; de Giuliano Montaldo, interpretado por Gian Maria [&hellip;]<\/p>\n","protected":false},"author":1,"featured_media":0,"comment_status":"open","ping_status":"open","sticky":false,"template":"","format":"standard","meta":{"footnotes":""},"categories":[4,8,78,11],"tags":[2830,2832,403,2831],"class_list":["post-5041","post","type-post","status-publish","format-standard","hentry","category-al-manakh","category-anarcom","category-ovideo","category-sambaqui","tag-ennio-morricone","tag-gian-maria-volonte","tag-giordano-bruno","tag-giuliano-montaldo"],"_links":{"self":[{"href":"https:\/\/imediata.org\/index.php?rest_route=\/wp\/v2\/posts\/5041","targetHints":{"allow":["GET"]}}],"collection":[{"href":"https:\/\/imediata.org\/index.php?rest_route=\/wp\/v2\/posts"}],"about":[{"href":"https:\/\/imediata.org\/index.php?rest_route=\/wp\/v2\/types\/post"}],"author":[{"embeddable":true,"href":"https:\/\/imediata.org\/index.php?rest_route=\/wp\/v2\/users\/1"}],"replies":[{"embeddable":true,"href":"https:\/\/imediata.org\/index.php?rest_route=%2Fwp%2Fv2%2Fcomments&post=5041"}],"version-history":[{"count":5,"href":"https:\/\/imediata.org\/index.php?rest_route=\/wp\/v2\/posts\/5041\/revisions"}],"predecessor-version":[{"id":5050,"href":"https:\/\/imediata.org\/index.php?rest_route=\/wp\/v2\/posts\/5041\/revisions\/5050"}],"wp:attachment":[{"href":"https:\/\/imediata.org\/index.php?rest_route=%2Fwp%2Fv2%2Fmedia&parent=5041"}],"wp:term":[{"taxonomy":"category","embeddable":true,"href":"https:\/\/imediata.org\/index.php?rest_route=%2Fwp%2Fv2%2Fcategories&post=5041"},{"taxonomy":"post_tag","embeddable":true,"href":"https:\/\/imediata.org\/index.php?rest_route=%2Fwp%2Fv2%2Ftags&post=5041"}],"curies":[{"name":"wp","href":"https:\/\/api.w.org\/{rel}","templated":true}]}}