{"id":5023,"date":"2014-02-16T21:37:27","date_gmt":"2014-02-16T21:37:27","guid":{"rendered":"http:\/\/imediata.org\/?p=5023"},"modified":"2014-02-16T21:38:32","modified_gmt":"2014-02-16T21:38:32","slug":"da-fortaleza-europa-do-capital-ao-gueto-europe-do-desemprego-no-job-land-curta-de-gabriel-pecot-olmo-calvo-e-eva-filgueira","status":"publish","type":"post","link":"https:\/\/imediata.org\/?p=5023","title":{"rendered":">> Da Fortaleza Europa do capital ao Gueto Europa do desemprego &#8211; &#8220;No Job Land&#8221; curta de Gabriel Pecot, Olmo Calvo e Eva Filgueira"},"content":{"rendered":"<p><a href=\"http:\/\/imediata.org\/wp-content\/uploads\/2014\/02\/BgnasmaCYAArUx-.jpg\"><img loading=\"lazy\" decoding=\"async\" src=\"http:\/\/imediata.org\/wp-content\/uploads\/2014\/02\/BgnasmaCYAArUx-.jpg\" alt=\"BgnasmaCYAArUx-\" width=\"599\" height=\"245\" class=\"aligncenter size-full wp-image-5025\" srcset=\"https:\/\/imediata.org\/wp-content\/uploads\/2014\/02\/BgnasmaCYAArUx-.jpg 599w, https:\/\/imediata.org\/wp-content\/uploads\/2014\/02\/BgnasmaCYAArUx--300x122.jpg 300w, https:\/\/imediata.org\/wp-content\/uploads\/2014\/02\/BgnasmaCYAArUx--134x55.jpg 134w\" sizes=\"auto, (max-width: 599px) 100vw, 599px\" \/><\/a><\/p>\n<p><strong>NO JOB LAND<br \/>\nv\u00eddeo-document\u00e1rio de 7 minutos, em espanhol com legendas em ingl\u00eas, sobre os efeitos da &#8220;crise&#8221; econ\u00f4mica e financeira europeia sobre as fam\u00edlias da Espanha.<br \/>\nAutores: Gabriel Pecot, Olmo Calvo e Eva Filgueira<\/strong><\/p>\n<p><iframe loading=\"lazy\" src=\"\/\/player.vimeo.com\/video\/81622508?color=c60651\" width=\"500\" height=\"281\" frameborder=\"0\" webkitallowfullscreen mozallowfullscreen allowfullscreen><\/iframe> <\/p>\n<p><a href=\"http:\/\/vimeo.com\/81622508\">No Job Land<\/a> from <a href=\"http:\/\/vimeo.com\/narratively\">Narratively<\/a> on <a href=\"https:\/\/vimeo.com\">Vimeo<\/a>.<\/p>\n<p><strong>Fonte:<\/strong> <a href=\"http:\/\/narrative.ly\/patchwork-of-poverty\/no-job-land\/\">narrative.ly<\/a><\/p>\n","protected":false},"excerpt":{"rendered":"<p>NO JOB LAND v\u00eddeo-document\u00e1rio de 7 minutos, em espanhol com legendas em ingl\u00eas, sobre os efeitos da &#8220;crise&#8221; econ\u00f4mica e financeira europeia sobre as fam\u00edlias da Espanha. Autores: Gabriel Pecot, Olmo Calvo e Eva Filgueira No Job Land from Narratively on Vimeo. Fonte: narrative.ly<\/p>\n","protected":false},"author":1,"featured_media":0,"comment_status":"open","ping_status":"open","sticky":false,"template":"","format":"standard","meta":{"footnotes":""},"categories":[68,9],"tags":[243,69,1234,15,2819,2820,2822,2821,1567],"class_list":["post-5023","post","type-post","status-publish","format-standard","hentry","category-dossie-queda-da-rua-do-muro","category-lance-de-dados","tag-crise-economica","tag-crise-financeira","tag-espanha","tag-europa","tag-europa-fortaleza-do-capital","tag-europa-gueto-de-desemprego","tag-gabriel-pecot-olmo-calvo-e-eva-filgueira","tag-no-job-land","tag-uniao-europeia"],"_links":{"self":[{"href":"https:\/\/imediata.org\/index.php?rest_route=\/wp\/v2\/posts\/5023","targetHints":{"allow":["GET"]}}],"collection":[{"href":"https:\/\/imediata.org\/index.php?rest_route=\/wp\/v2\/posts"}],"about":[{"href":"https:\/\/imediata.org\/index.php?rest_route=\/wp\/v2\/types\/post"}],"author":[{"embeddable":true,"href":"https:\/\/imediata.org\/index.php?rest_route=\/wp\/v2\/users\/1"}],"replies":[{"embeddable":true,"href":"https:\/\/imediata.org\/index.php?rest_route=%2Fwp%2Fv2%2Fcomments&post=5023"}],"version-history":[{"count":3,"href":"https:\/\/imediata.org\/index.php?rest_route=\/wp\/v2\/posts\/5023\/revisions"}],"predecessor-version":[{"id":5028,"href":"https:\/\/imediata.org\/index.php?rest_route=\/wp\/v2\/posts\/5023\/revisions\/5028"}],"wp:attachment":[{"href":"https:\/\/imediata.org\/index.php?rest_route=%2Fwp%2Fv2%2Fmedia&parent=5023"}],"wp:term":[{"taxonomy":"category","embeddable":true,"href":"https:\/\/imediata.org\/index.php?rest_route=%2Fwp%2Fv2%2Fcategories&post=5023"},{"taxonomy":"post_tag","embeddable":true,"href":"https:\/\/imediata.org\/index.php?rest_route=%2Fwp%2Fv2%2Ftags&post=5023"}],"curies":[{"name":"wp","href":"https:\/\/api.w.org\/{rel}","templated":true}]}}