{"id":5017,"date":"2014-02-16T18:18:33","date_gmt":"2014-02-16T18:18:33","guid":{"rendered":"http:\/\/imediata.org\/?p=5017"},"modified":"2014-02-16T18:18:33","modified_gmt":"2014-02-16T18:18:33","slug":"ideologia-de-genero-5-balcanizacao-da-sexualidade-e-indexacao-de-eros-big-brother-quer-te-conhecer-melhor","status":"publish","type":"post","link":"https:\/\/imediata.org\/?p=5017","title":{"rendered":">> Ideologia de G\u00eanero 5 \u2013 Balcaniza\u00e7\u00e3o da Sexualidade e Indexa\u00e7\u00e3o de Eros \u2013 Big Brother quer te \u201cconhecer\u201d melhor"},"content":{"rendered":"<p><a href=\"http:\/\/imediata.org\/wp-content\/uploads\/2014\/02\/Risiko.jpg\"><img loading=\"lazy\" decoding=\"async\" src=\"http:\/\/imediata.org\/wp-content\/uploads\/2014\/02\/Risiko.jpg\" alt=\"Risiko\" width=\"166\" height=\"200\" class=\"aligncenter size-full wp-image-5019\" srcset=\"https:\/\/imediata.org\/wp-content\/uploads\/2014\/02\/Risiko.jpg 166w, https:\/\/imediata.org\/wp-content\/uploads\/2014\/02\/Risiko-45x55.jpg 45w\" sizes=\"auto, (max-width: 166px) 100vw, 166px\" \/><\/a><\/p>\n<p><strong>Ideologia de G\u00eanero 5 \u2013 Balcaniza\u00e7\u00e3o da Sexualidade e Indexa\u00e7\u00e3o de Eros \u2013 Big Brother quer te \u201cconhecer\u201d melhor<\/p>\n<p>E assim, em nome de um pretenso e c\u00ednico respeito \u00e0 diversidade e de uma suposta e hip\u00f3crita milit\u00e2ncia pela igualdade dos multig\u00eaneros, os usu\u00e1rios do Facebook dos EUA (por enquanto), a partir da \u00faltima quinta-feira, 13 de fevereiro de 2014, podem se identificar, indexar, classificar,  categorizar, \u201cengaiolar\u201d em uma das mais de 50 categorias \u201cdiferenciadoras\u201d do quesito \u201cg\u00eanero\u201d, entre as quais andr\u00f3geno, transexual, cisg\u00eanero, big\u00eanero, ag\u00eanero, etc\u2026<\/p>\n<p>Belo modo de obter dados adicionais dos usu\u00e1rios, n\u00e3o \u00e9? Agora, de suas \u201cgen\u00e9ricas\u201d fantasias.<br \/>\nE fazer passar por respeito \u00e0 diversidade um discriminat\u00f3rio \u2018divide &#038; impera\u2019, atrav\u00e9s de uma mir\u00edade de categorias sexualmente  estanques e compartimentadas  que, na realidade, s\u00e3o um verdadeiro insulto e uma vulgar impostura reducionista ao que cada ser tem de verdadeiramente \u00fanico, singular, especial, inclassific\u00e1vel.<\/p>\n<p>Liberdade de expressar sua identidade?  Isso parece mais um condicionamento compuls\u00f3rio de rotular as fantasias para melhor \u201cconhecer\u201d o usu\u00e1rio e poder, assim,  melhor manipul\u00e1-lo, melhor poder lucrar com ele, seu p\u00fablico-alvo, facilitar a segmenta\u00e7\u00e3o do \u201cmercado da identidade sexual\u201d e reduzir o ser humano a uma sub-sub-categoria de g\u00eanero, fragmentando para melhor vigiar, controlar, dominar&#8230;  Como se a pr\u00f3pria etimologia da palavra SEXO (do s\u00e2nscrito SEK), j\u00e1 n\u00e3o significasse, por si mesma, FRAGMENTAR, SECCIONAR&#8230;<\/p>\n<p>Identifique-se! Identifique-se! Conte-me seus sonhos! D\u00e1-me as senhas de sua fantasia! Revele seus sinais! QUERO ACESSAR SUA ALMA!!! Parece coisa de Z\u00e9 do Caix\u00e3o, celebrando o a$$a$$inato de Eros&#8230;<\/p>\n<p>E parte da galera ainda fica agradecida, gratificada, comovida, dizendo: Pelo menos sei que o FACEBOOK me ama&#8230;<\/p>\n<p>Da\u00ed tem duas op\u00e7\u00f5es&#8230; ou faz o teste de estupidez:<\/p>\n<p><a href=\"http:\/\/imediata.org\/wp-content\/uploads\/2014\/02\/test-de-stupiditc3a9.jpg\"><img loading=\"lazy\" decoding=\"async\" src=\"http:\/\/imediata.org\/wp-content\/uploads\/2014\/02\/test-de-stupiditc3a9.jpg\" alt=\"test-de-stupiditc3a9\" width=\"352\" height=\"352\" class=\"aligncenter size-full wp-image-5020\" srcset=\"https:\/\/imediata.org\/wp-content\/uploads\/2014\/02\/test-de-stupiditc3a9.jpg 352w, https:\/\/imediata.org\/wp-content\/uploads\/2014\/02\/test-de-stupiditc3a9-300x300.jpg 300w, https:\/\/imediata.org\/wp-content\/uploads\/2014\/02\/test-de-stupiditc3a9-55x55.jpg 55w\" sizes=\"auto, (max-width: 352px) 100vw, 352px\" \/><\/a><\/p>\n<p>Ou t\u00e1 na hora de reler o di\u00e1logo entre o LOBO e CHAPEUZINHO VERMELHO&#8230;<\/p>\n<p><a href=\"http:\/\/imediata.org\/wp-content\/uploads\/2014\/02\/Chapeuzinho-Vermelho.0.3.jpg\"><img loading=\"lazy\" decoding=\"async\" src=\"http:\/\/imediata.org\/wp-content\/uploads\/2014\/02\/Chapeuzinho-Vermelho.0.3.jpg\" alt=\"Chapeuzinho-Vermelho.0.3\" width=\"461\" height=\"263\" class=\"aligncenter size-full wp-image-5021\" srcset=\"https:\/\/imediata.org\/wp-content\/uploads\/2014\/02\/Chapeuzinho-Vermelho.0.3.jpg 461w, https:\/\/imediata.org\/wp-content\/uploads\/2014\/02\/Chapeuzinho-Vermelho.0.3-300x171.jpg 300w, https:\/\/imediata.org\/wp-content\/uploads\/2014\/02\/Chapeuzinho-Vermelho.0.3-96x55.jpg 96w\" sizes=\"auto, (max-width: 461px) 100vw, 461px\" \/><\/a><\/p>\n<p>Chegou at\u00e9 a cama e viu que a vov\u00f3 estava mesmo muito doente. Se n\u00e3o fosse a touquinha da vov\u00f3, os \u00f3culos da vov\u00f3, a colcha e a cama da vov\u00f3, ela pensaria que nem era a av\u00f3 dela.<\/p>\n<p>&#8211; Eu trouxe estas flores e os docinhos que a mam\u00e3e preparou. Quero que fique boa logo, vov\u00f3, e volte a ter sua voz de sempre.<\/p>\n<p>&#8211; Obridada, minha netinha (disse o lobo, disfar\u00e7ando a voz de trov\u00e3o).<\/p>\n<p>Chapeuzinho n\u00e3o se conteve de curiosidade, e perguntou:<\/p>\n<p>&#8211; Vov\u00f3, a senhora est\u00e1 t\u00e3o diferente: por que esses olhos t\u00e3o grandes?<\/p>\n<p>&#8211; \u00c9 pr\u00e1 te olhar melhor, minha netinha.<\/p>\n<p>&#8211; Mas, vov\u00f3, por que esse nariz t\u00e3o grande?<\/p>\n<p>&#8211; \u00c9 pr\u00e1 te cheirar melhor, minha netinha.<\/p>\n<p>&#8211; Mas, vov\u00f3, por que essas m\u00e3os t\u00e3o grandes?<\/p>\n<p>&#8211; S\u00e3o para te acariciar melhor, minha netinha.<\/p>\n<p>(A essa altura, o lobo j\u00e1 estava achando a brincadeira sem gra\u00e7a, querendo comer logo sua sobremesa. Aquela menina n\u00e3o parava de perguntar&#8230;)<\/p>\n<p>&#8211; Mas, vov\u00f3, por que essa boca t\u00e3o grande?<\/p>\n<p>&#8211; Quer mesmo saber? \u00c9 pr\u00e1 te comer!!!!<br \/>\n<\/strong><br \/>\nFonte: <a href=\"http:\/\/www.feijo.com\/~flavia\/chapeuzinho.html\">http:\/\/www.feijo.com\/~flavia\/chapeuzinho.html<\/a><\/p>\n","protected":false},"excerpt":{"rendered":"<p>Ideologia de G\u00eanero 5 \u2013 Balcaniza\u00e7\u00e3o da Sexualidade e Indexa\u00e7\u00e3o de Eros \u2013 Big Brother quer te \u201cconhecer\u201d melhor E assim, em nome de um pretenso e c\u00ednico respeito \u00e0 diversidade e de uma suposta e hip\u00f3crita milit\u00e2ncia pela igualdade dos multig\u00eaneros, os usu\u00e1rios do Facebook dos EUA (por enquanto), a partir da \u00faltima quinta-feira, [&hellip;]<\/p>\n","protected":false},"author":1,"featured_media":0,"comment_status":"open","ping_status":"open","sticky":false,"template":"","format":"standard","meta":{"footnotes":""},"categories":[2780,81,82],"tags":[2817,334,2816,2818,551],"class_list":["post-5017","post","type-post","status-publish","format-standard","hentry","category-ideologia-de-genero","category-imediartivismo","category-midia_corporativa","tag-chapeuzinho-vermelho","tag-facebook","tag-ideologia-de-genero-2","tag-segmentacao-do-mercado-de-identidade-sexual","tag-sociedade-do-controle"],"_links":{"self":[{"href":"https:\/\/imediata.org\/index.php?rest_route=\/wp\/v2\/posts\/5017","targetHints":{"allow":["GET"]}}],"collection":[{"href":"https:\/\/imediata.org\/index.php?rest_route=\/wp\/v2\/posts"}],"about":[{"href":"https:\/\/imediata.org\/index.php?rest_route=\/wp\/v2\/types\/post"}],"author":[{"embeddable":true,"href":"https:\/\/imediata.org\/index.php?rest_route=\/wp\/v2\/users\/1"}],"replies":[{"embeddable":true,"href":"https:\/\/imediata.org\/index.php?rest_route=%2Fwp%2Fv2%2Fcomments&post=5017"}],"version-history":[{"count":1,"href":"https:\/\/imediata.org\/index.php?rest_route=\/wp\/v2\/posts\/5017\/revisions"}],"predecessor-version":[{"id":5022,"href":"https:\/\/imediata.org\/index.php?rest_route=\/wp\/v2\/posts\/5017\/revisions\/5022"}],"wp:attachment":[{"href":"https:\/\/imediata.org\/index.php?rest_route=%2Fwp%2Fv2%2Fmedia&parent=5017"}],"wp:term":[{"taxonomy":"category","embeddable":true,"href":"https:\/\/imediata.org\/index.php?rest_route=%2Fwp%2Fv2%2Fcategories&post=5017"},{"taxonomy":"post_tag","embeddable":true,"href":"https:\/\/imediata.org\/index.php?rest_route=%2Fwp%2Fv2%2Ftags&post=5017"}],"curies":[{"name":"wp","href":"https:\/\/api.w.org\/{rel}","templated":true}]}}