{"id":5012,"date":"2014-02-16T17:02:15","date_gmt":"2014-02-16T17:02:15","guid":{"rendered":"http:\/\/imediata.org\/?p=5012"},"modified":"2014-02-16T17:08:03","modified_gmt":"2014-02-16T17:08:03","slug":"the-brusels-business-quem-controla-a-uniao-europeia-documentario-de-friedrich-moser-e-matthieu-lietaert","status":"publish","type":"post","link":"https:\/\/imediata.org\/?p=5012","title":{"rendered":">> THE BRUS$ELS BUSINESS \u2013 Quem controla a Uni\u00e3o Europeia? Document\u00e1rio de Friedrich Moser e Matthieu Lietaert"},"content":{"rendered":"<p><a href=\"http:\/\/imediata.org\/wp-content\/uploads\/2014\/02\/locandina-the-br-bus1.jpg\"><img loading=\"lazy\" decoding=\"async\" src=\"http:\/\/imediata.org\/wp-content\/uploads\/2014\/02\/locandina-the-br-bus1.jpg\" alt=\"locandina-the-br-bus1\" width=\"453\" height=\"640\" class=\"aligncenter size-full wp-image-5014\" srcset=\"https:\/\/imediata.org\/wp-content\/uploads\/2014\/02\/locandina-the-br-bus1.jpg 453w, https:\/\/imediata.org\/wp-content\/uploads\/2014\/02\/locandina-the-br-bus1-212x300.jpg 212w, https:\/\/imediata.org\/wp-content\/uploads\/2014\/02\/locandina-the-br-bus1-38x55.jpg 38w\" sizes=\"auto, (max-width: 453px) 100vw, 453px\" \/><\/a><\/p>\n<p><strong>THE BRUS$ELS BUSINESS \u2013 Quem controla a Uni\u00e3o Europeia? Document\u00e1rio de Friedrich Moser e Matthieu Lietaert<\/p>\n<p>\u201cCada \u00e9poca tem o seu tipo de fascismo: os sinais premonit\u00f3rios podem ser observados em todas as partes onde a concentra\u00e7\u00e3o de poder nega ao cidad\u00e3o a possibilidade e a capacidade de expressar e atuar a sua vontade\u201d.<br \/>\nChega-se a isso de muitos modos, n\u00e3o necessariamente com o terror da intimida\u00e7\u00e3o policial, mas tamb\u00e9m negando ou distorcendo a informa\u00e7\u00e3o, poluindo a justi\u00e7a, paralisando a escola, difundindo de muitas maneiras sutis a nostalgia por um mundo no qual reinava a ordem, e onde a seguran\u00e7a de poucos privilegiados se fundava no trabalho for\u00e7ado e no sil\u00eancio for\u00e7ado de muitos. (Primo Levi, no Corriere dela Sera \u2013 8 de maio de 1974)<\/p>\n<p>Nas palavras de Mauro Miccolis, tradutor das legendas em italiano&#8230;<\/p>\n<p>&#8230; &#8220;O document\u00e1rio torna evidente, inequivocamente, que a Europa, a Uni\u00e3o Europeia, n\u00e3o \u00e9 um projeto pol\u00edtico, mas sobretudo um projeto imposto por uma oligarquia industrial, econ\u00f4mica e financeira. Fica claro como a UE seja uma distopia, parida por mentes doentias, como s\u00f3 a mente de um CEO\/Presidente de uma multinacional pode ser. O document\u00e1rio revela a vis\u00e3o fascista do mundo dessa elite, a ideia est\u00fapida de governar o mundo como se governa uma empresa (o que \u00e9 bom para as grandes empresas \u00e9 bom para todos, dizem esses senhores); ali\u00e1s, pior, de como gostariam de governar uma empresa. Que a Europa, o euro, o liberalismo econ\u00f4mico, o desmantelamento do estado social, n\u00e3o sejam coisas desejadas pelos cidad\u00e3os europeu; creio que, favorecidos pelas trevas dessa crise (fruto do liberalismo) fica evidente para todos; todavia, h\u00e1 ainda uma faixa da popula\u00e7\u00e3o que ainda acredita que haja um projeto pol\u00edtico por tr\u00e1s, e n\u00e3o apenas a \u00fanica, nua e crua gan\u00e2ncia e fome de um cardume de tubar\u00f5es.  Este document\u00e1rio faz entender definitivamente quem manda na Europa, e o que essa gente quer.\u201d&#8230;<br \/>\nFonte: <a href=\"miccolismauro.wordpress.com\">miccolismauro.wordpress.com<\/a><\/p>\n<p>THE BRUS$ELS BUSINESS<br \/>\nEm ingl\u00eas:<br \/>\nTHE BRUSSELS BUSINESS DOCUMENTARY<br \/>\n<iframe loading=\"lazy\" width=\"560\" height=\"315\" src=\"\/\/www.youtube.com\/embed\/0Kngj1K2a_c\" frameborder=\"0\" allowfullscreen><\/iframe><\/p>\n<p>Com legendas em franc\u00eas:<br \/>\nThe Brussels Business<br \/>\n<iframe loading=\"lazy\" width=\"560\" height=\"315\" src=\"\/\/www.youtube.com\/embed\/grU9pcUNoZo\" frameborder=\"0\" allowfullscreen><\/iframe><\/p>\n<p>Com legendas em italiano:<br \/>\nThe Bruseless Business<br \/>\n<iframe loading=\"lazy\" width=\"560\" height=\"315\" src=\"\/\/www.youtube.com\/embed\/nvvtamZIPWQ\" frameborder=\"0\" allowfullscreen><\/iframe><\/p>\n<p>Dublado em alem\u00e3o:<br \/>\nArte+7 &#8211; The Brussels Business<br \/>\n<iframe loading=\"lazy\" width=\"560\" height=\"315\" src=\"\/\/www.youtube.com\/embed\/60xbEoDQ4RM\" frameborder=\"0\" allowfullscreen><\/iframe><\/strong><\/p>\n","protected":false},"excerpt":{"rendered":"<p>THE BRUS$ELS BUSINESS \u2013 Quem controla a Uni\u00e3o Europeia? Document\u00e1rio de Friedrich Moser e Matthieu Lietaert \u201cCada \u00e9poca tem o seu tipo de fascismo: os sinais premonit\u00f3rios podem ser observados em todas as partes onde a concentra\u00e7\u00e3o de poder nega ao cidad\u00e3o a possibilidade e a capacidade de expressar e atuar a sua vontade\u201d. Chega-se [&hellip;]<\/p>\n","protected":false},"author":1,"featured_media":0,"comment_status":"open","ping_status":"open","sticky":false,"template":"","format":"standard","meta":{"footnotes":""},"categories":[68,91,9,78],"tags":[69,15,846,2810,2813,2815,2814,2811,2812,53,2809,1567],"class_list":["post-5012","post","type-post","status-publish","format-standard","hentry","category-dossie-queda-da-rua-do-muro","category-imperio_poder_globalizacao","category-lance-de-dados","category-ovideo","tag-crise-financeira","tag-europa","tag-fascismo","tag-friedrich-moser","tag-golpe-fascista","tag-governar-paises-como-empresas","tag-lobbies-no-comando","tag-matthieu-lietaert","tag-mauro-miccolis","tag-neoliberalismo","tag-the-brusels-business-quem-controla-a-uniao-europeia","tag-uniao-europeia"],"_links":{"self":[{"href":"https:\/\/imediata.org\/index.php?rest_route=\/wp\/v2\/posts\/5012","targetHints":{"allow":["GET"]}}],"collection":[{"href":"https:\/\/imediata.org\/index.php?rest_route=\/wp\/v2\/posts"}],"about":[{"href":"https:\/\/imediata.org\/index.php?rest_route=\/wp\/v2\/types\/post"}],"author":[{"embeddable":true,"href":"https:\/\/imediata.org\/index.php?rest_route=\/wp\/v2\/users\/1"}],"replies":[{"embeddable":true,"href":"https:\/\/imediata.org\/index.php?rest_route=%2Fwp%2Fv2%2Fcomments&post=5012"}],"version-history":[{"count":2,"href":"https:\/\/imediata.org\/index.php?rest_route=\/wp\/v2\/posts\/5012\/revisions"}],"predecessor-version":[{"id":5016,"href":"https:\/\/imediata.org\/index.php?rest_route=\/wp\/v2\/posts\/5012\/revisions\/5016"}],"wp:attachment":[{"href":"https:\/\/imediata.org\/index.php?rest_route=%2Fwp%2Fv2%2Fmedia&parent=5012"}],"wp:term":[{"taxonomy":"category","embeddable":true,"href":"https:\/\/imediata.org\/index.php?rest_route=%2Fwp%2Fv2%2Fcategories&post=5012"},{"taxonomy":"post_tag","embeddable":true,"href":"https:\/\/imediata.org\/index.php?rest_route=%2Fwp%2Fv2%2Ftags&post=5012"}],"curies":[{"name":"wp","href":"https:\/\/api.w.org\/{rel}","templated":true}]}}