{"id":4899,"date":"2014-02-01T23:03:04","date_gmt":"2014-02-01T23:03:04","guid":{"rendered":"http:\/\/imediata.org\/?p=4899"},"modified":"2014-02-01T23:10:35","modified_gmt":"2014-02-01T23:10:35","slug":"amores-insolitos-57-dona-ana-do-eldorado-de-sampa-por-mario-s-mieli","status":"publish","type":"post","link":"https:\/\/imediata.org\/?p=4899","title":{"rendered":">> Amores Ins\u00f3litos 57: Dona Ana do Eldorado de Sampa, por Mario S. Mieli"},"content":{"rendered":"<p><a href=\"http:\/\/imediata.org\/wp-content\/uploads\/2014\/02\/maior-7.jpg\"><img loading=\"lazy\" decoding=\"async\" src=\"http:\/\/imediata.org\/wp-content\/uploads\/2014\/02\/maior-7-300x225.jpg\" alt=\"OLYMPUS DIGITAL CAMERA\" width=\"300\" height=\"225\" class=\"aligncenter size-medium wp-image-4901\" srcset=\"https:\/\/imediata.org\/wp-content\/uploads\/2014\/02\/maior-7-300x225.jpg 300w, https:\/\/imediata.org\/wp-content\/uploads\/2014\/02\/maior-7-73x55.jpg 73w, https:\/\/imediata.org\/wp-content\/uploads\/2014\/02\/maior-7-60x45.jpg 60w, https:\/\/imediata.org\/wp-content\/uploads\/2014\/02\/maior-7.jpg 500w\" sizes=\"auto, (max-width: 300px) 100vw, 300px\" \/><\/a><\/p>\n<p><strong>Dona Ana do Eldorado de Sampa<\/p>\n<p>Mario S. Mieli,<br \/>\nSampa, 9 de 9 de 2002<\/p>\n<p><a href=\"http:\/\/imediata.org\/wp-content\/uploads\/2014\/02\/taxi1.jpg\"><img loading=\"lazy\" decoding=\"async\" src=\"http:\/\/imediata.org\/wp-content\/uploads\/2014\/02\/taxi1-300x225.jpg\" alt=\"taxi1\" width=\"300\" height=\"225\" class=\"aligncenter size-medium wp-image-4902\" srcset=\"https:\/\/imediata.org\/wp-content\/uploads\/2014\/02\/taxi1-300x225.jpg 300w, https:\/\/imediata.org\/wp-content\/uploads\/2014\/02\/taxi1-73x55.jpg 73w, https:\/\/imediata.org\/wp-content\/uploads\/2014\/02\/taxi1-60x45.jpg 60w, https:\/\/imediata.org\/wp-content\/uploads\/2014\/02\/taxi1.jpg 425w\" sizes=\"auto, (max-width: 300px) 100vw, 300px\" \/><\/a><\/p>\n<p>Ela, motorista de t\u00e1xi.<br \/>\nVive de transportar os outros de c\u00e1 pra l\u00e1.<br \/>\nPassageiros de uma zona a outra.<br \/>\nViajantes entre bairros.<br \/>\nCidad\u00e3os de um templo de consumo a outro. O dia inteiro.<br \/>\nSustenta-se com a mobilidade descontrolada<br \/>\nda mega-m\u00faltipla-metr\u00f3polis do Sul do mundo.<br \/>\nAquela Sampa que o hemisf\u00e9rio todo est\u00e1 esperando<br \/>\nque se assuma e se promova<br \/>\nde cidade grande a grande cidade,<br \/>\nmas que, acanhada e<br \/>\ncaipiristica-mente,<br \/>\nrecusa-se a desempenhar a capacidade potencial de<br \/>\nprojetar-se sobre o resto do pa\u00eds e do globo.<br \/>\nContenta-se com imita\u00e7\u00f5es e projetos de<br \/>\nsuper-mega-hiper-shopping-centers<br \/>\nde consumo que acabam fazendo com que se<br \/>\ndevore continuamente a si pr\u00f3pria.<\/p>\n<p>Dona Ana tem seu ponto de t\u00e1xi num desses shoppings. No Eldorado.<\/p>\n<p>\u2013 Mas que demora pra aparecer fregu\u00eas hoje. At\u00e9 que enfim!<\/p>\n<p>\u2013 \u00c9 mesmo? Porque ser\u00e1?<\/p>\n<p>\u2013 Sei l\u00e1. Hoje n\u00e3o devia, \u00e9 segunda. A gente nunca sabe. Ent\u00e3o, pra onde vamos, fregu\u00eas?<\/p>\n<p>\u2013 Pra Gabriel Monteiro, na altura do P\u00e3o de A\u00e7\u00facar.<\/p>\n<p>\u2013 Ainda bem! T\u00e1va pensando\u2026 s\u00f3 faltava o cliente pedir pra ir l\u00e1 pro Tatuap\u00e9\u2026 N\u00e3o que eu n\u00e3o goste de levar o fregu\u00eas pra bem longe. Quanto mais longe melhor, mais eu ganho. Mas \u00e9 que daqui a pouco preciso pegar minha filha l\u00e1 na escola, no Rio Pequeno, e da\u00ed que agora n\u00e3o vai dar pra ir muito longe, mas at\u00e9 a Gabriel\u2026 t\u00e1 perfeito\u2026. Vai dar tempo at\u00e9 de sobra. At\u00e9 de catar umas amorinhas selvagens numa casa que t\u00e1 h\u00e1 muito abandonada, l\u00e1 numa travessinha perto da Estados Unidos e da Groenl\u00e2ndia. O jardim da casa t\u00e1 um matagal, mas tem as amoreiras mais lindas que eu j\u00e1 vi e d\u00e1 chuchu de mont\u00e3o, tamb\u00e9m. Cai tudo pra fora do muro. Uma del\u00edcia de pegar.<\/p>\n<p>(Ainda no estacionamento do megashopping) N\u00e3o d\u00e1 uma pena esse cimento todo pros carros e nenhuma plantinha, nenhuma arvorezinha, nem um pouquinho de verde pra gente e pra \u00e1gua? Nada. Arrancaram tudo que \u00e9 planta e cimentaram a \u00e1rea toda. Por isso alaga quando chove. Alaga tudo. A \u00e1gua n\u00e3o tem pra onde infiltrar. Em cada vaga do estacionamento deviam plantar uma \u00e1rvore. Bem a\u00ed, entre uma fileira e outra. E ainda por cima deviam botar uma plaquinha de identifica\u00e7\u00e3o pro povo voltar a aprender o nome das \u00e1rvores, o nome das plantas. J\u00e1 pensou se em vez do sujeito se perguntar: \u2013 Na fileira de que setor parei o meu carro, no B5 ou no D4?, se perguntasse: \u2013 Meu carro est\u00e1 na ala das figueiras ou na ala das mangueiras? N\u00e3o, estacionei embaixo dos pinheiros\u2026 dos cajuzeiros, perto das jacas.<\/p>\n<p>(J\u00e1 na sa\u00edda do terreno cimentado, enquanto a voz gravada da m\u00e1quina engole-cart\u00e3o agradece o cliente por ter vindo ao Eldorado e declara esperar rev\u00ea-lo em breve) T\u00e1 vendo essa pitangueira a\u00ed na cal\u00e7ada, bem em frente dessa casa de muro alto e branco? Fui eu que plantei, faz tantos anos que nem te conto. T\u00e1 ainda a\u00ed. E vira-e-mexe pego as pitangas dela pra comer enquanto dirijo. Mas guardo sempre as sementes todas. Tem semente dessa \u00e1rvore que eu espalhei pela cidade inteira. E vingou quase tudo. Cresceram que t\u00e1 uma beleza. At\u00e9 na Brasil perto da Rebou\u00e7as, atr\u00e1s do Ibirapuera e no Morumbi tamb\u00e9m. O povo passa e nem sabe o que \u00e9, quem plantou. Mas sempre que passo dou uma olhada para ver se elas est\u00e3o crescendo bem e se ainda est\u00e3o dando frutas.<\/p>\n<p>(Na esquina da Faria Lima com a Rebou\u00e7as) Mas olha s\u00f3 que nojeira t\u00e1 essa cidade agora, em plena campanha eleitoral, t\u00e1 tudo ainda mais sujo. \u00c9 uma tristeza, uma imundice. Olha s\u00f3 essas faixas, que desgosto. Esses cartazes. Como emporcalham a cidade inteira. Escondem tudo o que \u00e9 \u00e1rvore. \u00c1rvore \u00e9 pra dar fruta. Pra dar sombra. Pra dar oxig\u00eanio e drenar \u00e1gua. Al\u00e9m de ser uma beleza. N\u00e3o pra ser usada de suporte pra material de campanha eleitoral, pra afixar a cara de safado desses candidatos. \u00c9 uma vergonha! Mas t\u00e1 vendo aquela palmeira l\u00e1 \u00e0 direita, que linda? Olha s\u00f3 os cachos de sementes que ela tem. Peguei dessas sementes pra plantar l\u00e1 em casa faz j\u00e1 um tempinho. Voc\u00ea precisa ver s\u00f3, j\u00e1 t\u00e1 bem mais alta do que o meu carro. T\u00e1 ficando linda. Se ela ficar bonita como a m\u00e3e\u2026 N\u00e3o sei porque, mas acho que nesse bairro, essa palmeira \u00e9 a mais bonita. Pelo menos pro meu gosto. N\u00e3o \u00e9 a mais alta, n\u00e3o \u00e9 a mais frondosa, mas \u00e9 a que eu gosto mais. Por isso peguei sementes dela pra plantar no jardim de casa. Antigamente tinha muitas outras espalhadas por aqui, mas quando reformam as casas ou constr\u00f3em esses pr\u00e9dios todos, l\u00e1 se v\u00e3o as palmeiras, as bananeiras, as figueiras. E quando muito botam uma graminha vagabunda no lugar e algumas plantinhas decorativas\u2026 como \u00e9 que chamam elas mesmo? Ornamentais, \u00e9\u2026 tudo plantinha ornamental\u2026<\/p>\n<p>Sabe fregu\u00eas, gosto de todas as \u00e1rvores, mas especialmente das frut\u00edferas. <\/p>\n<p>Faltam frut\u00edferas!!!<\/p>\n<p>T\u00e1 certo que tem mais do que a gente pensa, mas mesmo assim faltam frut\u00edferas!!!<\/p>\n<p><a href=\"http:\/\/imediata.org\/wp-content\/uploads\/2014\/02\/img-jardim-das-frutiferas.jpg\"><img loading=\"lazy\" decoding=\"async\" src=\"http:\/\/imediata.org\/wp-content\/uploads\/2014\/02\/img-jardim-das-frutiferas-300x200.jpg\" alt=\"img-jardim-das-frutiferas\" width=\"300\" height=\"200\" class=\"aligncenter size-medium wp-image-4908\" srcset=\"https:\/\/imediata.org\/wp-content\/uploads\/2014\/02\/img-jardim-das-frutiferas-300x200.jpg 300w, https:\/\/imediata.org\/wp-content\/uploads\/2014\/02\/img-jardim-das-frutiferas-82x55.jpg 82w, https:\/\/imediata.org\/wp-content\/uploads\/2014\/02\/img-jardim-das-frutiferas.jpg 369w\" sizes=\"auto, (max-width: 300px) 100vw, 300px\" \/><\/a><\/p>\n<p>\u00c9 que o povo n\u00e3o conhece nem reconhece mais nada. Acha que fruta nasce em f\u00e1brica e cresce no saquinho do supermercado. Ningu\u00e9m sabe mais que planta \u00e9, que fruta d\u00e1. Mas eu tento cuidar quando passo, como posso. E planto onde posso, tamb\u00e9m. Por onde quer que eu passe. Quando n\u00e3o d\u00e1 pra parar o carro, atiro as sementes na terra dos canteiros. \u00c0s vezes os fregueses acham esquisito. Acham que sou louca. Mas n\u00e3o ligo. Atiro sem parar. Sementes. Planto em tudo que \u00e9 lugar. Na cidade inteira.<\/p>\n<p>(Enquanto falava desenvolta, s\u00e1bia e apaixonada, Dona Ana, ex\u00edmia motorista, controlava a presen\u00e7a de todas as suas \u00e1rvores amigas em nosso percurso, perscrutando todos os canteiros e quintais e jardins do caminho. Seu olhar se tornava ansioso quando um caminh\u00e3o lhe ocultava a vis\u00e3o de algumas das plantas, aflito quando dava pela falta de algum chor\u00e3o removido pela prefeitura, esperan\u00e7oso quando via que o projeto paisag\u00edstico de algum novo showroom ou loja tinha tido a presen\u00e7a de esp\u00edrito de manter em vida os esp\u00e9cimes mais preciosos daquele terreno, ou perigosamente subversivo ao pressentir o infinito prazer vindouro do reapropriar-se de alguns dos espa\u00e7os invadidos para uma nova vit\u00f3ria quotidiana da vida, alguma ulterior reconquista sub-rept\u00edcia, subterr\u00e2nea e articulada do reino vegetal.)  <\/p>\n<p>Tax\u00edmetros e sementes.<br \/>\nCorridas e germina\u00e7\u00e3o.<br \/>\nPitangas e buzinas.<br \/>\nTrocos e troncos.<br \/>\nRa\u00edzes profundas no meio do tr\u00e2nsito em tr\u00e2nsito.<\/p>\n<p>Ainda h\u00e1 focos de ousadia.<br \/>\nUma mulher que ainda \u00e9 motorista de t\u00e1xi numa das cidades mais violentas e intimidantes do mundo.<\/p>\n<p>Ainda h\u00e1 amea\u00e7as de resist\u00eancia.<br \/>\nAl\u00e9m de dirigir, a mulher arrega\u00e7a as mangas e promove a escalada da cria\u00e7\u00e3o entre as brechas do asfalto est\u00e9ril.<\/p>\n<p>Ainda h\u00e1 surtos de coragem.<br \/>\nQuando se quebra o cord\u00e3o de isolamento mental e se finca a vida entre as c\u00e1ries do ch\u00e3o.<\/p>\n<p>Ainda h\u00e1 perigo de poesia.<br \/>\nQuando o pr\u00f3prio ponto no Eldorado n\u00e3o passa de um piv\u00f4 para se estar do lado da cria\u00e7\u00e3o.<\/p>\n<p>A viagem terminou.<br \/>\nMas junto com o trocado<br \/>\nda corrida veio a fa\u00edsca de transcend\u00eancia,<br \/>\na perspectiva de subvers\u00e3o,<br \/>\na expectativa de rebenta\u00e7\u00e3o<br \/>\na certeza de que a viagem n\u00e3o termina nunca<br \/>\ne que a reden\u00e7\u00e3o \u00e9 sempre s\u00f3 a curto prazo.<br \/>\nA salva\u00e7\u00e3o dura apenas enquanto se espalham sementes, amparando a vida e emanando os verdadeiros Eldorados de uma breve exist\u00eancia\u2026 simplesmente\u2026 frut\u00edfera.<br \/>\n<\/strong><\/p>\n<p><a href=\"http:\/\/imediata.org\/wp-content\/uploads\/2014\/02\/taximetros1.jpg\"><img loading=\"lazy\" decoding=\"async\" src=\"http:\/\/imediata.org\/wp-content\/uploads\/2014\/02\/taximetros1-300x224.jpg\" alt=\"taximetros1\" width=\"300\" height=\"224\" class=\"aligncenter size-medium wp-image-4903\" srcset=\"https:\/\/imediata.org\/wp-content\/uploads\/2014\/02\/taximetros1-300x224.jpg 300w, https:\/\/imediata.org\/wp-content\/uploads\/2014\/02\/taximetros1-73x55.jpg 73w, https:\/\/imediata.org\/wp-content\/uploads\/2014\/02\/taximetros1-60x45.jpg 60w, https:\/\/imediata.org\/wp-content\/uploads\/2014\/02\/taximetros1.jpg 620w\" sizes=\"auto, (max-width: 300px) 100vw, 300px\" \/><\/a><\/p>\n<p><a href=\"http:\/\/imediata.org\/wp-content\/uploads\/2014\/02\/11.jpg\"><img loading=\"lazy\" decoding=\"async\" src=\"http:\/\/imediata.org\/wp-content\/uploads\/2014\/02\/11-300x207.jpg\" alt=\"11\" width=\"300\" height=\"207\" class=\"aligncenter size-medium wp-image-4904\" srcset=\"https:\/\/imediata.org\/wp-content\/uploads\/2014\/02\/11-300x207.jpg 300w, https:\/\/imediata.org\/wp-content\/uploads\/2014\/02\/11-79x55.jpg 79w, https:\/\/imediata.org\/wp-content\/uploads\/2014\/02\/11.jpg 655w\" sizes=\"auto, (max-width: 300px) 100vw, 300px\" \/><\/a><\/p>\n","protected":false},"excerpt":{"rendered":"<p>Dona Ana do Eldorado de Sampa Mario S. Mieli, Sampa, 9 de 9 de 2002 Ela, motorista de t\u00e1xi. Vive de transportar os outros de c\u00e1 pra l\u00e1. Passageiros de uma zona a outra. Viajantes entre bairros. Cidad\u00e3os de um templo de consumo a outro. O dia inteiro. Sustenta-se com a mobilidade descontrolada da mega-m\u00faltipla-metr\u00f3polis [&hellip;]<\/p>\n","protected":false},"author":1,"featured_media":0,"comment_status":"open","ping_status":"open","sticky":false,"template":"","format":"standard","meta":{"footnotes":""},"categories":[98,8,2182,5,9],"tags":[2736,2735,95,379,2737],"class_list":["post-4899","post","type-post","status-publish","format-standard","hentry","category-amores-insolitos-6","category-anarcom","category-arregacando-as-mangas","category-biodiversidade-imediata","category-lance-de-dados","tag-amor-pelas-sementes","tag-dona-ana-do-eldorado-de-sampa","tag-mario-s-mieli","tag-sao-paulo","tag-semear"],"_links":{"self":[{"href":"https:\/\/imediata.org\/index.php?rest_route=\/wp\/v2\/posts\/4899","targetHints":{"allow":["GET"]}}],"collection":[{"href":"https:\/\/imediata.org\/index.php?rest_route=\/wp\/v2\/posts"}],"about":[{"href":"https:\/\/imediata.org\/index.php?rest_route=\/wp\/v2\/types\/post"}],"author":[{"embeddable":true,"href":"https:\/\/imediata.org\/index.php?rest_route=\/wp\/v2\/users\/1"}],"replies":[{"embeddable":true,"href":"https:\/\/imediata.org\/index.php?rest_route=%2Fwp%2Fv2%2Fcomments&post=4899"}],"version-history":[{"count":3,"href":"https:\/\/imediata.org\/index.php?rest_route=\/wp\/v2\/posts\/4899\/revisions"}],"predecessor-version":[{"id":4909,"href":"https:\/\/imediata.org\/index.php?rest_route=\/wp\/v2\/posts\/4899\/revisions\/4909"}],"wp:attachment":[{"href":"https:\/\/imediata.org\/index.php?rest_route=%2Fwp%2Fv2%2Fmedia&parent=4899"}],"wp:term":[{"taxonomy":"category","embeddable":true,"href":"https:\/\/imediata.org\/index.php?rest_route=%2Fwp%2Fv2%2Fcategories&post=4899"},{"taxonomy":"post_tag","embeddable":true,"href":"https:\/\/imediata.org\/index.php?rest_route=%2Fwp%2Fv2%2Ftags&post=4899"}],"curies":[{"name":"wp","href":"https:\/\/api.w.org\/{rel}","templated":true}]}}