{"id":4842,"date":"2014-01-22T21:17:06","date_gmt":"2014-01-22T21:17:06","guid":{"rendered":"http:\/\/imediata.org\/?p=4842"},"modified":"2014-01-24T23:21:45","modified_gmt":"2014-01-24T23:21:45","slug":"iii-conexoes-globais-2014-21-a-26-de-janeiro-porto-alegre-forum-social-tematico","status":"publish","type":"post","link":"https:\/\/imediata.org\/?p=4842","title":{"rendered":">> III Conex\u00f5es Globais &#8211; 2014 &#8211; 21 a 26 de janeiro &#8211; Porto Alegre + F\u00f3rum Social Tem\u00e1tico"},"content":{"rendered":"<p><a href=\"http:\/\/imediata.org\/wp-content\/uploads\/2014\/01\/III-Conex\u00f5es-Globais.jpg\"><img loading=\"lazy\" decoding=\"async\" src=\"http:\/\/imediata.org\/wp-content\/uploads\/2014\/01\/III-Conex\u00f5es-Globais.jpg\" alt=\"III Conex\u00f5es Globais\" width=\"320\" height=\"180\" class=\"aligncenter size-full wp-image-4846\" srcset=\"https:\/\/imediata.org\/wp-content\/uploads\/2014\/01\/III-Conex\u00f5es-Globais.jpg 320w, https:\/\/imediata.org\/wp-content\/uploads\/2014\/01\/III-Conex\u00f5es-Globais-300x168.jpg 300w, https:\/\/imediata.org\/wp-content\/uploads\/2014\/01\/III-Conex\u00f5es-Globais-97x55.jpg 97w\" sizes=\"auto, (max-width: 320px) 100vw, 320px\" \/><\/a><\/p>\n<p>III Conex\u00f5es Globais &#8211; 2014 &#8211; 21 a 26 de janeiro &#8211; Porto Alegre<\/p>\n<p>Teaser &#8211; Participe do III Conex\u00f5es Globais!<br \/>\n<iframe loading=\"lazy\" width=\"560\" height=\"315\" src=\"\/\/www.youtube.com\/embed\/BOp4q5FCVso\" frameborder=\"0\" allowfullscreen><\/iframe><\/p>\n<p>O III Conex\u00f5es Globais vai trazer a efervesc\u00eancia das ruas para a Casa de Cultura Mario Quintana, Porto Alegre, durante o #FST2014. 24 e 25 de janeiro. Participe! <\/p>\n<p><a href=\"http:\/\/www.conexoesglobais.com.br\/\">http:\/\/www.conexoesglobais.com.br\/<\/a><\/p>\n<p>O Conex\u00f5es Globais 2014 j\u00e1 est\u00e1 batendo \u00e0 porta \u2013 e quem n\u00e3o puder estar presente na CCMQ nos dias 24 e 25 de janeiro vai ter a chance de assistir aos Di\u00e1logos Globais e shows ao vivo pela internet. Todos est\u00e3o convidad@s a acompanhar nossa transmiss\u00e3o<\/p>\n<p>O streaming do #ConexoesGlobais estar\u00e1 dispon\u00edvel na sexta-feira (24) e no s\u00e1bado (25) entre 14h e 22h. Midialivristas ser\u00e3o muito bem-vindos na cobertura colaborativa do evento, multiplicando os olhares e leituras sobre o Conex\u00f5es2014. Fique ligad@ na programa\u00e7\u00e3o e se agende para muito debate, m\u00fasica e constru\u00e7\u00e3o de conhecimento \u2013 seja presencialmente ou em rede!<\/p>\n<p>Canal em Portugu\u00eas, com tradu\u00e7\u00e3o simult\u00e2nea<br \/>\n<iframe loading=\"lazy\" width=\"512\" height=\"384\" frameborder=\"0\" id=\"ifPlayer\" name=\"ifPlayer\" src=\"http:\/\/www.z1on.com\/player\/4300\/?src=iframe\"><\/iframe><\/p>\n<p>Canal sem tradu\u00e7\u00e3o simult\u00e2nea<br \/>\n<iframe loading=\"lazy\" width=\"512\" height=\"384\" frameborder=\"0\" id=\"ifPlayer\" name=\"ifPlayer\" src=\"http:\/\/www.z1on.com\/player\/1614\/?src=iframe\"><\/iframe><\/p>\n<p><a href=\"http:\/\/imediata.org\/wp-content\/uploads\/2014\/01\/fst.jpg\"><img loading=\"lazy\" decoding=\"async\" src=\"http:\/\/imediata.org\/wp-content\/uploads\/2014\/01\/fst.jpg\" alt=\"fst\" width=\"180\" height=\"230\" class=\"aligncenter size-full wp-image-4847\" srcset=\"https:\/\/imediata.org\/wp-content\/uploads\/2014\/01\/fst.jpg 180w, https:\/\/imediata.org\/wp-content\/uploads\/2014\/01\/fst-43x55.jpg 43w\" sizes=\"auto, (max-width: 180px) 100vw, 180px\" \/><\/a><\/p>\n<p>aqui: <a href=\"http:\/\/www.forumsocialportoalegre.org.br\/index.php?link=23\">http:\/\/www.forumsocialportoalegre.org.br\/index.php?link=23<\/a><\/p>\n<p>F\u00f3rum Mundial da M\u00eddia Livre, aqui:<br \/>\n<a href=\"http:\/\/canalpostv.blogspot.com.br\/\">http:\/\/canalpostv.blogspot.com.br\/<\/a><\/p>\n","protected":false},"excerpt":{"rendered":"<p>III Conex\u00f5es Globais &#8211; 2014 &#8211; 21 a 26 de janeiro &#8211; Porto Alegre Teaser &#8211; Participe do III Conex\u00f5es Globais! O III Conex\u00f5es Globais vai trazer a efervesc\u00eancia das ruas para a Casa de Cultura Mario Quintana, Porto Alegre, durante o #FST2014. 24 e 25 de janeiro. Participe! http:\/\/www.conexoesglobais.com.br\/ O Conex\u00f5es Globais 2014 j\u00e1 [&hellip;]<\/p>\n","protected":false},"author":1,"featured_media":0,"comment_status":"open","ping_status":"open","sticky":false,"template":"","format":"standard","meta":{"footnotes":""},"categories":[8,83,81,9],"tags":[2719,2702,2701,2703],"class_list":["post-4842","post","type-post","status-publish","format-standard","hentry","category-anarcom","category-hackerismo","category-imediartivismo","category-lance-de-dados","tag-forum-mundial-a-midia-livre","tag-forum-social-tematico","tag-iii-conexoes-globais","tag-porto-alegre-21-26-2014"],"_links":{"self":[{"href":"https:\/\/imediata.org\/index.php?rest_route=\/wp\/v2\/posts\/4842","targetHints":{"allow":["GET"]}}],"collection":[{"href":"https:\/\/imediata.org\/index.php?rest_route=\/wp\/v2\/posts"}],"about":[{"href":"https:\/\/imediata.org\/index.php?rest_route=\/wp\/v2\/types\/post"}],"author":[{"embeddable":true,"href":"https:\/\/imediata.org\/index.php?rest_route=\/wp\/v2\/users\/1"}],"replies":[{"embeddable":true,"href":"https:\/\/imediata.org\/index.php?rest_route=%2Fwp%2Fv2%2Fcomments&post=4842"}],"version-history":[{"count":4,"href":"https:\/\/imediata.org\/index.php?rest_route=\/wp\/v2\/posts\/4842\/revisions"}],"predecessor-version":[{"id":4875,"href":"https:\/\/imediata.org\/index.php?rest_route=\/wp\/v2\/posts\/4842\/revisions\/4875"}],"wp:attachment":[{"href":"https:\/\/imediata.org\/index.php?rest_route=%2Fwp%2Fv2%2Fmedia&parent=4842"}],"wp:term":[{"taxonomy":"category","embeddable":true,"href":"https:\/\/imediata.org\/index.php?rest_route=%2Fwp%2Fv2%2Fcategories&post=4842"},{"taxonomy":"post_tag","embeddable":true,"href":"https:\/\/imediata.org\/index.php?rest_route=%2Fwp%2Fv2%2Ftags&post=4842"}],"curies":[{"name":"wp","href":"https:\/\/api.w.org\/{rel}","templated":true}]}}