{"id":4827,"date":"2014-01-21T00:07:37","date_gmt":"2014-01-21T00:07:37","guid":{"rendered":"http:\/\/imediata.org\/?p=4827"},"modified":"2014-01-21T00:20:47","modified_gmt":"2014-01-21T00:20:47","slug":"imundo-14-a-pior-das-escravidoes-por-gianni-tirelli","status":"publish","type":"post","link":"https:\/\/imediata.org\/?p=4827","title":{"rendered":">> iMundo 14: A pior das escravid\u00f5es, por Gianni Tirelli"},"content":{"rendered":"<p><a href=\"http:\/\/imediata.org\/wp-content\/uploads\/2014\/01\/LIXO-MARGEM-ESTRADA-2002-01.jpg\"><img loading=\"lazy\" decoding=\"async\" src=\"http:\/\/imediata.org\/wp-content\/uploads\/2014\/01\/LIXO-MARGEM-ESTRADA-2002-01.jpg\" alt=\"LIXO MARGEM ESTRADA 2002-01\" width=\"400\" height=\"300\" class=\"aligncenter size-full wp-image-4829\" srcset=\"https:\/\/imediata.org\/wp-content\/uploads\/2014\/01\/LIXO-MARGEM-ESTRADA-2002-01.jpg 400w, https:\/\/imediata.org\/wp-content\/uploads\/2014\/01\/LIXO-MARGEM-ESTRADA-2002-01-300x225.jpg 300w, https:\/\/imediata.org\/wp-content\/uploads\/2014\/01\/LIXO-MARGEM-ESTRADA-2002-01-73x55.jpg 73w, https:\/\/imediata.org\/wp-content\/uploads\/2014\/01\/LIXO-MARGEM-ESTRADA-2002-01-60x45.jpg 60w\" sizes=\"auto, (max-width: 400px) 100vw, 400px\" \/><\/a><\/p>\n<p><strong>A pior das escravid\u00f5es<\/p>\n<p>Por: Gianni Tirelli<br \/>\nFonte: <a href=\"http:\/\/www.oltrelacoltre.com\/?p=17782\">oltrelacoltre<\/a><br \/>\nTradu\u00e7\u00e3o: Mario S. Mieli<\/p>\n<p>Podemos n\u00e3o nos dar conta do ar, mas n\u00e3o podemos negar a sua fun\u00e7\u00e3o vital \u2013 e isso vale para Deus. Se renunciamos ao ar, renunciamos a Deus e a toda possibilidade de salva\u00e7\u00e3o. Esse mecanismo l\u00f3gico e perfeito, encarna toda forma de vida, e produz, \u00e0 base de nossos atos, a altern\u00e2ncia entre a alegria e a dor. Negar Deus subentende negar a raz\u00e3o, evitando, assim, toda interpreta\u00e7\u00e3o do mal e do bem.  Hoje nos foi tirado todo personalismo, vontade, par\u00e2metro e julgamento cr\u00edtico. Como poder\u00edamos distinguir o justo do in\u00edquo e a beleza do horror? Assim o relativismo impera e dita lei. <\/p>\n<p><a href=\"http:\/\/imediata.org\/wp-content\/uploads\/2014\/01\/latoes_lixo.jpg\"><img loading=\"lazy\" decoding=\"async\" src=\"http:\/\/imediata.org\/wp-content\/uploads\/2014\/01\/latoes_lixo.jpg\" alt=\"latoes_lixo\" width=\"669\" height=\"502\" class=\"aligncenter size-full wp-image-4830\" srcset=\"https:\/\/imediata.org\/wp-content\/uploads\/2014\/01\/latoes_lixo.jpg 669w, https:\/\/imediata.org\/wp-content\/uploads\/2014\/01\/latoes_lixo-300x225.jpg 300w, https:\/\/imediata.org\/wp-content\/uploads\/2014\/01\/latoes_lixo-73x55.jpg 73w, https:\/\/imediata.org\/wp-content\/uploads\/2014\/01\/latoes_lixo-60x45.jpg 60w\" sizes=\"auto, (max-width: 669px) 100vw, 669px\" \/><\/a><\/p>\n<p>\u00c9 DESSE MODO QUE SE CONTROLAM AS MASSAS, TIRANDO DELAS OS PAR\u00c2METROS DE REFER\u00caNCIA, DE JULGAMENTO CR\u00cdTICO E DE COMPARA\u00c7\u00c3O. Se n\u00f3s todos aceitamos, de fato, que o nosso habitat seja sistematicamente devastado pelo lixo e pelos res\u00edduos t\u00f3xicos poluidores, que comprometem a qualidade de vida, a sa\u00fade e o futuro dos cidad\u00e3os, reduzindo tudo a um \u201cefeito colateral do bem estar e do progresso\u201d, da\u00ed n\u00e3o fica  dif\u00edcil duvidar da exist\u00eancia de Deus, em prol daquela do Diabo. A obra de pl\u00e1gio midi\u00e1tica cancelou todo individualismo e o pensamento \u00fanico homologador se imp\u00f4s ao instinto primordial e \u00e0 capacidade de observa\u00e7\u00e3o e de discernimento. Dessa forma nos atemos \u00e0s indica\u00e7\u00f5es de um manualzinho de instru\u00e7\u00f5es que o pr\u00f3prio Sistema Besta nos entrega no dia em que nascemos. Em poucas palavras, o homem foi para sempre privado de consci\u00eancia, transfigurando, assim, o significado de exist\u00eancia em um espec\u00edfico estado vegetativo. Hoje, a ci\u00eancia moderna, \u00e1rida e oportunista, sujeitada ao Poder econ\u00f4mico, livrou-se da espiritualidade, considerando-a um pr\u00f3prio e verdadeiro impedimento ao seu plano de homologa\u00e7\u00e3o dos indiv\u00edduos que, na pr\u00e1tica da coer\u00eancia dos valores, princ\u00edpios e deveres, frustravam o com\u00e9rcio do ef\u00eamero e do il\u00edcito. O sentimento de culpa que intervinha nas escolhas e os comportamentos, limitando as degenera\u00e7\u00f5es, foi miseramente minado e substitu\u00eddo pelo \u201ctudo \u00e9 relativo\u201d, como o novo slogan do Sistema poder, entronizado como dogma absoluto e irrenunci\u00e1vel das sociedades consumistas ocidentais. As gran\u00edticas e imperec\u00edveis digas da \u00e9tica se esmigalharam sob a imponente press\u00e3o do liberalismo relativista\/consumista. Os princ\u00edpios \u00e9ticos, reguladores e sentinelas dos comportamentos humanos foram removidos para sempre e v\u00edcio, pervers\u00e3o e medo os substitu\u00edram. O mal, antigamente reconhec\u00edvel e atribu\u00edvel, assumiu os tra\u00e7os da normalidade, expropriando o esp\u00edrito do homem e privando-o, assim, da consci\u00eancia, do discernimento e da dignidade.  <\/p>\n<p>Na verdade, n\u00e3o sabemos mais distinguir o mal do maligno, a liberdade da licen\u00e7a, a esperteza da intelig\u00eancia, a verdade da mentira e o progresso da cat\u00e1strofe ambiental. Essa nossa \u00e9 a pior das escravid\u00f5es. Somos prisioneiros, constrangidos dentro da gaiola invis\u00edvel da homologa\u00e7\u00e3o e de um persistente desconforto ps\u00edquico\/existencial, oprimidos pela ditadura de uma liberdade ef\u00eamera e pela ilus\u00e3o induzida pelo Sistema Relativista de nos considerarmos como tal. Todos os outros adjetivos que poder\u00edamos colocar ao lado do termo \u201crelativismo\u201d, com a inten\u00e7\u00e3o de refor\u00e7ar o seu significado etimol\u00f3gico, na realidade, o mortificariam, pois ele mesmo (o relativismo) \u00e9 uma condi\u00e7\u00e3o fora de toda  objetiva compreens\u00e3o humana, e o mais terr\u00edvel ausp\u00edcio.<br \/>\nDe fato, dentro de n\u00f3s, n\u00e3o vibra mais nenhuma corda e cada movimento da mar\u00e9 se apagou, esmagado pelo achatamento descendente de todo o nosso personalismo, julgamento cr\u00edtico e gesto revolucion\u00e1rio. Nem mesmo sob o pior dos regimes tinha sido jamais produzida uma tal massifica\u00e7\u00e3o das consci\u00eancias e uma t\u00e3o alta percep\u00e7\u00e3o do medo, em todas as suas formas psic\u00f3ticas, hipocondr\u00edacas, de densidade e de contamina\u00e7\u00f5es.<\/p>\n<p> <a href=\"http:\/\/imediata.org\/wp-content\/uploads\/2014\/01\/1369836713toneladas-de-lixo-em-locais-inadequados.jpg\"><img loading=\"lazy\" decoding=\"async\" src=\"http:\/\/imediata.org\/wp-content\/uploads\/2014\/01\/1369836713toneladas-de-lixo-em-locais-inadequados.jpg\" alt=\"1369836713toneladas-de-lixo-em-locais-inadequados\" width=\"640\" height=\"369\" class=\"aligncenter size-full wp-image-4831\" srcset=\"https:\/\/imediata.org\/wp-content\/uploads\/2014\/01\/1369836713toneladas-de-lixo-em-locais-inadequados.jpg 640w, https:\/\/imediata.org\/wp-content\/uploads\/2014\/01\/1369836713toneladas-de-lixo-em-locais-inadequados-300x172.jpg 300w, https:\/\/imediata.org\/wp-content\/uploads\/2014\/01\/1369836713toneladas-de-lixo-em-locais-inadequados-95x55.jpg 95w\" sizes=\"auto, (max-width: 640px) 100vw, 640px\" \/><\/a><\/p>\n<p>Os indiv\u00edduos androidizados das sociedades ocidentais interpretam o conhecimento do passado como incapaz de atingir uma realidade objetiva e absoluta. Afirmo isso tendo como base uma atenciosa e desencantada observa\u00e7\u00e3o de seus comportamentos, racioc\u00ednios, convencimentos e, enfim, analisando os efeitos de suas escolhas na realidade presente. Assim, a ilegalidade tornou-se regra e os \u00f3rg\u00e3os respons\u00e1veis por contrast\u00e1-la s\u00e3o de tal modo podres e corruptos que chamar as nossas sociedade de civis \u00e9 um ox\u00edmoro. O ox\u00edmoro, parido em quantidade industrial pelo moderno Sistema liberticida, \u00e9 o germe mal\u00e9fico do relativismo.<\/p>\n<p>Portanto, a locu\u00e7\u00e3o \u201ccerteza cient\u00edfica\u201d descreve com efic\u00e1cia o contraste l\u00f3gico de uma tal afirma\u00e7\u00e3o, codificando-a, acertadamente, entre a categoria sem limites dos modernos e catastr\u00f3ficos ox\u00edmoros, hoje adotados em massa nas regras comportamentais, de modo a ter promovido a muta\u00e7\u00e3o da liberdade em licen\u00e7a e a realidade em um exerc\u00edcio compulsivo voltado \u00e0 satisfa\u00e7\u00e3o de toda pervers\u00e3o e depend\u00eancia.<br \/>\n<\/strong><\/p>\n<p><a href=\"http:\/\/imediata.org\/wp-content\/uploads\/2014\/01\/lixo-das-sombras.gif\"><img loading=\"lazy\" decoding=\"async\" src=\"http:\/\/imediata.org\/wp-content\/uploads\/2014\/01\/lixo-das-sombras.gif\" alt=\"lixo das sombras\" width=\"310\" height=\"307\" class=\"aligncenter size-full wp-image-4832\" \/><\/a><\/p>\n","protected":false},"excerpt":{"rendered":"<p>A pior das escravid\u00f5es Por: Gianni Tirelli Fonte: oltrelacoltre Tradu\u00e7\u00e3o: Mario S. Mieli Podemos n\u00e3o nos dar conta do ar, mas n\u00e3o podemos negar a sua fun\u00e7\u00e3o vital \u2013 e isso vale para Deus. Se renunciamos ao ar, renunciamos a Deus e a toda possibilidade de salva\u00e7\u00e3o. Esse mecanismo l\u00f3gico e perfeito, encarna toda forma [&hellip;]<\/p>\n","protected":false},"author":1,"featured_media":0,"comment_status":"open","ping_status":"open","sticky":false,"template":"","format":"standard","meta":{"footnotes":""},"categories":[5,2256,9],"tags":[2683,2691,2692,2686,1307,2684,2687,2688,95,2689,2690,2685],"class_list":["post-4827","post","type-post","status-publish","format-standard","hentry","category-biodiversidade-imediata","category-imundo","category-lance-de-dados","tag-a-pior-das-escravidoes","tag-ciencia-oportunista","tag-controle-das-massas","tag-falta-de-espirito-critico","tag-gianni-tirelli","tag-homologacao-da-humanidade","tag-lixo","tag-lixo-industrial","tag-mario-s-mieli","tag-relativismo","tag-sistema-besta","tag-uniformizacao-do-pensamento"],"_links":{"self":[{"href":"https:\/\/imediata.org\/index.php?rest_route=\/wp\/v2\/posts\/4827","targetHints":{"allow":["GET"]}}],"collection":[{"href":"https:\/\/imediata.org\/index.php?rest_route=\/wp\/v2\/posts"}],"about":[{"href":"https:\/\/imediata.org\/index.php?rest_route=\/wp\/v2\/types\/post"}],"author":[{"embeddable":true,"href":"https:\/\/imediata.org\/index.php?rest_route=\/wp\/v2\/users\/1"}],"replies":[{"embeddable":true,"href":"https:\/\/imediata.org\/index.php?rest_route=%2Fwp%2Fv2%2Fcomments&post=4827"}],"version-history":[{"count":4,"href":"https:\/\/imediata.org\/index.php?rest_route=\/wp\/v2\/posts\/4827\/revisions"}],"predecessor-version":[{"id":4836,"href":"https:\/\/imediata.org\/index.php?rest_route=\/wp\/v2\/posts\/4827\/revisions\/4836"}],"wp:attachment":[{"href":"https:\/\/imediata.org\/index.php?rest_route=%2Fwp%2Fv2%2Fmedia&parent=4827"}],"wp:term":[{"taxonomy":"category","embeddable":true,"href":"https:\/\/imediata.org\/index.php?rest_route=%2Fwp%2Fv2%2Fcategories&post=4827"},{"taxonomy":"post_tag","embeddable":true,"href":"https:\/\/imediata.org\/index.php?rest_route=%2Fwp%2Fv2%2Ftags&post=4827"}],"curies":[{"name":"wp","href":"https:\/\/api.w.org\/{rel}","templated":true}]}}