{"id":4754,"date":"2014-01-16T17:32:21","date_gmt":"2014-01-16T17:32:21","guid":{"rendered":"http:\/\/imediata.org\/?p=4754"},"modified":"2014-01-16T17:33:47","modified_gmt":"2014-01-16T17:33:47","slug":"duvidar-e-preciso-a-duvida-e-a-fonte-primaria-da-pesquisa-por-gianni-lannes","status":"publish","type":"post","link":"https:\/\/imediata.org\/?p=4754","title":{"rendered":">> Duvidar \u00e9 preciso &#8211; &#8220;A d\u00favida \u00e9 a fonte prim\u00e1ria da pesquisa&#8221;, por Gianni Lannes"},"content":{"rendered":"<p><a href=\"http:\/\/imediata.org\/wp-content\/uploads\/2014\/01\/578041_527897087233828_1926541060_n.jpg\"><img loading=\"lazy\" decoding=\"async\" src=\"http:\/\/imediata.org\/wp-content\/uploads\/2014\/01\/578041_527897087233828_1926541060_n.jpg\" alt=\"578041_527897087233828_1926541060_n\" width=\"453\" height=\"640\" class=\"aligncenter size-full wp-image-4756\" srcset=\"https:\/\/imediata.org\/wp-content\/uploads\/2014\/01\/578041_527897087233828_1926541060_n.jpg 453w, https:\/\/imediata.org\/wp-content\/uploads\/2014\/01\/578041_527897087233828_1926541060_n-212x300.jpg 212w, https:\/\/imediata.org\/wp-content\/uploads\/2014\/01\/578041_527897087233828_1926541060_n-38x55.jpg 38w\" sizes=\"auto, (max-width: 453px) 100vw, 453px\" \/><\/a><\/p>\n<p><strong>A d\u00favida \u00e9 a fonte prim\u00e1ria da pesquisa<\/p>\n<p>Por: Gianni Lannes<br \/>\nFonte: <a href=\"http:\/\/sulatestagiannilannes.blogspot.it\/2014\/01\/il-dubbio-e-la-fonte-primaria-della.html\">sulatesta<\/a><br \/>\nTradu\u00e7\u00e3o: Mario S. Mieli<\/p>\n<p>\u00c9 preciso duvidar sempre: a d\u00favida \u00e9 a fonte da pesquisa e, portanto, da verdade. \u00c9 verdade: antigamente havia escravos presos com cadeias, mas um homem acorrentado sabe de sua condi\u00e7\u00e3o e, assim, \u00e9 poss\u00edvel que nele se acenda a fa\u00edsca da rebeli\u00e3o. <\/p>\n<p>Hoje, ao contr\u00e1rio, n\u00e3o existe mais o futuro de antigamente (sic!) h\u00e1 milh\u00f5es de indiv\u00edduos  que s\u00e3o manipulados sem que o saibam, pelos meios de comunica\u00e7\u00e3o de massas, programados como rob\u00f4s e, portanto, transformados em escravos sem o saberem.   <\/p>\n<p>Medo e ignor\u00e2ncia s\u00e3o as mais poderosas armas de controle das massas, cada vez mais desumanas. <\/p>\n<p>Precisamos \u00e9 da fantasia para repensar a nossa exist\u00eancia, para sair dos esquemas predefinidos. Ouvimos a respira\u00e7\u00e3o do universo dentro de n\u00f3s mesmos, n\u00e3o a mentalidade estandardizada. O perigo incumbente \u00e9 a ren\u00fancia \u00e0 esperan\u00e7a, a perversa ideia de que o mundo j\u00e1 foi fagocitado pela nova ordem mundial, e que n\u00e3o se pode fazer mais nada.  <\/p>\n<p>Essa \u00e9 a verdadeira liberdade: n\u00e3o a possibilidade de escolher, mas a liberdade de ser. De que serve estarmos vivos se n\u00e3o tivermos  a coragem de lutar? <\/p>\n<p>O mundo novo nasce de uma revolu\u00e7\u00e3o interior que considera sagrado cada ser vivo.  <\/p>\n<p><\/strong><\/p>\n<p><a href=\"http:\/\/imediata.org\/wp-content\/uploads\/2014\/01\/caracol.jpg\"><img loading=\"lazy\" decoding=\"async\" src=\"http:\/\/imediata.org\/wp-content\/uploads\/2014\/01\/caracol-225x300.jpg\" alt=\"caracol\" width=\"225\" height=\"300\" class=\"aligncenter size-medium wp-image-4757\" srcset=\"https:\/\/imediata.org\/wp-content\/uploads\/2014\/01\/caracol-225x300.jpg 225w, https:\/\/imediata.org\/wp-content\/uploads\/2014\/01\/caracol-768x1024.jpg 768w, https:\/\/imediata.org\/wp-content\/uploads\/2014\/01\/caracol-41x55.jpg 41w, https:\/\/imediata.org\/wp-content\/uploads\/2014\/01\/caracol.jpg 1536w\" sizes=\"auto, (max-width: 225px) 100vw, 225px\" \/><\/a><\/p>\n","protected":false},"excerpt":{"rendered":"<p>A d\u00favida \u00e9 a fonte prim\u00e1ria da pesquisa Por: Gianni Lannes Fonte: sulatesta Tradu\u00e7\u00e3o: Mario S. Mieli \u00c9 preciso duvidar sempre: a d\u00favida \u00e9 a fonte da pesquisa e, portanto, da verdade. \u00c9 verdade: antigamente havia escravos presos com cadeias, mas um homem acorrentado sabe de sua condi\u00e7\u00e3o e, assim, \u00e9 poss\u00edvel que nele se [&hellip;]<\/p>\n","protected":false},"author":1,"featured_media":0,"comment_status":"open","ping_status":"open","sticky":false,"template":"","format":"standard","meta":{"footnotes":""},"categories":[9],"tags":[2647,2651,2648,2555,95,2650,2649],"class_list":["post-4754","post","type-post","status-publish","format-standard","hentry","category-lance-de-dados","tag-a-duvida-e-a-fonte-primaria-da-pesquisa","tag-duvida","tag-duvidar-e-preciso","tag-gianni-lannes","tag-mario-s-mieli","tag-pesquisa","tag-resgatar-o-sagrado-de-cada-ser-vivo"],"_links":{"self":[{"href":"https:\/\/imediata.org\/index.php?rest_route=\/wp\/v2\/posts\/4754","targetHints":{"allow":["GET"]}}],"collection":[{"href":"https:\/\/imediata.org\/index.php?rest_route=\/wp\/v2\/posts"}],"about":[{"href":"https:\/\/imediata.org\/index.php?rest_route=\/wp\/v2\/types\/post"}],"author":[{"embeddable":true,"href":"https:\/\/imediata.org\/index.php?rest_route=\/wp\/v2\/users\/1"}],"replies":[{"embeddable":true,"href":"https:\/\/imediata.org\/index.php?rest_route=%2Fwp%2Fv2%2Fcomments&post=4754"}],"version-history":[{"count":2,"href":"https:\/\/imediata.org\/index.php?rest_route=\/wp\/v2\/posts\/4754\/revisions"}],"predecessor-version":[{"id":4759,"href":"https:\/\/imediata.org\/index.php?rest_route=\/wp\/v2\/posts\/4754\/revisions\/4759"}],"wp:attachment":[{"href":"https:\/\/imediata.org\/index.php?rest_route=%2Fwp%2Fv2%2Fmedia&parent=4754"}],"wp:term":[{"taxonomy":"category","embeddable":true,"href":"https:\/\/imediata.org\/index.php?rest_route=%2Fwp%2Fv2%2Fcategories&post=4754"},{"taxonomy":"post_tag","embeddable":true,"href":"https:\/\/imediata.org\/index.php?rest_route=%2Fwp%2Fv2%2Ftags&post=4754"}],"curies":[{"name":"wp","href":"https:\/\/api.w.org\/{rel}","templated":true}]}}