{"id":4731,"date":"2014-01-09T16:35:10","date_gmt":"2014-01-09T16:35:10","guid":{"rendered":"http:\/\/imediata.org\/?p=4731"},"modified":"2014-01-14T12:19:09","modified_gmt":"2014-01-14T12:19:09","slug":"hiper-globalizacao-nos-suditos-da-fabrica-mundo-por-giorgio-cattaneo","status":"publish","type":"post","link":"https:\/\/imediata.org\/?p=4731","title":{"rendered":">> Hiper-globaliza\u00e7\u00e3o: n\u00f3s &#8211; s\u00faditos da f\u00e1brica-mundo, por Giorgio Cattaneo"},"content":{"rendered":"<p><a href=\"http:\/\/imediata.org\/wp-content\/uploads\/2014\/01\/1532032_474578495983838_1082016915_n.jpg\"><img loading=\"lazy\" decoding=\"async\" src=\"http:\/\/imediata.org\/wp-content\/uploads\/2014\/01\/1532032_474578495983838_1082016915_n.jpg\" alt=\"1532032_474578495983838_1082016915_n\" width=\"600\" height=\"600\" class=\"aligncenter size-full wp-image-4733\" srcset=\"https:\/\/imediata.org\/wp-content\/uploads\/2014\/01\/1532032_474578495983838_1082016915_n.jpg 600w, https:\/\/imediata.org\/wp-content\/uploads\/2014\/01\/1532032_474578495983838_1082016915_n-300x300.jpg 300w, https:\/\/imediata.org\/wp-content\/uploads\/2014\/01\/1532032_474578495983838_1082016915_n-54x55.jpg 54w\" sizes=\"auto, (max-width: 600px) 100vw, 600px\" \/><\/a><\/p>\n<p><strong>Hiper-globaliza\u00e7\u00e3o: n\u00f3s, s\u00faditos da f\u00e1brica-mundo<\/p>\n<p>Por: Giorgio Cattaneo<br \/>\nFonte: <a href=\"http:\/\/www.libreidee.org\/2013\/12\/iper-globalizzazione-noi-sudditi-della-fabbrica-mondo\/\">libreidee.org<\/a><br \/>\nVia: <a href=\"http:\/\/www.oltrelacoltre.com\/?p=17722\">oltrelacorte<\/a><br \/>\nTradu\u00e7\u00e3o: Mario S. Mieli<\/p>\n<p>Neutralizar o Estado, deix\u00e1-lo sem dinheiro e arre\u00e1-lo numa rede cada vez mais intricada de v\u00ednculos. Est\u00e1 acontecendo faz tempo. Objetivo: desarticular as fun\u00e7\u00f5es p\u00fablicas soberanas, para a vantagem de um superpoder externo \u2013 dominante, negociante, privatizado. Atr\u00e1s de pol\u00edticas regularmente insuficientes, decepcionantes e aparentemente incompreens\u00edveis, h\u00e1 um horizonte clar\u00edssimo, chamado hiper-globaliza\u00e7\u00e3o. <\/p>\n<p>Funciona assim: a cadeia produtiva das mercadorias \u00e9 picada e subcontratada nas regi\u00f5es do mundo onde o trabalho custa menos. Assim, as institui\u00e7\u00f5es nacionais \u2013 completamente esvaziadas \u2013 em vez de tutelarem os pr\u00f3prios cidad\u00e3os, s\u00e3o chamadas fundamentalmente para facilitar o novo business, removendo obst\u00e1culos e regras.  O que agora temos pela frente, segundo Christophe Ventura, \u00e9 uma integra\u00e7\u00e3o mundial das elites, como \u201csuperclasses olig\u00e1rquicas globalizadas\u201d. Est\u00e3o anos luz \u201c\u00e0 frente\u201d: t\u00eam diante de si sindicatos inofensivos, pol\u00edticos complacentes e m\u00eddias colonizadas. A \u00e1rea nacional, com suas crises econ\u00f4micas, \u00e9 s\u00f3 o \u00faltimo n\u00edvel, j\u00e1 irrelevante, do grande jogo planet\u00e1rio. <\/p>\n<p>Apesar da crise financeira de 2008 e da consequente redu\u00e7\u00e3o da demanda nos EUA, na China e na Europa,?em 2012 o volume mundial do com\u00e9rcio aumentou em 2% comparado com 5,1% em 2001, e espera-se um incremento de 2,5% para  2013. O trading agora representa 33% do PIB mundial. Esse aumento in\u00e9dito da combina\u00e7\u00e3o comercial planet\u00e1ria, segundo os economistas Arvind Subramanian e Martin Kessler constitui a primeira caracter\u00edstica da hiper-globaliza\u00e7\u00e3o que nos est\u00e1 literalmente engolindo. \u00c9 o que diz a OMC: entre 1980 e 2011, o volume de mercadorias transacionadas em escala global quadruplicou. E cada ano o com\u00e9rcio cresce duas vezes mais rapidamente que a produ\u00e7\u00e3o. O novo mapa mundial das mercadorias, observa Ventura em um post publicado pelo site \u201cCome Don Chisciotte\u201d, revela uma clamorosa fragmenta\u00e7\u00e3o geogr\u00e1fica da produ\u00e7\u00e3o e da desagrega\u00e7\u00e3o das fun\u00e7\u00f5es produtivas em escala mundial: \u201cOs fluxos comerciais se inserem atualmente em \u2018cadeias internacionais de valor\u2019 que organizam os processos de produ\u00e7\u00e3o segundo distintas sequ\u00eancias, realizadas (com frequ\u00eancia de modo contempor\u00e2neo) em lugares diferentes do planeta, segundo l\u00f3gicas de otimiza\u00e7\u00e3o do territ\u00f3rio\u201d.<\/p>\n<p><a href=\"http:\/\/imediata.org\/wp-content\/uploads\/2014\/01\/15caixa.jpg\"><img loading=\"lazy\" decoding=\"async\" src=\"http:\/\/imediata.org\/wp-content\/uploads\/2014\/01\/15caixa.jpg\" alt=\"15caixa\" width=\"500\" height=\"353\" class=\"aligncenter size-full wp-image-4734\" srcset=\"https:\/\/imediata.org\/wp-content\/uploads\/2014\/01\/15caixa.jpg 500w, https:\/\/imediata.org\/wp-content\/uploads\/2014\/01\/15caixa-228x160.jpg 228w, https:\/\/imediata.org\/wp-content\/uploads\/2014\/01\/15caixa-300x211.jpg 300w, https:\/\/imediata.org\/wp-content\/uploads\/2014\/01\/15caixa-77x55.jpg 77w\" sizes=\"auto, (max-width: 500px) 100vw, 500px\" \/><\/a><\/p>\n<p>Tudo isso, acrescenta Ventura, \u00e9 em fun\u00e7\u00e3o da estrat\u00e9gia das multinacionais: fisco, organiza\u00e7\u00e3o social, sal\u00e1rios, dimens\u00e3o financeira, desenvolvimento tecnol\u00f3gico e at\u00e9 educa\u00e7\u00e3o e arranjos institucionais. Assim, nos \u00faltimos vinte anos, assistimos ao nascimento de um esquema consolidado: a propriedade da sociedade, das patentes e das marcas, inclusive pesquisa e desenvolvimento, se concentram no centro da economia mundial (especialmente nos pa\u00edses da Tr\u00edade \u2013 EUA, Europa e China), enquanto a cria\u00e7\u00e3o e a montagem dos produtos s\u00e3o realizadas em pa\u00edses menores (\u00c1sia, Am\u00e9rica Latina, \u00c1frica, Oriente) atrav\u00e9s de empresas \u00e0s quais se subcontrata esta fun\u00e7\u00e3o, assim como a distribui\u00e7\u00e3o, a venda e os servi\u00e7os p\u00f3s-venda (no Magrebe ou na \u00cdndia, por exemplo). Desse modo, resume Ventura, as 80.000 multinacionais registradas no mundo) que absorvem dois-ter\u00e7os do com\u00e9rcio internacional) controlam a m\u00e3o-de-obra do planeta.  <\/p>\n<p><a href=\"http:\/\/imediata.org\/wp-content\/uploads\/2014\/01\/barbie-tudo.jpg\"><img loading=\"lazy\" decoding=\"async\" src=\"http:\/\/imediata.org\/wp-content\/uploads\/2014\/01\/barbie-tudo.jpg\" alt=\"barbie-tudo\" width=\"411\" height=\"425\" class=\"aligncenter size-full wp-image-4735\" srcset=\"https:\/\/imediata.org\/wp-content\/uploads\/2014\/01\/barbie-tudo.jpg 411w, https:\/\/imediata.org\/wp-content\/uploads\/2014\/01\/barbie-tudo-290x300.jpg 290w, https:\/\/imediata.org\/wp-content\/uploads\/2014\/01\/barbie-tudo-53x55.jpg 53w\" sizes=\"auto, (max-width: 411px) 100vw, 411px\" \/><\/a><\/p>\n<p>Segundo a CEPAL, organismo econ\u00f4mico da ONU, quem reboca o business mundial s\u00e3o tr\u00eas grandes redes de distribui\u00e7\u00e3o: a \u201cf\u00e1brica Am\u00e9rica\u201d, guiada pelos EUA, a \u201cf\u00e1brica Europa\u201d, sob chefia da Alemanha e a \u201cf\u00e1brica \u00c1sia\u201d, cuja lideran\u00e7a foi assumida por Pequim, superando T\u00f3quio. \u201cEssas tr\u00eas \u201cf\u00e1bricas\u201d se caracterizam pelo alto n\u00edvel do com\u00e9rcio inter-regional, que por sua vez  se organiza em volta da produ\u00e7\u00e3o de bens intermedi\u00e1rios para esses mesmos centros\u201d. Segundo as estimativas do Minist\u00e9rio do Com\u00e9rcio franc\u00eas, no mundo todo, a metade do valor das mercadorias exportadas \u00e9 composta de partes e componentes importados. \u201cNa Fran\u00e7a, a propor\u00e7\u00e3o \u00e9 de 25%. Nos pa\u00edses em vias de desenvolvimento, a propor\u00e7\u00e3o \u00e9 de 60%. O iPhone e a Barbie s\u00e3o os s\u00edmbolos desse mercado \u201cMade in the World\u201d. No contexto que emerge disso, observa-se como, a partir de 2010 e ainda mais de 2013, nasceram novas formas de acordos de livre com\u00e9rcio fora dos contextos multilaterais da OMC. S\u00e3o chamados acordos \u201cmega-regionais\u201d ou \u201cmega-bilaterais\u201d, e investem em cada \u00e1rea do mundo, do Atl\u00e2ntico ao Pac\u00edfico. \u201cSua fun\u00e7\u00e3o \u00e9 ao mesmo tempo pol\u00edtica,  geopol\u00edtica e econ\u00f4mica\u201d, explica  Ventura. \u201cTrata-se de organizar no longo prazo a seguran\u00e7a dos investimentos e das atividades \u2013 assim como de facilitar as opera\u00e7\u00f5es dos atores financeiros e econ\u00f4micos globalizados\u201d. <\/p>\n<p><a href=\"http:\/\/imediata.org\/wp-content\/uploads\/2014\/01\/barbielisa.jpeg\"><img loading=\"lazy\" decoding=\"async\" src=\"http:\/\/imediata.org\/wp-content\/uploads\/2014\/01\/barbielisa.jpeg\" alt=\"barbielisa\" width=\"271\" height=\"186\" class=\"aligncenter size-full wp-image-4739\" srcset=\"https:\/\/imediata.org\/wp-content\/uploads\/2014\/01\/barbielisa.jpeg 271w, https:\/\/imediata.org\/wp-content\/uploads\/2014\/01\/barbielisa-80x55.jpeg 80w\" sizes=\"auto, (max-width: 271px) 100vw, 271px\" \/><\/a><\/p>\n<p>Facilitar o business, superando qualquer obst\u00e1culo: \u201cTudo isso com o objetivo de consolidar e desenvolver a mais valia das mercadorias no contexto dos espa\u00e7os transnacionais adequados \u00e0s cadeias globais da produ\u00e7\u00e3o, no agir e implantar as multinacionais do centro da economia mundial que compartilham interesses comuns com os atores econ\u00f4micos, comerciais e financeiros locais e regionais\u201d. A grande meta dos globalizadores \u00e9 sempre a mesma: passar por cima da geografia local (inclusive de suas leis trabalhistas) e desenhar novas fronteiras econ\u00f4micas, financeiras e comerciais entre os pa\u00edses. N\u00e3o se objetiva s\u00f3 \u201charmonizar\u201d os direitos alfandeg\u00e1rios, mas tamb\u00e9m impor \u201cos padr\u00f5es jur\u00eddicos dos pa\u00edses hegem\u00f4nicos da Tr\u00edade\u201d, ultrapassando a chamada barreira \u201csem tarifas\u201d: normas sanit\u00e1rias e fitossanit\u00e1rias, condi\u00e7\u00f5es de acesso aos mercados p\u00fablicos, direitos de propriedade, seguran\u00e7a dos investimentos, pol\u00edticas de compet\u00eancia. \u201cEssa nova transforma\u00e7\u00e3o do capitalismo \u2013 salienta Ventura \u2013 tonifica as din\u00e2micas de fus\u00e3o entre os Estados interessados aos mercados, desconectando assim a capacidade de controle democr\u00e1tico do povo \u2013 o \u00fanico capaz de controlar o poder do capital \u2013 e, em \u00faltima inst\u00e2ncia, submeter as nossas sociedades \u00e0 sua destrutiva domina\u00e7\u00e3o\u201d. <\/strong><\/p>\n<p><a href=\"http:\/\/imediata.org\/wp-content\/uploads\/2014\/01\/page1_pic5.jpg\"><img loading=\"lazy\" decoding=\"async\" src=\"http:\/\/imediata.org\/wp-content\/uploads\/2014\/01\/page1_pic5.jpg\" alt=\"page1_pic5\" width=\"370\" height=\"279\" class=\"aligncenter size-full wp-image-4736\" srcset=\"https:\/\/imediata.org\/wp-content\/uploads\/2014\/01\/page1_pic5.jpg 370w, https:\/\/imediata.org\/wp-content\/uploads\/2014\/01\/page1_pic5-300x226.jpg 300w, https:\/\/imediata.org\/wp-content\/uploads\/2014\/01\/page1_pic5-72x55.jpg 72w, https:\/\/imediata.org\/wp-content\/uploads\/2014\/01\/page1_pic5-60x45.jpg 60w\" sizes=\"auto, (max-width: 370px) 100vw, 370px\" \/><\/a><\/p>\n","protected":false},"excerpt":{"rendered":"<p>Hiper-globaliza\u00e7\u00e3o: n\u00f3s, s\u00faditos da f\u00e1brica-mundo Por: Giorgio Cattaneo Fonte: libreidee.org Via: oltrelacorte Tradu\u00e7\u00e3o: Mario S. Mieli Neutralizar o Estado, deix\u00e1-lo sem dinheiro e arre\u00e1-lo numa rede cada vez mais intricada de v\u00ednculos. Est\u00e1 acontecendo faz tempo. Objetivo: desarticular as fun\u00e7\u00f5es p\u00fablicas soberanas, para a vantagem de um superpoder externo \u2013 dominante, negociante, privatizado. Atr\u00e1s de [&hellip;]<\/p>\n","protected":false},"author":1,"featured_media":0,"comment_status":"open","ping_status":"open","sticky":false,"template":"","format":"standard","meta":{"footnotes":""},"categories":[9],"tags":[2640,2642,1850,2639,2338,95,2641],"class_list":["post-4731","post","type-post","status-publish","format-standard","hentry","category-lance-de-dados","tag-christophe-ventura","tag-destruicao-do-poder-das-nacoes","tag-giorgio-cattaneo","tag-hiper-globalizacao","tag-homogeneizacao","tag-mario-s-mieli","tag-multinacionalizacao"],"_links":{"self":[{"href":"https:\/\/imediata.org\/index.php?rest_route=\/wp\/v2\/posts\/4731","targetHints":{"allow":["GET"]}}],"collection":[{"href":"https:\/\/imediata.org\/index.php?rest_route=\/wp\/v2\/posts"}],"about":[{"href":"https:\/\/imediata.org\/index.php?rest_route=\/wp\/v2\/types\/post"}],"author":[{"embeddable":true,"href":"https:\/\/imediata.org\/index.php?rest_route=\/wp\/v2\/users\/1"}],"replies":[{"embeddable":true,"href":"https:\/\/imediata.org\/index.php?rest_route=%2Fwp%2Fv2%2Fcomments&post=4731"}],"version-history":[{"count":1,"href":"https:\/\/imediata.org\/index.php?rest_route=\/wp\/v2\/posts\/4731\/revisions"}],"predecessor-version":[{"id":4740,"href":"https:\/\/imediata.org\/index.php?rest_route=\/wp\/v2\/posts\/4731\/revisions\/4740"}],"wp:attachment":[{"href":"https:\/\/imediata.org\/index.php?rest_route=%2Fwp%2Fv2%2Fmedia&parent=4731"}],"wp:term":[{"taxonomy":"category","embeddable":true,"href":"https:\/\/imediata.org\/index.php?rest_route=%2Fwp%2Fv2%2Fcategories&post=4731"},{"taxonomy":"post_tag","embeddable":true,"href":"https:\/\/imediata.org\/index.php?rest_route=%2Fwp%2Fv2%2Ftags&post=4731"}],"curies":[{"name":"wp","href":"https:\/\/api.w.org\/{rel}","templated":true}]}}