{"id":4722,"date":"2014-01-06T23:58:07","date_gmt":"2014-01-06T23:58:07","guid":{"rendered":"http:\/\/imediata.org\/?p=4722"},"modified":"2014-01-07T00:26:38","modified_gmt":"2014-01-07T00:26:38","slug":"gandhi-e-as-nuvens-de-endosulfan-por-silvio-mieli-nuvens-de-veneno-por-beto-novaes","status":"publish","type":"post","link":"https:\/\/imediata.org\/?p=4722","title":{"rendered":">> Gandhi e as nuvens de endosulfan, por Silvio Mieli &#8211; Nuvens de Veneno, por Beto Novaes"},"content":{"rendered":"<p><a href=\"http:\/\/imediata.org\/wp-content\/uploads\/2014\/01\/endosulfan.jpg\"><img loading=\"lazy\" decoding=\"async\" src=\"http:\/\/imediata.org\/wp-content\/uploads\/2014\/01\/endosulfan.jpg\" alt=\"endosulfan\" width=\"500\" height=\"356\" class=\"aligncenter size-full wp-image-4724\" srcset=\"https:\/\/imediata.org\/wp-content\/uploads\/2014\/01\/endosulfan.jpg 500w, https:\/\/imediata.org\/wp-content\/uploads\/2014\/01\/endosulfan-300x213.jpg 300w, https:\/\/imediata.org\/wp-content\/uploads\/2014\/01\/endosulfan-77x55.jpg 77w\" sizes=\"auto, (max-width: 500px) 100vw, 500px\" \/><\/a><\/p>\n<p><strong><br \/>\nGandhi e as nuvens de endosulfan<br \/>\nPor: Silvio Mieli<br \/>\nFonte: <a href=\"http:\/\/www.brasildefato.com.br\/node\/26993\">Brasil de fato<\/a> de 06\/01\/2014<\/p>\n<p>Desde o final do ano passado, a TV Cultura explicitou o apoio que recebe da Monsanto atrav\u00e9s de an\u00fancio veiculado na emissora: \u201cTV Cultura, apoio Monsanto: produzir mais, conservar mais e ajudar agricultores\u201d.<\/p>\n<p><a href=\"http:\/\/imediata.org\/wp-content\/uploads\/2014\/01\/14_monsanto.jpg\"><img loading=\"lazy\" decoding=\"async\" src=\"http:\/\/imediata.org\/wp-content\/uploads\/2014\/01\/14_monsanto.jpg\" alt=\"14_monsanto\" width=\"500\" height=\"725\" class=\"aligncenter size-full wp-image-4725\" srcset=\"https:\/\/imediata.org\/wp-content\/uploads\/2014\/01\/14_monsanto.jpg 500w, https:\/\/imediata.org\/wp-content\/uploads\/2014\/01\/14_monsanto-206x300.jpg 206w, https:\/\/imediata.org\/wp-content\/uploads\/2014\/01\/14_monsanto-37x55.jpg 37w\" sizes=\"auto, (max-width: 500px) 100vw, 500px\" \/><\/a><\/p>\n<p>O marketing social de empresas como a Monsanto, que vinculam a sua marca a a\u00e7\u00f5es de preserva\u00e7\u00e3o da mem\u00f3ria, visa mascarar o impacto nefasto da sua pol\u00edtica e dos seus produtos.<\/p>\n<p>Desde o final do ano passado, a TV Cultura explicitou o apoio que recebe da Monsanto atrav\u00e9s de an\u00fancio veiculado na emissora: \u201cTV Cultura, apoio Monsanto: produzir mais, conservar mais e ajudar agricultores\u201d.<\/p>\n<p>A Monsanto patrocinou a digitaliza\u00e7\u00e3o do acervo de imagens da Funda\u00e7\u00e3o Padre Anchieta, al\u00e9m de arquivos da extinta TV Tupi e da TV Record adquiridos pela Cultura. Na m\u00eddia impressa, a Monsanto est\u00e1 financiando a organiza\u00e7\u00e3o do arquivo do jornal A Tarde, um dos mais antigos da Bahia. O projeto inclui a capacita\u00e7\u00e3o de professores da rede p\u00fablica e a distribui\u00e7\u00e3o de jornais e livros para pesquisa no interior do estado.<\/p>\n<p>Como contraponto a estas a\u00e7\u00f5es hip\u00f3critas de identifica\u00e7\u00e3o da marca Monsanto \u00e0 preserva\u00e7\u00e3o do patrim\u00f4nio cultural, sugiro o recente document\u00e1rio \u201cNuvens de Veneno\u201d (filme dispon\u00edvel abaixo), do cineasta e professor da UFRJ Beto Novaes \u2014 lan\u00e7ado em Cuiab\u00e1 em dezembro \u00faltimo. O fi lme destaca o estado de Mato Grosso, que virou um mar de soja, como o campe\u00e3o nacional em uso de venenos agr\u00edcolas.<\/p>\n<p>Alguns dos produtos citados no filme, como o devastador endosulfan, s\u00e3o os mesmos que provocaram a morte, em 1997, da filha de Sof\u00eda Gatica, fundadora do movimento das M\u00e3es de Ituzaingo (bairro da cidade de C\u00f3rdoba, na Argentina). Apesar das sucessivas amea\u00e7as, o movimento conseguiu o banimento do endosulfan na Argentina e agora luta contra a implanta\u00e7\u00e3o de uma gigantesca planta da Monsanto nas Malvinas.<\/p>\n<p>Em seu site a Monsanto cita Gandhi: \u201cDevemos ser n\u00f3s mesmos a mudan\u00e7a que queremos no mundo\u201d. Infelizmente, Gandhi n\u00e3o pode responder \u00e0 empresa de viva voz, mas Vandana Shiva, uma outra indiana iluminada e boa de briga, deu o troco atrav\u00e9s de uma mensagem de fim de ano: \u201c\u2026Lan\u00e7amos este apelo para que identifiquem as leis, em seus pa\u00edses, que est\u00e3o suprimindo essa liberdade. Da terra, das esp\u00e9cies, dos seres humanos.<\/p>\n<p><a href=\"http:\/\/imediata.org\/wp-content\/uploads\/2014\/01\/safe_image.php_.jpeg\"><img loading=\"lazy\" decoding=\"async\" src=\"http:\/\/imediata.org\/wp-content\/uploads\/2014\/01\/safe_image.php_.jpeg\" alt=\"safe_image.php\" width=\"377\" height=\"196\" class=\"aligncenter size-full wp-image-4726\" srcset=\"https:\/\/imediata.org\/wp-content\/uploads\/2014\/01\/safe_image.php_.jpeg 377w, https:\/\/imediata.org\/wp-content\/uploads\/2014\/01\/safe_image.php_-300x155.jpeg 300w, https:\/\/imediata.org\/wp-content\/uploads\/2014\/01\/safe_image.php_-105x55.jpeg 105w\" sizes=\"auto, (max-width: 377px) 100vw, 377px\" \/><\/a><br \/>\nVandana Shiva<\/p>\n<p>Vamos identific\u00e1-las. E, ent\u00e3o, fazer o mesmo que Gandhi fez com as leis do sal dos brit\u00e2nicos: N\u00e3o Obedecer! \u2026 Voc\u00eas podem comprar as Blackwaters do mundo, dispor de intelig\u00eancia para assediar cada cientista e ativista, mas n\u00f3s n\u00e3o temos medo. N\u00e3o permitiremos que a Monsanto mande, por meio de leis feitas pela Monsanto. Para condicionar nossas sementes, nossa agricultura, nossa comida.\u201d<\/strong><\/p>\n<p><a href=\"http:\/\/imediata.org\/wp-content\/uploads\/2014\/01\/photo-1.jpg\"><img loading=\"lazy\" decoding=\"async\" src=\"http:\/\/imediata.org\/wp-content\/uploads\/2014\/01\/photo-1.jpg\" alt=\"photo-1\" width=\"610\" height=\"328\" class=\"aligncenter size-full wp-image-4727\" srcset=\"https:\/\/imediata.org\/wp-content\/uploads\/2014\/01\/photo-1.jpg 610w, https:\/\/imediata.org\/wp-content\/uploads\/2014\/01\/photo-1-300x161.jpg 300w, https:\/\/imediata.org\/wp-content\/uploads\/2014\/01\/photo-1-102x55.jpg 102w\" sizes=\"auto, (max-width: 610px) 100vw, 610px\" \/><\/a><\/p>\n<p>NUVENS DE VENENO, filme de Beto Novaes<\/p>\n<p><iframe loading=\"lazy\" width=\"560\" height=\"315\" src=\"\/\/www.youtube.com\/embed\/v2eUR5EyX9w\" frameborder=\"0\" allowfullscreen><\/iframe><\/p>\n<p><strong>A nuvem se espraia pelas planta\u00e7\u00f5es. Em vez de molhar, seca. Ela n\u00e3o traz a chuva, traz o veneno. O Brasil \u00e9 um dos maiores produtores mundiais de soja, algod\u00e3o, milho e tamb\u00e9m um dos maiores consumidores de fertilizantes qu\u00edmicos e agrot\u00f3xicos. Nuvens de veneno exp\u00f5e as preocupa\u00e7\u00f5es com as consequ\u00eancias do uso desses agroqu\u00edmicos no ambiente, especialmente, na sa\u00fade do trabalhador. Um document\u00e1rio revelador que faz refletir sobre a forma que crescemos e sobre o tipo de desenvolvimento que queremos.<\/p>\n<p>Realiza\u00e7\u00e3o: Secretaria de Sa\u00fade de Mato Grosso, Terra Firme e VideoSa\u00fade<\/p>\n<p>Dire\u00e7\u00e3o: Beto Novaes<\/p>\n<p>Distribui\u00e7\u00e3o: VideoSa\u00fade &#8212; Distribuidora da Fiocruz<\/p>\n<p>Ano da produ\u00e7\u00e3o: 2013<br \/>\n<\/strong><\/p>\n<p><a href=\"http:\/\/imediata.org\/wp-content\/uploads\/2014\/01\/Ban-Endosulfan.jpg\"><img loading=\"lazy\" decoding=\"async\" src=\"http:\/\/imediata.org\/wp-content\/uploads\/2014\/01\/Ban-Endosulfan.jpg\" alt=\"Ban  Endosulfan\" width=\"1600\" height=\"1000\" class=\"aligncenter size-full wp-image-4728\" srcset=\"https:\/\/imediata.org\/wp-content\/uploads\/2014\/01\/Ban-Endosulfan.jpg 1600w, https:\/\/imediata.org\/wp-content\/uploads\/2014\/01\/Ban-Endosulfan-300x187.jpg 300w, https:\/\/imediata.org\/wp-content\/uploads\/2014\/01\/Ban-Endosulfan-1024x640.jpg 1024w, https:\/\/imediata.org\/wp-content\/uploads\/2014\/01\/Ban-Endosulfan-88x55.jpg 88w\" sizes=\"auto, (max-width: 1600px) 100vw, 1600px\" \/><\/a><\/p>\n","protected":false},"excerpt":{"rendered":"<p>Gandhi e as nuvens de endosulfan Por: Silvio Mieli Fonte: Brasil de fato de 06\/01\/2014 Desde o final do ano passado, a TV Cultura explicitou o apoio que recebe da Monsanto atrav\u00e9s de an\u00fancio veiculado na emissora: \u201cTV Cultura, apoio Monsanto: produzir mais, conservar mais e ajudar agricultores\u201d. O marketing social de empresas como a [&hellip;]<\/p>\n","protected":false},"author":1,"featured_media":0,"comment_status":"open","ping_status":"open","sticky":false,"template":"","format":"standard","meta":{"footnotes":""},"categories":[5,91,9,86,78],"tags":[2635,2636,2476,635,2638,2637,410,513,1378,174],"class_list":["post-4722","post","type-post","status-publish","format-standard","hentry","category-biodiversidade-imediata","category-imperio_poder_globalizacao","category-lance-de-dados","category-meio_ambiente","category-ovideo","tag-beto-novaes","tag-endosulfan","tag-gandhi","tag-monsanto","tag-nuvens-de-veneno","tag-pesticidas","tag-silvio-mieli","tag-transgenicos","tag-tv-cultura","tag-vandana-shiva"],"_links":{"self":[{"href":"https:\/\/imediata.org\/index.php?rest_route=\/wp\/v2\/posts\/4722","targetHints":{"allow":["GET"]}}],"collection":[{"href":"https:\/\/imediata.org\/index.php?rest_route=\/wp\/v2\/posts"}],"about":[{"href":"https:\/\/imediata.org\/index.php?rest_route=\/wp\/v2\/types\/post"}],"author":[{"embeddable":true,"href":"https:\/\/imediata.org\/index.php?rest_route=\/wp\/v2\/users\/1"}],"replies":[{"embeddable":true,"href":"https:\/\/imediata.org\/index.php?rest_route=%2Fwp%2Fv2%2Fcomments&post=4722"}],"version-history":[{"count":2,"href":"https:\/\/imediata.org\/index.php?rest_route=\/wp\/v2\/posts\/4722\/revisions"}],"predecessor-version":[{"id":4730,"href":"https:\/\/imediata.org\/index.php?rest_route=\/wp\/v2\/posts\/4722\/revisions\/4730"}],"wp:attachment":[{"href":"https:\/\/imediata.org\/index.php?rest_route=%2Fwp%2Fv2%2Fmedia&parent=4722"}],"wp:term":[{"taxonomy":"category","embeddable":true,"href":"https:\/\/imediata.org\/index.php?rest_route=%2Fwp%2Fv2%2Fcategories&post=4722"},{"taxonomy":"post_tag","embeddable":true,"href":"https:\/\/imediata.org\/index.php?rest_route=%2Fwp%2Fv2%2Ftags&post=4722"}],"curies":[{"name":"wp","href":"https:\/\/api.w.org\/{rel}","templated":true}]}}