{"id":4713,"date":"2014-01-06T06:39:55","date_gmt":"2014-01-06T06:39:55","guid":{"rendered":"http:\/\/imediata.org\/?p=4713"},"modified":"2014-01-06T06:39:55","modified_gmt":"2014-01-06T06:39:55","slug":"simplesmente-epifania","status":"publish","type":"post","link":"https:\/\/imediata.org\/?p=4713","title":{"rendered":">>  Simplesmente Epifania"},"content":{"rendered":"<p><a href=\"http:\/\/imediata.org\/wp-content\/uploads\/2014\/01\/remagi.jpg\"><img loading=\"lazy\" decoding=\"async\" src=\"http:\/\/imediata.org\/wp-content\/uploads\/2014\/01\/remagi.jpg\" alt=\"remagi\" width=\"510\" height=\"355\" class=\"aligncenter size-full wp-image-4715\" srcset=\"https:\/\/imediata.org\/wp-content\/uploads\/2014\/01\/remagi.jpg 510w, https:\/\/imediata.org\/wp-content\/uploads\/2014\/01\/remagi-228x160.jpg 228w, https:\/\/imediata.org\/wp-content\/uploads\/2014\/01\/remagi-300x208.jpg 300w, https:\/\/imediata.org\/wp-content\/uploads\/2014\/01\/remagi-79x55.jpg 79w\" sizes=\"auto, (max-width: 510px) 100vw, 510px\" \/><\/a><\/p>\n<p><strong>&#8220;O que \u00e9 Epifania:<\/p>\n<p>Epifania significa apari\u00e7\u00e3o, manifesta\u00e7\u00e3o e vem do grego \u201cepiphan\u00e9ia.\u201d No sentido religioso, no calend\u00e1rio lit\u00fargico da Igreja Cat\u00f3lica, significa uma manifesta\u00e7\u00e3o divina, por exemplo,quando houve a apresenta\u00e7\u00e3o de Jesus Cristo ao mundo, atrav\u00e9s da chegada dos Reis Magos trazendo seus presentes.<\/p>\n<p>Epifania tamb\u00e9m pode ser conceituada no sentido filos\u00f3fico, significando uma sensa\u00e7\u00e3o profunda de realiza\u00e7\u00e3o no sentido de compreender a ess\u00eancia das coisas, tudo que pode estar no \u00e2mago das coisas ou das pessoas, isto \u00e9, poder considerar que a partir de agora sente como solucionado, completado, aquilo que estava t\u00e3o dif\u00edcil de conseguir.<\/p>\n<p>Epifania do Senhor<br \/>\nEpifania do Senhor \u00e9 uma festa religiosa do Catolicismo, que \u00e9 comemorada dois domingos ap\u00f3s o Natal. A Epifania \u00e9 a manifesta\u00e7\u00e3o de Cristo, ocorre quando, na B\u00edblia, Jesus conhece diferentes pessoas e em diferentes momentos.<\/p>\n<p>A Igreja Cat\u00f3lica considera epifanias tr\u00eas eventos: a Epifania dos magos do oriente e que \u00e9 celebrada no dia 6 de Janeiro; a Epifania a Jo\u00e3o Batista no rio Jord\u00e3o e a Epifania quando tornou-se conhecido pelo milagre de Can\u00e1.&#8221;<br \/>\nFonte:<\/strong> <a href=\"http:\/\/www.significados.com.br\">significados.com.br<\/a><\/p>\n<p><strong>C\u00c1LIX BENTO (letra e v\u00eddeo) com MILTON NASCIMENTO, v\u00eddeo MOACIR SILVEIRA<\/strong><br \/>\n<iframe loading=\"lazy\" width=\"560\" height=\"315\" src=\"\/\/www.youtube.com\/embed\/OTjh8rnNfbk\" frameborder=\"0\" allowfullscreen><\/iframe><\/p>\n<p><a href=\"http:\/\/imediata.org\/wp-content\/uploads\/2014\/01\/nicolas_poussin_002_adorazione_dei_magi_1633.jpg\"><img loading=\"lazy\" decoding=\"async\" src=\"http:\/\/imediata.org\/wp-content\/uploads\/2014\/01\/nicolas_poussin_002_adorazione_dei_magi_1633.jpg\" alt=\"nicolas_poussin_002_adorazione_dei_magi_1633\" width=\"1024\" height=\"768\" class=\"aligncenter size-full wp-image-4716\" srcset=\"https:\/\/imediata.org\/wp-content\/uploads\/2014\/01\/nicolas_poussin_002_adorazione_dei_magi_1633.jpg 1024w, https:\/\/imediata.org\/wp-content\/uploads\/2014\/01\/nicolas_poussin_002_adorazione_dei_magi_1633-300x225.jpg 300w, https:\/\/imediata.org\/wp-content\/uploads\/2014\/01\/nicolas_poussin_002_adorazione_dei_magi_1633-73x55.jpg 73w, https:\/\/imediata.org\/wp-content\/uploads\/2014\/01\/nicolas_poussin_002_adorazione_dei_magi_1633-60x45.jpg 60w\" sizes=\"auto, (max-width: 1024px) 100vw, 1024px\" \/><\/a><br \/>\n<strong>Nicolas Poussin, Adora\u00e7\u00e3o dos Reis Magos, 1633<\/strong><\/p>\n","protected":false},"excerpt":{"rendered":"<p>&#8220;O que \u00e9 Epifania: Epifania significa apari\u00e7\u00e3o, manifesta\u00e7\u00e3o e vem do grego \u201cepiphan\u00e9ia.\u201d No sentido religioso, no calend\u00e1rio lit\u00fargico da Igreja Cat\u00f3lica, significa uma manifesta\u00e7\u00e3o divina, por exemplo,quando houve a apresenta\u00e7\u00e3o de Jesus Cristo ao mundo, atrav\u00e9s da chegada dos Reis Magos trazendo seus presentes. Epifania tamb\u00e9m pode ser conceituada no sentido filos\u00f3fico, significando uma [&hellip;]<\/p>\n","protected":false},"author":1,"featured_media":0,"comment_status":"open","ping_status":"open","sticky":false,"template":"","format":"standard","meta":{"footnotes":""},"categories":[4],"tags":[2629,2625,2628,2626,2630,2631,2627],"class_list":["post-4713","post","type-post","status-publish","format-standard","hentry","category-al-manakh","tag-calix-bento","tag-dia-de-reis","tag-epifania","tag-folia-de-reis","tag-milton-nascimento","tag-nicolas-poussin","tag-reis-magos"],"_links":{"self":[{"href":"https:\/\/imediata.org\/index.php?rest_route=\/wp\/v2\/posts\/4713","targetHints":{"allow":["GET"]}}],"collection":[{"href":"https:\/\/imediata.org\/index.php?rest_route=\/wp\/v2\/posts"}],"about":[{"href":"https:\/\/imediata.org\/index.php?rest_route=\/wp\/v2\/types\/post"}],"author":[{"embeddable":true,"href":"https:\/\/imediata.org\/index.php?rest_route=\/wp\/v2\/users\/1"}],"replies":[{"embeddable":true,"href":"https:\/\/imediata.org\/index.php?rest_route=%2Fwp%2Fv2%2Fcomments&post=4713"}],"version-history":[{"count":1,"href":"https:\/\/imediata.org\/index.php?rest_route=\/wp\/v2\/posts\/4713\/revisions"}],"predecessor-version":[{"id":4717,"href":"https:\/\/imediata.org\/index.php?rest_route=\/wp\/v2\/posts\/4713\/revisions\/4717"}],"wp:attachment":[{"href":"https:\/\/imediata.org\/index.php?rest_route=%2Fwp%2Fv2%2Fmedia&parent=4713"}],"wp:term":[{"taxonomy":"category","embeddable":true,"href":"https:\/\/imediata.org\/index.php?rest_route=%2Fwp%2Fv2%2Fcategories&post=4713"},{"taxonomy":"post_tag","embeddable":true,"href":"https:\/\/imediata.org\/index.php?rest_route=%2Fwp%2Fv2%2Ftags&post=4713"}],"curies":[{"name":"wp","href":"https:\/\/api.w.org\/{rel}","templated":true}]}}