{"id":470,"date":"2011-11-06T14:36:53","date_gmt":"2011-11-06T14:36:53","guid":{"rendered":"http:\/\/imediata.org\/?p=470"},"modified":"2011-11-06T20:07:12","modified_gmt":"2011-11-06T20:07:12","slug":"vandana-shiva-abaixo-a-ditadura-alimentar","status":"publish","type":"post","link":"https:\/\/imediata.org\/?p=470","title":{"rendered":">> VANDANA SHIVA: ABAIXO A DITADURA ALIMENTAR!!!"},"content":{"rendered":"<p>&gt;&gt; VANDANA SHIVA: ABAIXO A DITADURA ALIMENTAR!!!<\/p>\n<p>&nbsp;<\/p>\n<p>&nbsp;<\/p>\n<p>Vandana Shiva fala para os participantes da Marcha Right2Know, em frente \u00e0 Casa Branca, no dia 16 de outubro de 2011, Dia Mundial da Alimenta\u00e7\u00e3o.<\/p>\n<p>&nbsp;<\/p>\n<p>&nbsp;<\/p>\n<p><strong>Vandana Shiva speaks at Right2Know March<\/strong><\/p>\n<p><strong>\u00a0<\/strong><\/p>\n<p><object width=\"560\" height=\"315\"><param name=\"movie\" value=\"http:\/\/www.youtube.com\/v\/s6AoDwJ-gCk?version=3&amp;hl=en_US&amp;rel=0\"><\/param><param name=\"allowFullScreen\" value=\"true\"><\/param><param name=\"allowscriptaccess\" value=\"always\"><\/param><embed src=\"http:\/\/www.youtube.com\/v\/s6AoDwJ-gCk?version=3&amp;hl=en_US&amp;rel=0\" type=\"application\/x-shockwave-flash\" width=\"560\" height=\"315\" allowscriptaccess=\"always\" allowfullscreen=\"true\"><\/embed><\/object><\/p>\n<p><strong>\u00a0<\/strong><\/p>\n<p><strong>\u00a0<\/strong><\/p>\n<p><strong>Breve sum\u00e1rio do discurso, em portugu\u00eas:<\/strong><\/p>\n<p><strong>\u00a0<\/strong><\/p>\n<p><strong>Discurso a favor da democracia alimentar e da etiquetagem mandat\u00f3ria para se poder distinguir alimentos org\u00e2nicos dos transg\u00eanicos<\/strong><\/p>\n<p><strong>\u00a0<\/strong><\/p>\n<p><strong>\u2022 Corpora\u00e7\u00f5es est\u00e3o roubando o nosso mundo, roubando as d\u00e1divas da natureza, os frutos do nosso trabalho<\/strong><\/p>\n<p><strong>\u00a0<\/strong><\/p>\n<p><strong>\u2022 O movimento anti-OGM compreendeu bem como uma organiza\u00e7\u00e3o est\u00e1 fazendo isso: a Monsanto, que espalha a cultura da m\u00e1 alimenta\u00e7\u00e3o, a cultura de propriedade de sementes \u2013 ora, ela n\u00e3o pode \u201ccriar\u201d sementes, s\u00f3 roubar sementes, contamin\u00e1-las. Quando algu\u00e9m polui, n\u00e3o deveria ser recompensado com direitos de propriedade, mas deveriam ser processados por tornar os alimentos t\u00f3xicos.<\/strong><\/p>\n<p><strong>\u00a0<\/strong><\/p>\n<p><strong>\u2022 Este movimento \u00e9 importante por exigir liberdade e democracia reais, pois se n\u00e3o somos livres nem para decidir o que comemos, o que plantamos, para saber o que h\u00e1 em nossa comida, como poderemos ser livres, de qualquer outro modo?<\/strong><\/p>\n<p><strong>\u00a0<\/strong><\/p>\n<p><strong>Porque s\u00e3o os alimentos que moldam cada c\u00e9lula de nosso corpo, cada part\u00edcula de nossos \u00f3rg\u00e3os e, como dizem as mulheres mais velhas de meu pa\u00eds, moldam nossos pensamentos tamb\u00e9m. Maus alimentos geram maus pensamentos. Bons alimentos geram uma mente fresca, criativa, boa.<\/strong><\/p>\n<p><strong>\u00a0<\/strong><\/p>\n<p><strong>\u00c9 terr\u00edvel negar-se a exig\u00eancia de se etiquetar os alimentos. Pois devemos saber o que estamos comendo, o que estamos comprando.<\/strong><\/p>\n<p><strong>\u00a0<\/strong><\/p>\n<p><strong>Obama est\u00e1 seguindo os passos seguidos desde Bush pai, se opondo a distinguir entre alimentos org\u00e2nicos e transg\u00eanicos.<\/strong><\/p>\n<p><strong>\u00a0<\/strong><\/p>\n<p><strong>Precisamos saber. Temos o direito de saber.<\/strong><\/p>\n<p><strong>\u00a0<\/strong><\/p>\n<p><strong>Faz diferen\u00e7a saber como os alimentos s\u00e3o produzidos. O que n\u00e3o \u00e9 org\u00e2nico. E alimentos geneticamente modificados n\u00e3o s\u00e3o org\u00e2nicos. E quem faz isso deveria estar na mesma categoria dos poluidores, contaminadores e traficantes.<\/strong><\/p>\n<p><strong>\u00a0<\/strong><\/p>\n<p><strong>\u00danico prop\u00f3sito dos organismos geneticamente modificados?<\/strong><\/p>\n<p><strong>\u00a0<\/strong><\/p>\n<p><strong>Obter-se patentes sobre as sementes. \u00c9 a \u00fanica raz\u00e3o.<\/strong><\/p>\n<p><strong>\u00a0<\/strong><\/p>\n<p><strong>O MONOP\u00d3LIO SOBRE AS SEMENTES. Pois as patentes significam royalties. Royalties significam extrair dinheiro dos agricultores.<\/strong><\/p>\n<p><strong>\u00a0<\/strong><\/p>\n<p><strong>Abaixo a ditadura alimentar!<\/strong><\/p>\n<p><strong>Chega de alimentos t\u00f3xicos!<\/strong><\/p>\n<p><strong>\u00a0<\/strong><\/p>\n<p><strong>VIVA A DEMOCRACIA ALIMENTAR!!!<\/strong><\/p>\n<p><strong>VIVA A LIBERDADE ALIMENTAR!!!<\/strong><\/p>\n<p><strong>&#8230;PARA CELEBRARMOS A VIDA NA TERRA!<\/strong><\/p>\n<p>&nbsp;<\/p>\n<p>&nbsp;<\/p>\n","protected":false},"excerpt":{"rendered":"<p>&gt;&gt; VANDANA SHIVA: ABAIXO A DITADURA ALIMENTAR!!! &nbsp; &nbsp; Vandana Shiva fala para os participantes da Marcha Right2Know, em frente \u00e0 Casa Branca, no dia 16 de outubro de 2011, Dia Mundial da Alimenta\u00e7\u00e3o. &nbsp; &nbsp; Vandana Shiva speaks at Right2Know March \u00a0 \u00a0 \u00a0 Breve sum\u00e1rio do discurso, em portugu\u00eas: \u00a0 Discurso a favor [&hellip;]<\/p>\n","protected":false},"author":33,"featured_media":0,"comment_status":"open","ping_status":"open","sticky":false,"template":"","format":"standard","meta":{"footnotes":""},"categories":[5],"tags":[],"class_list":["post-470","post","type-post","status-publish","format-standard","hentry","category-biodiversidade-imediata"],"_links":{"self":[{"href":"https:\/\/imediata.org\/index.php?rest_route=\/wp\/v2\/posts\/470","targetHints":{"allow":["GET"]}}],"collection":[{"href":"https:\/\/imediata.org\/index.php?rest_route=\/wp\/v2\/posts"}],"about":[{"href":"https:\/\/imediata.org\/index.php?rest_route=\/wp\/v2\/types\/post"}],"author":[{"embeddable":true,"href":"https:\/\/imediata.org\/index.php?rest_route=\/wp\/v2\/users\/33"}],"replies":[{"embeddable":true,"href":"https:\/\/imediata.org\/index.php?rest_route=%2Fwp%2Fv2%2Fcomments&post=470"}],"version-history":[{"count":5,"href":"https:\/\/imediata.org\/index.php?rest_route=\/wp\/v2\/posts\/470\/revisions"}],"predecessor-version":[{"id":482,"href":"https:\/\/imediata.org\/index.php?rest_route=\/wp\/v2\/posts\/470\/revisions\/482"}],"wp:attachment":[{"href":"https:\/\/imediata.org\/index.php?rest_route=%2Fwp%2Fv2%2Fmedia&parent=470"}],"wp:term":[{"taxonomy":"category","embeddable":true,"href":"https:\/\/imediata.org\/index.php?rest_route=%2Fwp%2Fv2%2Fcategories&post=470"},{"taxonomy":"post_tag","embeddable":true,"href":"https:\/\/imediata.org\/index.php?rest_route=%2Fwp%2Fv2%2Ftags&post=470"}],"curies":[{"name":"wp","href":"https:\/\/api.w.org\/{rel}","templated":true}]}}