{"id":4687,"date":"2014-01-04T03:02:12","date_gmt":"2014-01-04T03:02:12","guid":{"rendered":"http:\/\/imediata.org\/?p=4687"},"modified":"2014-01-04T03:12:12","modified_gmt":"2014-01-04T03:12:12","slug":"singelas-profana-acoes-104-e-a-quenelle-oh-mon-dieu-acaba-na-vitrine-do-louis-vuitton","status":"publish","type":"post","link":"https:\/\/imediata.org\/?p=4687","title":{"rendered":">> Singelas Profana-a\u00e7\u00f5es 104: e a Quenelle, (oh mon Dieu) acaba na vitrine parisiense da Louis Vuitton"},"content":{"rendered":"<p><a href=\"http:\/\/imediata.org\/wp-content\/uploads\/2014\/01\/wpid-quenelle-lv.jpg\"><img loading=\"lazy\" decoding=\"async\" src=\"http:\/\/imediata.org\/wp-content\/uploads\/2014\/01\/wpid-quenelle-lv.jpg\" alt=\"wpid-quenelle-lv\" width=\"500\" height=\"500\" class=\"aligncenter size-full wp-image-4689\" srcset=\"https:\/\/imediata.org\/wp-content\/uploads\/2014\/01\/wpid-quenelle-lv.jpg 500w, https:\/\/imediata.org\/wp-content\/uploads\/2014\/01\/wpid-quenelle-lv-300x300.jpg 300w, https:\/\/imediata.org\/wp-content\/uploads\/2014\/01\/wpid-quenelle-lv-55x55.jpg 55w\" sizes=\"auto, (max-width: 500px) 100vw, 500px\" \/><\/a><br \/>\nfoto da vitrine da Louis Vuitton nos Champs-Elys\u00e9es via counterpsyops.com<\/p>\n<p>Um gesto. Pol\u00eamico. Controvertido. Divertido.<br \/>\nDe resist\u00eancia. De desaprova\u00e7\u00e3o. De nojo. De desgosto.<br \/>\nContra as &#8220;otoridades constitu\u00eddas&#8221;.<br \/>\nContra a m\u00eddia ditatorial.<br \/>\nContra o sistema tir\u00e2nico usur\u00e1rio que<br \/>\nassola a Europa (para n\u00e3o dizer o mundo).<br \/>\nO gesto \u00e9 feito de prefer\u00eancia ao lado de pol\u00edticos ou &#8220;celebridades&#8221; que n\u00e3o desconfiam que ele esteja sendo feito.<br \/>\nFoi &#8220;inventado&#8221; pelo c\u00f4mico Dieudonn\u00e9, proibido de se apresentar nas tvs&#8230;<br \/>\ne cujos shows h\u00e1 quem queira que sejam proibidos em toda a Fran\u00e7a.<br \/>\nN\u00e3o deixa de ser um truque reverso do cumprimento nazi&#8230;<\/p>\n<p>O c\u00f4mico franc\u00eas Dieudonn\u00e9, que a inventou:<br \/>\n<a href=\"http:\/\/imediata.org\/wp-content\/uploads\/2014\/01\/unnamed.jpg\"><img loading=\"lazy\" decoding=\"async\" src=\"http:\/\/imediata.org\/wp-content\/uploads\/2014\/01\/unnamed.jpg\" alt=\"unnamed\" width=\"858\" height=\"429\" class=\"aligncenter size-full wp-image-4690\" srcset=\"https:\/\/imediata.org\/wp-content\/uploads\/2014\/01\/unnamed.jpg 858w, https:\/\/imediata.org\/wp-content\/uploads\/2014\/01\/unnamed-300x150.jpg 300w, https:\/\/imediata.org\/wp-content\/uploads\/2014\/01\/unnamed-109x55.jpg 109w\" sizes=\"auto, (max-width: 858px) 100vw, 858px\" \/><\/a><\/p>\n<p>como ela \u00e9 feita para desmoralizar os &#8220;preciosos&#8221; rid\u00edculos mas n\u00e3o menos sanguin\u00e1rios e promotores de guerras, invas\u00f5es e conflitos, tipo BHL<\/p>\n<p><a href=\"http:\/\/imediata.org\/wp-content\/uploads\/2014\/01\/unnamed-1.jpg\"><img loading=\"lazy\" decoding=\"async\" src=\"http:\/\/imediata.org\/wp-content\/uploads\/2014\/01\/unnamed-1.jpg\" alt=\"unnamed-1\" width=\"400\" height=\"360\" class=\"aligncenter size-full wp-image-4691\" srcset=\"https:\/\/imediata.org\/wp-content\/uploads\/2014\/01\/unnamed-1.jpg 400w, https:\/\/imediata.org\/wp-content\/uploads\/2014\/01\/unnamed-1-300x270.jpg 300w, https:\/\/imediata.org\/wp-content\/uploads\/2014\/01\/unnamed-1-61x55.jpg 61w\" sizes=\"auto, (max-width: 400px) 100vw, 400px\" \/><\/a><\/p>\n<p>Arqueologia da Quenelle: uma Quenelle do Antigo Egito<\/p>\n<p><a href=\"http:\/\/imediata.org\/wp-content\/uploads\/2014\/01\/unnamed-2.jpg\"><img loading=\"lazy\" decoding=\"async\" src=\"http:\/\/imediata.org\/wp-content\/uploads\/2014\/01\/unnamed-2.jpg\" alt=\"unnamed-2\" width=\"285\" height=\"380\" class=\"aligncenter size-full wp-image-4692\" srcset=\"https:\/\/imediata.org\/wp-content\/uploads\/2014\/01\/unnamed-2.jpg 285w, https:\/\/imediata.org\/wp-content\/uploads\/2014\/01\/unnamed-2-225x300.jpg 225w, https:\/\/imediata.org\/wp-content\/uploads\/2014\/01\/unnamed-2-41x55.jpg 41w\" sizes=\"auto, (max-width: 285px) 100vw, 285px\" \/><\/a><\/p>\n<p>uma QUenelle pro Facebook:<\/p>\n<p><a href=\"http:\/\/imediata.org\/wp-content\/uploads\/2014\/01\/unnamed-3.jpg\"><img loading=\"lazy\" decoding=\"async\" src=\"http:\/\/imediata.org\/wp-content\/uploads\/2014\/01\/unnamed-3.jpg\" alt=\"unnamed-3\" width=\"530\" height=\"640\" class=\"aligncenter size-full wp-image-4693\" srcset=\"https:\/\/imediata.org\/wp-content\/uploads\/2014\/01\/unnamed-3.jpg 530w, https:\/\/imediata.org\/wp-content\/uploads\/2014\/01\/unnamed-3-248x300.jpg 248w, https:\/\/imediata.org\/wp-content\/uploads\/2014\/01\/unnamed-3-45x55.jpg 45w\" sizes=\"auto, (max-width: 530px) 100vw, 530px\" \/><\/a><\/p>\n<p>a La Boh\u00e8me que vira La Quenelle:<\/p>\n<p><iframe loading=\"lazy\" width=\"420\" height=\"315\" src=\"\/\/www.youtube.com\/embed\/6n9f9snPpCo\" frameborder=\"0\" allowfullscreen><\/iframe><\/p>\n","protected":false},"excerpt":{"rendered":"<p>foto da vitrine da Louis Vuitton nos Champs-Elys\u00e9es via counterpsyops.com Um gesto. Pol\u00eamico. Controvertido. Divertido. De resist\u00eancia. De desaprova\u00e7\u00e3o. De nojo. De desgosto. Contra as &#8220;otoridades constitu\u00eddas&#8221;. Contra a m\u00eddia ditatorial. Contra o sistema tir\u00e2nico usur\u00e1rio que assola a Europa (para n\u00e3o dizer o mundo). O gesto \u00e9 feito de prefer\u00eancia ao lado de pol\u00edticos [&hellip;]<\/p>\n","protected":false},"author":1,"featured_media":0,"comment_status":"open","ping_status":"open","sticky":false,"template":"","format":"standard","meta":{"footnotes":""},"categories":[4,96],"tags":[2607,2608,2606,2605,2609],"class_list":["post-4687","post","type-post","status-publish","format-standard","hentry","category-al-manakh","category-singelas-profana-acoes","tag-dieudonne","tag-franca","tag-la-quenelle","tag-quenelle","tag-quenelle-na-vitrine-do-louis-vuitton"],"_links":{"self":[{"href":"https:\/\/imediata.org\/index.php?rest_route=\/wp\/v2\/posts\/4687","targetHints":{"allow":["GET"]}}],"collection":[{"href":"https:\/\/imediata.org\/index.php?rest_route=\/wp\/v2\/posts"}],"about":[{"href":"https:\/\/imediata.org\/index.php?rest_route=\/wp\/v2\/types\/post"}],"author":[{"embeddable":true,"href":"https:\/\/imediata.org\/index.php?rest_route=\/wp\/v2\/users\/1"}],"replies":[{"embeddable":true,"href":"https:\/\/imediata.org\/index.php?rest_route=%2Fwp%2Fv2%2Fcomments&post=4687"}],"version-history":[{"count":4,"href":"https:\/\/imediata.org\/index.php?rest_route=\/wp\/v2\/posts\/4687\/revisions"}],"predecessor-version":[{"id":4697,"href":"https:\/\/imediata.org\/index.php?rest_route=\/wp\/v2\/posts\/4687\/revisions\/4697"}],"wp:attachment":[{"href":"https:\/\/imediata.org\/index.php?rest_route=%2Fwp%2Fv2%2Fmedia&parent=4687"}],"wp:term":[{"taxonomy":"category","embeddable":true,"href":"https:\/\/imediata.org\/index.php?rest_route=%2Fwp%2Fv2%2Fcategories&post=4687"},{"taxonomy":"post_tag","embeddable":true,"href":"https:\/\/imediata.org\/index.php?rest_route=%2Fwp%2Fv2%2Ftags&post=4687"}],"curies":[{"name":"wp","href":"https:\/\/api.w.org\/{rel}","templated":true}]}}