{"id":4679,"date":"2013-12-31T20:16:50","date_gmt":"2013-12-31T20:16:50","guid":{"rendered":"http:\/\/imediata.org\/?p=4679"},"modified":"2013-12-31T20:16:50","modified_gmt":"2013-12-31T20:16:50","slug":"cinco-minutos-para-ouvir-um-cacique-sioux-alertar-contra-os-rastros-quimicos-e-todas-as-violacoes-contra-a-humanidade-a-mae-terra-e-o-cosmos","status":"publish","type":"post","link":"https:\/\/imediata.org\/?p=4679","title":{"rendered":">> Cinco minutos para ouvir um Cacique Sioux alertar contra os rastros qu\u00edmicos e todas as viola\u00e7\u00f5es contra a Humanidade, a M\u00e3e Terra e o Cosmos"},"content":{"rendered":"<p><a href=\"http:\/\/imediata.org\/wp-content\/uploads\/2013\/12\/chief1.jpg\"><img loading=\"lazy\" decoding=\"async\" src=\"http:\/\/imediata.org\/wp-content\/uploads\/2013\/12\/chief1.jpg\" alt=\"chief1\" width=\"480\" height=\"360\" class=\"aligncenter size-full wp-image-4681\" srcset=\"https:\/\/imediata.org\/wp-content\/uploads\/2013\/12\/chief1.jpg 480w, https:\/\/imediata.org\/wp-content\/uploads\/2013\/12\/chief1-300x225.jpg 300w, https:\/\/imediata.org\/wp-content\/uploads\/2013\/12\/chief1-73x55.jpg 73w, https:\/\/imediata.org\/wp-content\/uploads\/2013\/12\/chief1-60x45.jpg 60w\" sizes=\"auto, (max-width: 480px) 100vw, 480px\" \/><\/a><\/p>\n<p><strong>Sioux Chief Speaks of Government Chemtrails<\/strong><br \/>\n<iframe loading=\"lazy\" width=\"560\" height=\"315\" src=\"\/\/www.youtube.com\/embed\/k8hgmbaopK0\" frameborder=\"0\" allowfullscreen><\/iframe><\/p>\n<p><strong>via StarKnowledgeTV e zengardner.com<\/strong><\/p>\n<p><strong>Transcri\u00e7\u00e3o traduzida:<\/p>\n<p>Sou Ihunktowan Oyate e quero agradecer aqueles que est\u00e3o refletindo para que haja um fim desses rastros qu\u00edmicos. Como voc\u00eas podem ver, hoje o c\u00e9u est\u00e1 azul, e n\u00e3o h\u00e1 sinais de abuso do ar hoje. E agrade\u00e7o por isso.<br \/>\nQuando se usam esses rastros qu\u00edmicos h\u00e1 tantas viola\u00e7\u00f5es da lei. As pessoas dos campos cient\u00edficos, farmac\u00eautico, m\u00e9dico falam de tudo o que est\u00e1 acontecendo com o ar. Porque s\u00e3o eles que recebem os pacientes, as pessoas afetadas pela [qualidade] do ar. E est\u00e3o pesquisando e relatando. At\u00e9 mesmo os pilotos que est\u00e3o despejando essas coisas e as pessoas que enchem os tanques falam disso, do que est\u00e1 ocorrendo com o ar. Sei e entendo que eles t\u00eam um trabalho, s\u00e3o pagos e n\u00e3o querem perder seus trabalhos por causa de seu futuro, suas fam\u00edlias, tudo depende do suporte financeiro, mas isso n\u00e3o \u00e9 nada se pensamos no futuro da popula\u00e7\u00e3o, dos ainda n\u00e3o nascidos, de nossos netos. Precisamos pensar nisso tudo. Bem na frente. No futuro. <\/p>\n<p>O ar est\u00e1 sendo violado e as pessoas na Terra est\u00e3o percebendo disso.  Pessoas de todas as categorias sociais, ra\u00e7as, culturas, est\u00e3o sentido os efeitos do ar de m\u00e1 qualidade. As porcentagens de oxig\u00eanio baixaram a 17%, n\u00e3o faz muito tempo.<br \/>\nEnt\u00e3o, h\u00e1 uma viola\u00e7\u00e3o contra o livre arb\u00edtrio das pessoas. As pessoas querem um ar limpo, mas h\u00e1 outros que colocam coisas no ar para adoecer as pessoas, para que as associa\u00e7\u00f5es m\u00e9dicas e as pessoas do setor possam se enriquecer, assim como as farmac\u00eauticas. Est\u00e1 tudo conectado. Assim como o despovoamento. N\u00e3o percebem que est\u00e3o arruinando tamb\u00e9m o pr\u00f3prio sangue.<\/p>\n<p>[Acham] que podem fazer o que querem, mas o que h\u00e1 s\u00e3o VIOLA\u00c7\u00d5ES da liberdade. Viola\u00e7\u00f5es contra as leis da mudan\u00e7a, porque as pessoas querem mudan\u00e7a para melhor. E para todos. N\u00e3o s\u00f3 para alguns poucos eleitos. Mudan\u00e7as para beneficiar a humanidade, n\u00e3o para mat\u00e1-la. Assim como crescimento. N\u00e3o para crescimento ego\u00edsta ganancioso, mas para todos.<br \/>\nE tamb\u00e9m h\u00e1 necessidade de equil\u00edbrio. Isso \u00e9 preciso. Mas h\u00e1 s\u00f3 viola\u00e7\u00f5es.<br \/>\nViola\u00e7\u00e3o da for\u00e7a, da sa\u00fade, da felicidade.<br \/>\nO que se faz \u00e0 Terra e ao ar, se faz \u00e0s na\u00e7\u00f5es da Terra.<br \/>\nViola\u00e7\u00f5es contra a inoc\u00eancia. A verdade.<br \/>\nViola\u00e7\u00f5es contra a fam\u00edlia, que criam todo esse desequil\u00edbrio, contra a mente e o corpo, desequil\u00edbrios contra a prote\u00e7\u00e3o da fam\u00edlia sobre a M\u00e3e Terra.<br \/>\nE fam\u00edlia inclui tudo: as \u00e1rvores, as ervas, os animais, os p\u00e1ssaros, os animais que nadam.<br \/>\nH\u00e1 viola\u00e7\u00f5es contra as leis que protegem os cemit\u00e9rios. E tamb\u00e9m contra as leis da igualdade. [Isso acontece] quando se pensa que um grupo de pessoas \u00e9 melhor que outro, que um grupo \u00e9 mais poderoso que outro.<br \/>\nSOMOS TODOS UM POVO.<br \/>\nQuando ser\u00e1 que vamos perceber isso?<\/p>\n<p>Temos viola\u00e7\u00f5es contra as leis da vida, as leis daquilo que chamamos LUZ. Viola\u00e7\u00f5es contra o SOM, as VIBRA\u00c7\u00d5ES, as INTUI\u00c7\u00d5ES. Viola\u00e7\u00f5es contra as LEIS DA LIVRE ESCOLHA, do DISCERNIMENTO, e tamb\u00e9m do KARMA. Viola\u00e7\u00f5es contra o AMOR. Contra a NATUREZA. Viola\u00e7\u00f5es contra a PROTE\u00c7\u00c3O DA NATUREZA. Contra a PROTE\u00c7\u00c3O DA HUMANIDADE. Viola\u00e7\u00f5es contra as PERCEP\u00c7\u00d5ES. Achando que se pode fazer algo s\u00f3 em fun\u00e7\u00e3o dos pr\u00f3prios prop\u00f3sitos.   Viola\u00e7\u00f5es contra suas PERCEP\u00c7\u00d5ES.<\/p>\n<p>Todas essas viola\u00e7\u00f5es contra as leis da M\u00c3E TERRA, contra o COSMOS e TODAS SUAS DIMENS\u00d5ES e MULTIDIMENS\u00d5ES, nas dimens\u00f5es de todas as \u00e1reas, de SUAS DIMENS\u00d5ES CELULARES.<\/p>\n<p>Todo o mundo est\u00e1 sentindo isso. <\/p>\n<p>A LUZ DESSE MUNDO N\u00c3O PODE SER OBSCURECIDA. N\u00c3O PODEMOS NOS PERMITIR DE ESCURECER A LUZ DA M\u00c3E TERRA. <\/p>\n<p>Vamos prosseguir e continuar nossas ora\u00e7\u00f5es porque amamos nossos c\u00e9us azuis aqui. <\/strong><\/p>\n","protected":false},"excerpt":{"rendered":"<p>Sioux Chief Speaks of Government Chemtrails via StarKnowledgeTV e zengardner.com Transcri\u00e7\u00e3o traduzida: Sou Ihunktowan Oyate e quero agradecer aqueles que est\u00e3o refletindo para que haja um fim desses rastros qu\u00edmicos. Como voc\u00eas podem ver, hoje o c\u00e9u est\u00e1 azul, e n\u00e3o h\u00e1 sinais de abuso do ar hoje. E agrade\u00e7o por isso. Quando se usam [&hellip;]<\/p>\n","protected":false},"author":1,"featured_media":0,"comment_status":"open","ping_status":"open","sticky":false,"template":"","format":"standard","meta":{"footnotes":""},"categories":[5,212,9],"tags":[2597,1627,2598],"class_list":["post-4679","post","type-post","status-publish","format-standard","hentry","category-biodiversidade-imediata","category-cinco-minutos","category-lance-de-dados","tag-cacique-sioux-alerta-contra-rastros-quimicos","tag-geoengenharia","tag-violacoes-contra-a-mae-terra-a-humanidade-e-o-cosmos"],"_links":{"self":[{"href":"https:\/\/imediata.org\/index.php?rest_route=\/wp\/v2\/posts\/4679","targetHints":{"allow":["GET"]}}],"collection":[{"href":"https:\/\/imediata.org\/index.php?rest_route=\/wp\/v2\/posts"}],"about":[{"href":"https:\/\/imediata.org\/index.php?rest_route=\/wp\/v2\/types\/post"}],"author":[{"embeddable":true,"href":"https:\/\/imediata.org\/index.php?rest_route=\/wp\/v2\/users\/1"}],"replies":[{"embeddable":true,"href":"https:\/\/imediata.org\/index.php?rest_route=%2Fwp%2Fv2%2Fcomments&post=4679"}],"version-history":[{"count":1,"href":"https:\/\/imediata.org\/index.php?rest_route=\/wp\/v2\/posts\/4679\/revisions"}],"predecessor-version":[{"id":4682,"href":"https:\/\/imediata.org\/index.php?rest_route=\/wp\/v2\/posts\/4679\/revisions\/4682"}],"wp:attachment":[{"href":"https:\/\/imediata.org\/index.php?rest_route=%2Fwp%2Fv2%2Fmedia&parent=4679"}],"wp:term":[{"taxonomy":"category","embeddable":true,"href":"https:\/\/imediata.org\/index.php?rest_route=%2Fwp%2Fv2%2Fcategories&post=4679"},{"taxonomy":"post_tag","embeddable":true,"href":"https:\/\/imediata.org\/index.php?rest_route=%2Fwp%2Fv2%2Ftags&post=4679"}],"curies":[{"name":"wp","href":"https:\/\/api.w.org\/{rel}","templated":true}]}}