{"id":4670,"date":"2013-12-30T22:08:26","date_gmt":"2013-12-30T22:08:26","guid":{"rendered":"http:\/\/imediata.org\/?p=4670"},"modified":"2013-12-30T22:12:44","modified_gmt":"2013-12-30T22:12:44","slug":"cabecas-que-fazem-falta-6-vimala-thakar-sou-o-perfume-da-evolucao-cosmica-nenhuma-idade-pode-reclamar-se","status":"publish","type":"post","link":"https:\/\/imediata.org\/?p=4670","title":{"rendered":">> Cabe\u00e7as que fazem falta 6 &#8211; Vimala Thakar: &#8220;Sou o perfume da evolu\u00e7\u00e3o c\u00f3smica&#8230;Nenhuma idade pode reclamar-me.&#8221;"},"content":{"rendered":"<p><a href=\"http:\/\/imediata.org\/wp-content\/uploads\/2013\/12\/aum_small.png\"><img loading=\"lazy\" decoding=\"async\" src=\"http:\/\/imediata.org\/wp-content\/uploads\/2013\/12\/aum_small.png\" alt=\"aum_small\" width=\"240\" height=\"235\" class=\"aligncenter size-full wp-image-4672\" srcset=\"https:\/\/imediata.org\/wp-content\/uploads\/2013\/12\/aum_small.png 240w, https:\/\/imediata.org\/wp-content\/uploads\/2013\/12\/aum_small-56x55.png 56w\" sizes=\"auto, (max-width: 240px) 100vw, 240px\" \/><\/a><\/p>\n<p><strong>NENHUMA IDADE PODE RECLAMAR-ME<\/p>\n<p>Vimala Thakar<br \/>\n<\/strong><br \/>\n<a href=\"http:\/\/imediata.org\/wp-content\/uploads\/2013\/12\/unnamed2.jpg\"><img loading=\"lazy\" decoding=\"async\" src=\"http:\/\/imediata.org\/wp-content\/uploads\/2013\/12\/unnamed2.jpg\" alt=\"unnamed\" width=\"192\" height=\"195\" class=\"aligncenter size-full wp-image-4673\" srcset=\"https:\/\/imediata.org\/wp-content\/uploads\/2013\/12\/unnamed2.jpg 192w, https:\/\/imediata.org\/wp-content\/uploads\/2013\/12\/unnamed2-54x55.jpg 54w\" sizes=\"auto, (max-width: 192px) 100vw, 192px\" \/><\/a><\/p>\n<p><strong>Estou apaixonadamente interessada pela vida.<br \/>\nA minha aten\u00e7\u00e3o\u2026 nada pode desvi\u00e1-la do viver.<\/p>\n<p>Estou loucamente enamorada pelo Homem.<br \/>\nN\u00e3o podem deter-me as distin\u00e7\u00f5es nem as discrimina\u00e7\u00f5es.<\/p>\n<p>A paix\u00e3o pela Liberdade me consome.<br \/>\nA \u00e9tica e a religi\u00e3o n\u00e3o podem controlar minha espontaneidade.<\/p>\n<p>A terra \u00e9 o meu lar, os vastos c\u00e9us minha morada.<br \/>\nNenhum estado, nenhuma na\u00e7\u00e3o poder\u00e3o jamais assenhoriar-se de mim.<\/p>\n<p>Sou o perfume da evolu\u00e7\u00e3o c\u00f3smica.<br \/>\nNenhum pensamento, nenhuma ra\u00e7a, nenhuma idade poder\u00e3o reclamar-me.<\/p>\n<p>De Amistosa Comunh\u00e3o<br \/>\n(Poemas de Vimala Thakar)<\/p>\n<p>tradu\u00e7\u00e3o: Mario S. Mieli<br \/>\n<\/strong><\/p>\n<p><a href=\"http:\/\/imediata.org\/wp-content\/uploads\/2013\/12\/kosmos.jpg\"><img loading=\"lazy\" decoding=\"async\" src=\"http:\/\/imediata.org\/wp-content\/uploads\/2013\/12\/kosmos.jpg\" alt=\"kosmos\" width=\"300\" height=\"200\" class=\"aligncenter size-full wp-image-4677\" srcset=\"https:\/\/imediata.org\/wp-content\/uploads\/2013\/12\/kosmos.jpg 300w, https:\/\/imediata.org\/wp-content\/uploads\/2013\/12\/kosmos-82x55.jpg 82w\" sizes=\"auto, (max-width: 300px) 100vw, 300px\" \/><\/a><\/p>\n<p><strong>&#8220;Nirvaneiem-se&#8221;<\/strong> &#8211; texto da mensagem original (17\/7\/2011)<br \/>\nPor Mario S. Mieli<\/p>\n<p>Um dia achei um livreco que acabara de ser despejado<br \/>\ndo saco imundo de um ainda mais imundo vendedor de rua.<\/p>\n<p>Como n\u00e3o sabia do que se tratava, comprei.<br \/>\nUm d\u00f3lar. Somente um d\u00f3lar. <\/p>\n<p>A autora? Vimala Thakar<\/p>\n<p>Nunca tinha ouvido falar dela.<br \/>\nLevei pra casa. Abri uma p\u00e1gina aleatoriamente.<br \/>\nComo uma carto-amante faz pra re-ler nosso futuro do pret\u00e9rito.<\/p>\n<p>Deparei-me com uma poesia, assim, de repente, antes de logo voltar<br \/>\na perder o livro no templo-turbilh\u00e3o de esquizo-bibliofilia<br \/>\nque \u00e9 meu &#8220;conjugado&#8221;.<\/p>\n<p>Vertiginou-me o texto pela simplicidade. Espontaneidade.<br \/>\nFui, como frugal e comportado aut\u00f4mato, ao computa-dor<br \/>\n(se o U de computador fosse um O, seria perfeito anagrama de &#8220;comportado&#8221;)<br \/>\n&#8230;essa caixinha de alegrias e tristezas&#8230; &#8211;<br \/>\ntraduzi-la ao portugu\u00eas (do ingl\u00eas).<br \/>\nTalvez para senti-la mais &#8220;minha&#8221;, no sentido<br \/>\nmais altru\u00edsta poss\u00edvel da palavra.<\/p>\n<p>No come\u00e7o, lembrou-me um pouco S\u00eaneca, paix\u00e3o antiga<br \/>\npor\u00e9m, rara e curiosamente, a quem sou fiel&#8230;<br \/>\n(O S\u00eaneca de &#8220;Patria Mea Mundus Est.&#8221;)<br \/>\nmas quando escrevi o verso&#8230; <\/p>\n<p>&#8220;Sou o perfume da evolu\u00e7\u00e3o c\u00f3smica.&#8221;<\/p>\n<p>j\u00e1 estava totalmente nirvaneado.<br \/>\nPor um matiz diferente. Uma luz do Oriente.<br \/>\nQue do restrito mundo me potencializava ao pr\u00f3prio cosmos.<\/p>\n<p>Assim, que as simples palavras dessa ativista social, fil\u00f3sofa,<br \/>\ntutora espiritual, etc. e tal&#8230; <\/p>\n<p>[(ki saco definir as pessoas com esses ar-r\u00f3t[ul]os)<br \/>\npregadora de uma teologia de liberta\u00e7\u00e3o diferente,<br \/>\ne que faleceu no dia 11 de mar\u00e7o de 2009 &#8211; Dia do Festival das Cores na \u00cdndia&#8230;.]<\/p>\n<p>&#8230; abra todos os chakras e meridianos, fa\u00e7a subir a kundalini, abra o terceiro olho, ilumine mentes cora\u00e7\u00f5es&#8230;<br \/>\npara que todos n\u00f3s possamos nos nirvanear<br \/>\n como eu me nirvaneei&#8230; quando traduzi ou quando releio<br \/>\nas palavras dessa santa-profana-o-que-h\u00e1-de-melhor-na-humanidade&#8230;<\/p>\n<p>afinal,<br \/>\nsomos todos ingredientes dessa mesma ess\u00eancia&#8230;o perfume do ying\/yang cria\u00e7\u00e3o\/evolu\u00e7\u00e3o&#8230;<br \/>\n<strong>Nirvaneiem-se!!!!<br \/>\nNirvaneiem-se!!!!<br \/>\nNirvaneiem-se!!!!<\/strong><\/p>\n<p><strong>&#8220;Toda a vida de Vimala tem sido uma contribui\u00e7\u00e3o a elevar o n\u00edvel de consci\u00eancia da humanidade\/&#8221; Kaiser Irani, em Biography of Vimala Thakar<\/strong><br \/>\n<a href=\"http:\/\/www.vimalathakar.org\/\">http:\/\/www.vimalathakar.org\/<\/a><\/p>\n<p>RENUNCIATION &#8212; VIMALA THAKAR<\/p>\n<p><iframe loading=\"lazy\" width=\"420\" height=\"315\" src=\"\/\/www.youtube.com\/embed\/0cfmbkMOek0\" frameborder=\"0\" allowfullscreen><\/iframe><\/p>\n<p>Imagens da Festa das Cores na india, coincidentemente, o dia em que Vimala faleceu.<\/p>\n<p>Holi em Barsana<\/p>\n<p><iframe loading=\"lazy\" width=\"420\" height=\"315\" src=\"\/\/www.youtube.com\/embed\/0SfG_EdlrWw\" frameborder=\"0\" allowfullscreen><\/iframe><\/p>\n<p>Holi em Mathura<\/p>\n<p><iframe loading=\"lazy\" width=\"420\" height=\"315\" src=\"\/\/www.youtube.com\/embed\/4ioRSKkdjCY\" frameborder=\"0\" allowfullscreen><\/iframe><\/p>\n","protected":false},"excerpt":{"rendered":"<p>NENHUMA IDADE PODE RECLAMAR-ME Vimala Thakar Estou apaixonadamente interessada pela vida. A minha aten\u00e7\u00e3o\u2026 nada pode desvi\u00e1-la do viver. Estou loucamente enamorada pelo Homem. N\u00e3o podem deter-me as distin\u00e7\u00f5es nem as discrimina\u00e7\u00f5es. A paix\u00e3o pela Liberdade me consome. A \u00e9tica e a religi\u00e3o n\u00e3o podem controlar minha espontaneidade. A terra \u00e9 o meu lar, os [&hellip;]<\/p>\n","protected":false},"author":1,"featured_media":0,"comment_status":"open","ping_status":"open","sticky":false,"template":"","format":"standard","meta":{"footnotes":""},"categories":[4,94,97],"tags":[2595,2596,977,2592,2594,2593,733,95,2591,2590],"class_list":["post-4670","post","type-post","status-publish","format-standard","hentry","category-al-manakh","category-cabecas-que-fazem-falta","category-poemario-vasculhado","tag-nirvaneiem-se-por-mario-s-mieli","tag-amistosa-comunhao","tag-consciencia","tag-elevacao-do-nivel-de-consciencia-da-humanidade","tag-festa-das-cores","tag-filosofia","tag-india","tag-mario-s-mieli","tag-nenhuma-idade-pode-reclamar-me","tag-vimala-thakar"],"_links":{"self":[{"href":"https:\/\/imediata.org\/index.php?rest_route=\/wp\/v2\/posts\/4670","targetHints":{"allow":["GET"]}}],"collection":[{"href":"https:\/\/imediata.org\/index.php?rest_route=\/wp\/v2\/posts"}],"about":[{"href":"https:\/\/imediata.org\/index.php?rest_route=\/wp\/v2\/types\/post"}],"author":[{"embeddable":true,"href":"https:\/\/imediata.org\/index.php?rest_route=\/wp\/v2\/users\/1"}],"replies":[{"embeddable":true,"href":"https:\/\/imediata.org\/index.php?rest_route=%2Fwp%2Fv2%2Fcomments&post=4670"}],"version-history":[{"count":4,"href":"https:\/\/imediata.org\/index.php?rest_route=\/wp\/v2\/posts\/4670\/revisions"}],"predecessor-version":[{"id":4678,"href":"https:\/\/imediata.org\/index.php?rest_route=\/wp\/v2\/posts\/4670\/revisions\/4678"}],"wp:attachment":[{"href":"https:\/\/imediata.org\/index.php?rest_route=%2Fwp%2Fv2%2Fmedia&parent=4670"}],"wp:term":[{"taxonomy":"category","embeddable":true,"href":"https:\/\/imediata.org\/index.php?rest_route=%2Fwp%2Fv2%2Fcategories&post=4670"},{"taxonomy":"post_tag","embeddable":true,"href":"https:\/\/imediata.org\/index.php?rest_route=%2Fwp%2Fv2%2Ftags&post=4670"}],"curies":[{"name":"wp","href":"https:\/\/api.w.org\/{rel}","templated":true}]}}