{"id":4665,"date":"2013-12-30T05:29:37","date_gmt":"2013-12-30T05:29:37","guid":{"rendered":"http:\/\/imediata.org\/?p=4665"},"modified":"2013-12-30T05:48:06","modified_gmt":"2013-12-30T05:48:06","slug":"sala-de-espera-55-houve-epoca-melhor-para-cantar-lascia-chio-pianga-de-haendel","status":"publish","type":"post","link":"https:\/\/imediata.org\/?p=4665","title":{"rendered":">> Sala de Espera 55 &#8211; houve \u00e9poca melhor para cantar &#8216;Lascia ch&#8217;io pianga&#8217; de Haendel?"},"content":{"rendered":"<p><a href=\"http:\/\/imediata.org\/wp-content\/uploads\/2013\/12\/mqdefault16.jpg\"><img loading=\"lazy\" decoding=\"async\" src=\"http:\/\/imediata.org\/wp-content\/uploads\/2013\/12\/mqdefault16.jpg\" alt=\"mqdefault\" width=\"320\" height=\"180\" class=\"aligncenter size-full wp-image-4667\" srcset=\"https:\/\/imediata.org\/wp-content\/uploads\/2013\/12\/mqdefault16.jpg 320w, https:\/\/imediata.org\/wp-content\/uploads\/2013\/12\/mqdefault16-300x168.jpg 300w, https:\/\/imediata.org\/wp-content\/uploads\/2013\/12\/mqdefault16-97x55.jpg 97w\" sizes=\"auto, (max-width: 320px) 100vw, 320px\" \/><\/a><\/p>\n<p><strong>&#8230; numa \u00e9poca de c\u00e9us conspurcados, riscados, manchados, rabiscados, corrompidos, maculados, militarizados, desonrados, aviltados, o azul tornou-se raridade. O canal attivo.tv fez sugestiva montagem com a can\u00e7\u00e3o de Paolo Conte, cantada por Adriano Celentano, &#8220;Azzurro&#8221; (Azul), bruscamente interrompida com a Realidade secreta, suja e b\u00e9lica vista nos c\u00e9us do mundo todo&#8230;<\/strong><\/p>\n<p>Azzurro il cielo sopra di noi<br \/>\n<iframe loading=\"lazy\" width=\"560\" height=\"315\" src=\"\/\/www.youtube.com\/embed\/-W2-aaht5eg\" frameborder=\"0\" allowfullscreen><\/iframe><\/p>\n<p><strong>Mas a pung\u00eancia e a dor que esses c\u00e9us manipulados provocam talvez sejam melhor refletidas na \u00e1ria da \u00f3pera Rinaldo, de Haendel, aqui interpretada por cantores diferentes:<\/strong><\/p>\n<p>Cecilia Bartoli-Lascia ch&#8217;io pianga<br \/>\n<iframe loading=\"lazy\" width=\"420\" height=\"315\" src=\"\/\/www.youtube.com\/embed\/peJxkzPSQFg\" frameborder=\"0\" allowfullscreen><\/iframe><\/p>\n<p>Patricia Petibon &#8211; Lascia ch&#8217;io pianga<br \/>\n<iframe loading=\"lazy\" width=\"420\" height=\"315\" src=\"\/\/www.youtube.com\/embed\/mhcfUrG5fzY\" frameborder=\"0\" allowfullscreen><\/iframe><\/p>\n<p>Alessandro Moreschi &#8211; no filme Farinelli &#8211; Lascia Ch&#8217;io Pianga (HD)<br \/>\n<iframe loading=\"lazy\" width=\"560\" height=\"315\" src=\"\/\/www.youtube.com\/embed\/WuSiuMuBLhM\" frameborder=\"0\" allowfullscreen><\/iframe><\/p>\n<p>H\u00e4ndel &#8211; Lascia Ch&#8217;io Pianga &#8211; Meninas Cantoras de Petr\u00f3polis<br \/>\n<iframe loading=\"lazy\" width=\"420\" height=\"315\" src=\"\/\/www.youtube.com\/embed\/dPPywFDskmE\" frameborder=\"0\" allowfullscreen><\/iframe><\/p>\n<p>Lascia Ch&#8217;io Pianga (Haendel) Meninas Cantoras de Petr\u00f3polis Campanha Mundial Doen\u00e7as Intestinais<br \/>\n<iframe loading=\"lazy\" width=\"560\" height=\"315\" src=\"\/\/www.youtube.com\/embed\/8D2QLZ7ONnM\" frameborder=\"0\" allowfullscreen><\/iframe><\/p>\n<p>Letra:<br \/>\nLascia ch&#8217;io pianga mia cruda sorte,<br \/>\nE che sospiri la libert\u00e0!<br \/>\nE che sospiri, e che sospiri la libert\u00e0!<br \/>\nLascia ch&#8217;io pianga mia cruda sorte,<br \/>\nE che sospiri la libert\u00e0! <\/p>\n<p>Il duolo infranga queste ritorte<br \/>\nDe&#8217; miei martiri, sol per piet\u00e0<\/p>\n<p>Lascia ch&#8217;io pianga mia cruda sorte,<br \/>\nE che sospiri la libert\u00e0!<br \/>\nE che sospiri, e che sospiri la libert\u00e0!<br \/>\nLascia ch&#8217;io pianga mia cruda sorte,<br \/>\nE che sospiri la libert\u00e0!<\/p>\n<p>Oxal\u00e1 os cantos de todos os (ainda) humanos contribuam para dissipar essas rastro-pragas que, borrando os c\u00e9us, nos contaminam com sabe deus que agentes da grande malevol\u00eancia mundial.<\/p>\n","protected":false},"excerpt":{"rendered":"<p>&#8230; numa \u00e9poca de c\u00e9us conspurcados, riscados, manchados, rabiscados, corrompidos, maculados, militarizados, desonrados, aviltados, o azul tornou-se raridade. O canal attivo.tv fez sugestiva montagem com a can\u00e7\u00e3o de Paolo Conte, cantada por Adriano Celentano, &#8220;Azzurro&#8221; (Azul), bruscamente interrompida com a Realidade secreta, suja e b\u00e9lica vista nos c\u00e9us do mundo todo&#8230; Azzurro il cielo sopra [&hellip;]<\/p>\n","protected":false},"author":1,"featured_media":0,"comment_status":"open","ping_status":"open","sticky":false,"template":"","format":"standard","meta":{"footnotes":""},"categories":[5,100,11],"tags":[2585,2582,2588,2586,2579,2589,1627,2581,2583,2584,2580,829,2587],"class_list":["post-4665","post","type-post","status-publish","format-standard","hentry","category-biodiversidade-imediata","category-sala-de-espera","category-sambaqui","tag-adriano-celentano","tag-alessandro-moreschi","tag-aria-da-opera-rinaldo","tag-azzurro","tag-cecilia-bartoli","tag-filme-farinelli","tag-geoengenharia","tag-haendel","tag-meninas-cantoras-de-petropolis","tag-paolo-conte","tag-patricia-petibon","tag-rastros-quimicos","tag-rinaldo"],"_links":{"self":[{"href":"https:\/\/imediata.org\/index.php?rest_route=\/wp\/v2\/posts\/4665","targetHints":{"allow":["GET"]}}],"collection":[{"href":"https:\/\/imediata.org\/index.php?rest_route=\/wp\/v2\/posts"}],"about":[{"href":"https:\/\/imediata.org\/index.php?rest_route=\/wp\/v2\/types\/post"}],"author":[{"embeddable":true,"href":"https:\/\/imediata.org\/index.php?rest_route=\/wp\/v2\/users\/1"}],"replies":[{"embeddable":true,"href":"https:\/\/imediata.org\/index.php?rest_route=%2Fwp%2Fv2%2Fcomments&post=4665"}],"version-history":[{"count":2,"href":"https:\/\/imediata.org\/index.php?rest_route=\/wp\/v2\/posts\/4665\/revisions"}],"predecessor-version":[{"id":4669,"href":"https:\/\/imediata.org\/index.php?rest_route=\/wp\/v2\/posts\/4665\/revisions\/4669"}],"wp:attachment":[{"href":"https:\/\/imediata.org\/index.php?rest_route=%2Fwp%2Fv2%2Fmedia&parent=4665"}],"wp:term":[{"taxonomy":"category","embeddable":true,"href":"https:\/\/imediata.org\/index.php?rest_route=%2Fwp%2Fv2%2Fcategories&post=4665"},{"taxonomy":"post_tag","embeddable":true,"href":"https:\/\/imediata.org\/index.php?rest_route=%2Fwp%2Fv2%2Ftags&post=4665"}],"curies":[{"name":"wp","href":"https:\/\/api.w.org\/{rel}","templated":true}]}}