{"id":466,"date":"2011-11-06T02:09:57","date_gmt":"2011-11-06T02:09:57","guid":{"rendered":"http:\/\/imediata.org\/?p=466"},"modified":"2011-11-19T03:56:16","modified_gmt":"2011-11-19T03:56:16","slug":"cabecas-que-fazem-falta-2-fellini","status":"publish","type":"post","link":"https:\/\/imediata.org\/?p=466","title":{"rendered":">>CABE\u00c7AS QUE FAZEM FALTA 2  &#8211; FELLINI"},"content":{"rendered":"<p><strong>CABE\u00c7AS QUE FAZEM FALTA 2 \u00a0&#8211; FELLINI &#8211; PROVA D&#8217;ORCHESTRA<\/strong><\/p>\n<p>&nbsp;<\/p>\n<p>&nbsp;<\/p>\n<p>Por: Mario S. Mieli<\/p>\n<p>Em mensagem de: 27 de junho de 2011<\/p>\n<p>&nbsp;<\/p>\n<p>Excelente filme do Fellini, de 1979, com legendas em portugu\u00eas (algo raro na net). Com pouco mais de uma hora, o breve filme ensaio de orquestra \u00e9 uma grande obra de arte. Palavras para descrever os instrumentos, cores para descrever os sons, sons para descrever o estado de esp\u00edrito individual e grupal de um povo. Num certo sentido realista, como met\u00e1fora da It\u00e1lia pol\u00edtica dos anos 70 \u2013 pa\u00eds em que a criatividade da popula\u00e7\u00e3o sempre se revelou a partir de tra\u00e7os pol\u00edticos fortemente an\u00e1rquicos (a pr\u00f3pria unifica\u00e7\u00e3o da It\u00e1lia foi obra, em grande parte, dos anarquistas, por ir\u00f4nico que pare\u00e7a&#8230;), alternadamente sufocados por espectros de ensaios fascistas-totalitaristas. Prof\u00e9tico, por anunciar o que estava por vir.<\/p>\n<p>&nbsp;<\/p>\n<p>Pessoalmente, por uma s\u00e9rie de coincid\u00eancias fortuitas, o filme mudou minha vida. Assisti \u00e0 premi\u00e8re em Roma. Na sa\u00edda me deram de presente um p\u00f4ster do filme. De volta ao Brasil, muitos amigos quiseram compr\u00e1-lo. Comecei a importar p\u00f4sters de cinema da It\u00e1lia e fiz exposi\u00e7\u00f5es de p\u00f4sters de cinema no Brasil. Dos p\u00f4sters, comecei a vender obras de arte\u2026 Comecei a me interessar mais pelas obras de arte em si do que pela venda das mesmas\u2026<\/p>\n<p>&nbsp;<\/p>\n<p>Fellini se foi mas continua por a\u00ed.<\/p>\n<p>&nbsp;<\/p>\n<p>Faz muita falta n\u00e3o ouvir a voz e n\u00e3o ver as produ\u00e7\u00f5es desse que foi um dos maiores artistas do s\u00e9culo XX e n\u00e3o s\u00f3 desse s\u00e9culo. As voltas que a vida deu foram muitas, mas o filme permanece com o mesmo impacto. Espero que encontrem um tempo para v\u00ea-lo ou rev\u00ea-lo, quando tiverem ocasi\u00e3o. E espero que o curtam tanto quanto eu&#8230; DA CAPO!!!&#8230;.<\/p>\n<p>&nbsp;<\/p>\n<p><strong>\u00a0<\/strong><\/p>\n<p><strong>\u00a0<\/strong><\/p>\n<p><strong>\u00a0<\/strong><\/p>\n<p><strong>Prova d&#8217;orchestra [Federico Fellini] 1\/7<\/strong><\/p>\n<p>http:\/\/youtu.be\/117lRRfd0ws<\/p>\n<p><strong>\u00a0<\/strong><\/p>\n<p><strong>Prova d&#8217;orchestra [Federico Fellini] 2\/7<\/strong><\/p>\n<p>http:\/\/youtu.be\/_vESbLV927U<\/p>\n<p><strong>\u00a0<\/strong><\/p>\n<p><strong>Prova d&#8217;orchestra [Federico Fellini] 3\/7<\/strong><\/p>\n<p>http:\/\/www.youtube.com\/watch?v=LRKw7ECLATU&#038;NR=1<\/p>\n<p><strong>\u00a0<\/strong><\/p>\n<p><strong>Prova d&#8217;orchestra [Federico Fellini] 4\/7<\/strong><\/p>\n<p>http:\/\/youtu.be\/To3CLb4X78c<\/p>\n<p><strong>\u00a0<\/strong><\/p>\n<p><strong>Prova d&#8217;orchestra [Federico Fellini] 5\/7<\/strong><\/p>\n<p>http:\/\/youtu.be\/AqLVPKpfpYg<\/p>\n<p><strong>\u00a0<\/strong><\/p>\n<p><strong>Prova d&#8217;orchestra [Federico Fellini] 6\/7<\/strong><\/p>\n<p>http:\/\/youtu.be\/lpGm8yGbRx8<\/p>\n<p><strong><\/strong><strong>\u00a0<\/strong><\/p>\n<p><strong>Prova d&#8217;orchestra [Federico Fellini] 7\/7<\/strong><\/p>\n<p>http:\/\/youtu.be\/85DwyqwqACo<\/p>\n<p>&nbsp;<\/p>\n<p>&nbsp;<\/p>\n","protected":false},"excerpt":{"rendered":"<p>CABE\u00c7AS QUE FAZEM FALTA 2 \u00a0&#8211; FELLINI &#8211; PROVA D&#8217;ORCHESTRA &nbsp; &nbsp; Por: Mario S. Mieli Em mensagem de: 27 de junho de 2011 &nbsp; Excelente filme do Fellini, de 1979, com legendas em portugu\u00eas (algo raro na net). Com pouco mais de uma hora, o breve filme ensaio de orquestra \u00e9 uma grande obra [&hellip;]<\/p>\n","protected":false},"author":1,"featured_media":0,"comment_status":"open","ping_status":"open","sticky":false,"template":"","format":"standard","meta":{"footnotes":""},"categories":[94],"tags":[137,95,138],"class_list":["post-466","post","type-post","status-publish","format-standard","hentry","category-cabecas-que-fazem-falta","tag-federico-fellini","tag-mario-s-mieli","tag-prova-dorchestra"],"_links":{"self":[{"href":"https:\/\/imediata.org\/index.php?rest_route=\/wp\/v2\/posts\/466","targetHints":{"allow":["GET"]}}],"collection":[{"href":"https:\/\/imediata.org\/index.php?rest_route=\/wp\/v2\/posts"}],"about":[{"href":"https:\/\/imediata.org\/index.php?rest_route=\/wp\/v2\/types\/post"}],"author":[{"embeddable":true,"href":"https:\/\/imediata.org\/index.php?rest_route=\/wp\/v2\/users\/1"}],"replies":[{"embeddable":true,"href":"https:\/\/imediata.org\/index.php?rest_route=%2Fwp%2Fv2%2Fcomments&post=466"}],"version-history":[{"count":9,"href":"https:\/\/imediata.org\/index.php?rest_route=\/wp\/v2\/posts\/466\/revisions"}],"predecessor-version":[{"id":620,"href":"https:\/\/imediata.org\/index.php?rest_route=\/wp\/v2\/posts\/466\/revisions\/620"}],"wp:attachment":[{"href":"https:\/\/imediata.org\/index.php?rest_route=%2Fwp%2Fv2%2Fmedia&parent=466"}],"wp:term":[{"taxonomy":"category","embeddable":true,"href":"https:\/\/imediata.org\/index.php?rest_route=%2Fwp%2Fv2%2Fcategories&post=466"},{"taxonomy":"post_tag","embeddable":true,"href":"https:\/\/imediata.org\/index.php?rest_route=%2Fwp%2Fv2%2Ftags&post=466"}],"curies":[{"name":"wp","href":"https:\/\/api.w.org\/{rel}","templated":true}]}}