{"id":4605,"date":"2013-12-25T23:02:51","date_gmt":"2013-12-25T23:02:51","guid":{"rendered":"http:\/\/imediata.org\/?p=4605"},"modified":"2013-12-25T23:04:38","modified_gmt":"2013-12-25T23:04:38","slug":"a-poesia-e-a-verdade-disponivel-a-todos-somos-todos-poetas-ermanno-olmi","status":"publish","type":"post","link":"https:\/\/imediata.org\/?p=4605","title":{"rendered":">> &#8220;A poesia \u00e9 a verdade dispon\u00edvel a todos. Somos todos poetas.&#8221; Ermanno Olmi"},"content":{"rendered":"<p><a href=\"http:\/\/imediata.org\/wp-content\/uploads\/2013\/12\/images6.jpeg\"><img loading=\"lazy\" decoding=\"async\" src=\"http:\/\/imediata.org\/wp-content\/uploads\/2013\/12\/images6.jpeg\" alt=\"images\" width=\"293\" height=\"172\" class=\"aligncenter size-full wp-image-4607\" srcset=\"https:\/\/imediata.org\/wp-content\/uploads\/2013\/12\/images6.jpeg 293w, https:\/\/imediata.org\/wp-content\/uploads\/2013\/12\/images6-93x55.jpeg 93w\" sizes=\"auto, (max-width: 293px) 100vw, 293px\" \/><\/a><\/p>\n<p><strong>Assim se expressa o cineasta <a href=\"http:\/\/pt.wikipedia.org\/wiki\/Ermanno_Olmi\">Ermanno Olmi<\/a> sobre poesia e verdade:<br \/>\n&#8220;A poesia \u00e9 a verdade dispon\u00edvel a todos. Somos todos poetas.<\/strong>&#8221;<\/p>\n<p><iframe loading=\"lazy\" width=\"560\" height=\"315\" src=\"\/\/www.youtube.com\/embed\/Co20GfqvyOo\" frameborder=\"0\" allowfullscreen><\/iframe><\/p>\n<p><strong>Transcri\u00e7\u00e3o traduzida: Mario S. Mieli<\/p>\n<p>Pelo nosso caminho humano, a \u00fanica possibilidade de nos aproximarmos da verdade \u00e9 atrav\u00e9s da poesia.<\/p>\n<p>A poesia? Talvez voc\u00eas dir\u00e3o: mas aqui j\u00e1 se faz uma distin\u00e7\u00e3o preocupante, pois n\u00e3o h\u00e1 assim tantos poetas.<\/p>\n<p>N\u00e3o. Somos todos poetas. Todos somos poetas.<\/p>\n<p>Quando dizemos a uma pessoa: eu te amo, quantas vezes ter\u00e3o sido ditas essas palavras? \u201ceu te amo\u201d&#8230; na hist\u00f3ria da humanidade.<\/p>\n<p>Bem, mesmo repetindo essas mesmas palavras, n\u00f3s, com o nosso sentimento, as transformamos em palavras novas. <\/p>\n<p>Assim, cada um de n\u00f3s, quando coloca nas pr\u00f3prias palavras e nas pr\u00f3prias a\u00e7\u00f5es o sentimento, est\u00e1 fazendo poesia.<\/p>\n<p>Bem, a poesia \u00e9 a verdade que TODOS temos \u00e0 disposi\u00e7\u00e3o. A verdade tem mil vozes.<\/p>\n<p>Somos n\u00f3s que temos poucos ouvidos.<\/strong><\/p>\n<p><a href=\"http:\/\/imediata.org\/wp-content\/uploads\/2013\/12\/images-11.jpeg\"><img loading=\"lazy\" decoding=\"async\" src=\"http:\/\/imediata.org\/wp-content\/uploads\/2013\/12\/images-11.jpeg\" alt=\"images-1\" width=\"196\" height=\"257\" class=\"aligncenter size-full wp-image-4608\" srcset=\"https:\/\/imediata.org\/wp-content\/uploads\/2013\/12\/images-11.jpeg 196w, https:\/\/imediata.org\/wp-content\/uploads\/2013\/12\/images-11-41x55.jpeg 41w\" sizes=\"auto, (max-width: 196px) 100vw, 196px\" \/><\/a><\/p>\n","protected":false},"excerpt":{"rendered":"<p>Assim se expressa o cineasta Ermanno Olmi sobre poesia e verdade: &#8220;A poesia \u00e9 a verdade dispon\u00edvel a todos. Somos todos poetas.&#8221; Transcri\u00e7\u00e3o traduzida: Mario S. Mieli Pelo nosso caminho humano, a \u00fanica possibilidade de nos aproximarmos da verdade \u00e9 atrav\u00e9s da poesia. A poesia? Talvez voc\u00eas dir\u00e3o: mas aqui j\u00e1 se faz uma distin\u00e7\u00e3o [&hellip;]<\/p>\n","protected":false},"author":1,"featured_media":0,"comment_status":"open","ping_status":"open","sticky":false,"template":"","format":"standard","meta":{"footnotes":""},"categories":[4,97,1],"tags":[2543,2540,95,61,2541,2542,1282],"class_list":["post-4605","post","type-post","status-publish","format-standard","hentry","category-al-manakh","category-poemario-vasculhado","category-uncategorized","tag-a-poesia-e-a-verdade-disponivel-a-todos","tag-ermanno-olmi","tag-mario-s-mieli","tag-poesia","tag-sentimento","tag-somos-todos-poetas","tag-verdade"],"_links":{"self":[{"href":"https:\/\/imediata.org\/index.php?rest_route=\/wp\/v2\/posts\/4605","targetHints":{"allow":["GET"]}}],"collection":[{"href":"https:\/\/imediata.org\/index.php?rest_route=\/wp\/v2\/posts"}],"about":[{"href":"https:\/\/imediata.org\/index.php?rest_route=\/wp\/v2\/types\/post"}],"author":[{"embeddable":true,"href":"https:\/\/imediata.org\/index.php?rest_route=\/wp\/v2\/users\/1"}],"replies":[{"embeddable":true,"href":"https:\/\/imediata.org\/index.php?rest_route=%2Fwp%2Fv2%2Fcomments&post=4605"}],"version-history":[{"count":1,"href":"https:\/\/imediata.org\/index.php?rest_route=\/wp\/v2\/posts\/4605\/revisions"}],"predecessor-version":[{"id":4609,"href":"https:\/\/imediata.org\/index.php?rest_route=\/wp\/v2\/posts\/4605\/revisions\/4609"}],"wp:attachment":[{"href":"https:\/\/imediata.org\/index.php?rest_route=%2Fwp%2Fv2%2Fmedia&parent=4605"}],"wp:term":[{"taxonomy":"category","embeddable":true,"href":"https:\/\/imediata.org\/index.php?rest_route=%2Fwp%2Fv2%2Fcategories&post=4605"},{"taxonomy":"post_tag","embeddable":true,"href":"https:\/\/imediata.org\/index.php?rest_route=%2Fwp%2Fv2%2Ftags&post=4605"}],"curies":[{"name":"wp","href":"https:\/\/api.w.org\/{rel}","templated":true}]}}