{"id":4573,"date":"2013-12-24T23:09:04","date_gmt":"2013-12-24T23:09:04","guid":{"rendered":"http:\/\/imediata.org\/?p=4573"},"modified":"2013-12-24T23:49:18","modified_gmt":"2013-12-24T23:49:18","slug":"adeus-ao-gato-che-que-dia-22122013-passou-para-o-outro-lado-do-caminho","status":"publish","type":"post","link":"https:\/\/imediata.org\/?p=4573","title":{"rendered":">> Adeus ao gato Che, que no dia 22\/12\/2013 \u201cpassou para o outro lado do Caminho\u201d"},"content":{"rendered":"<p><a href=\"http:\/\/imediata.org\/wp-content\/uploads\/2013\/12\/cat-art-cat-sutraII.jpg\"><img loading=\"lazy\" decoding=\"async\" src=\"http:\/\/imediata.org\/wp-content\/uploads\/2013\/12\/cat-art-cat-sutraII.jpg\" alt=\"cat-art-cat-sutraII\" width=\"362\" height=\"450\" class=\"aligncenter size-full wp-image-4575\" srcset=\"https:\/\/imediata.org\/wp-content\/uploads\/2013\/12\/cat-art-cat-sutraII.jpg 362w, https:\/\/imediata.org\/wp-content\/uploads\/2013\/12\/cat-art-cat-sutraII-241x300.jpg 241w, https:\/\/imediata.org\/wp-content\/uploads\/2013\/12\/cat-art-cat-sutraII-44x55.jpg 44w\" sizes=\"auto, (max-width: 362px) 100vw, 362px\" \/><\/a><\/p>\n<p><strong>\u201cAt\u00e9 o mais pequenino entre os felinos \u00e9 uma obra-prima.\u201d Leonardo Da Vinci <\/p>\n<p>\u201cCada animal sabe mais que voc\u00ea.\u201d<br \/>\nProv\u00e9rbio nativo-americano<\/p>\n<p>\u201cAt\u00e9 que se ame um animal, uma parte da pr\u00f3pria alma permanece adormecida.\u201d<br \/>\nAnatole France<\/p>\n<p>A UM GATO<\/p>\n<p>Os espelhos n\u00e3o s\u00e3o mais silenciosos,<br \/>\nnem mais furtiva a aurora aventureira:<br \/>\neras, \u00e0 luz da lua, essa pantera<br \/>\nque ao longe divisamos, temerosos.<br \/>\nPor obra indecifr\u00e1vel de um decreto<br \/>\ndivino, te buscamos baldamente;<br \/>\nmais remoto que o Ganges ou o poente,<br \/>\na solid\u00e3o \u00e9 tua, e o mais secreto.<br \/>\nTeu lombo condescende \u00e0 vagarosa<br \/>\ncar\u00edcia de uma m\u00e3o. Tens admitido,<br \/>\ndesde essa eternidade que \u00e9 j\u00e1 olvido,<br \/>\no amor de minha m\u00e3o t\u00e3o receosa.<br \/>\nEm outro tempo est\u00e1s: \u00e9s dom, suponho,<br \/>\nde um \u00e2mbito cerrado como um sonho.<br \/>\nJorge Luis Borges<\/strong><\/p>\n<p><strong>E foi assim que o gatinho chegou \u00e0quela casa.<br \/>\nMais parecia um tigrezinho cor de mel.<\/strong><\/p>\n<p><a href=\"http:\/\/imediata.org\/wp-content\/uploads\/2013\/12\/che2.jpg\"><img loading=\"lazy\" decoding=\"async\" src=\"http:\/\/imediata.org\/wp-content\/uploads\/2013\/12\/che2.jpg\" alt=\"che2\" width=\"450\" height=\"600\" class=\"aligncenter size-full wp-image-4576\" srcset=\"https:\/\/imediata.org\/wp-content\/uploads\/2013\/12\/che2.jpg 450w, https:\/\/imediata.org\/wp-content\/uploads\/2013\/12\/che2-225x300.jpg 225w, https:\/\/imediata.org\/wp-content\/uploads\/2013\/12\/che2-41x55.jpg 41w\" sizes=\"auto, (max-width: 450px) 100vw, 450px\" \/><\/a><\/p>\n<p><strong>Fazendo dos livros nas prateleiras e dos livros empilhados em todos os cantos sua paisagem de montes, colinas, montanhas e cordilheiras.<\/p>\n<p>Seu olhar agudo e sagaz, \u00e1gil e perspicaz<br \/>\najudou a definir a escolha de seu pr\u00f3prio nome: Che.<\/strong><\/p>\n<p><a href=\"http:\/\/imediata.org\/wp-content\/uploads\/2013\/12\/che1.jpg\"><img loading=\"lazy\" decoding=\"async\" src=\"http:\/\/imediata.org\/wp-content\/uploads\/2013\/12\/che1.jpg\" alt=\"che1\" width=\"400\" height=\"615\" class=\"aligncenter size-full wp-image-4578\" srcset=\"https:\/\/imediata.org\/wp-content\/uploads\/2013\/12\/che1.jpg 400w, https:\/\/imediata.org\/wp-content\/uploads\/2013\/12\/che1-195x300.jpg 195w, https:\/\/imediata.org\/wp-content\/uploads\/2013\/12\/che1-35x55.jpg 35w\" sizes=\"auto, (max-width: 400px) 100vw, 400px\" \/><\/a><\/p>\n<p><strong>Depois de pouco tempo, Che ganhou uma companheira.<br \/>\nUma gata toda branca, tamb\u00e9m arguta e astuta, mas sempre cauta; tamb\u00e9m arteira e engenhosa, mas sempre desconfiada, pois em sua curta vida j\u00e1 tinha sofrido maus tratos, j\u00e1 tinha sabido o que era abuso. Da\u00ed seu nome: Cab\u00edria.<\/p>\n<p>Che e Cab\u00edria se amaram \u00e0 primeira vista, e juntos, viveram muito felizes.<\/strong><\/p>\n<p><a href=\"http:\/\/imediata.org\/wp-content\/uploads\/2013\/12\/DSCN0255.jpg\"><img loading=\"lazy\" decoding=\"async\" src=\"http:\/\/imediata.org\/wp-content\/uploads\/2013\/12\/DSCN0255.jpg\" alt=\"DSCN0255\" width=\"640\" height=\"480\" class=\"aligncenter size-full wp-image-4579\" srcset=\"https:\/\/imediata.org\/wp-content\/uploads\/2013\/12\/DSCN0255.jpg 640w, https:\/\/imediata.org\/wp-content\/uploads\/2013\/12\/DSCN0255-300x225.jpg 300w, https:\/\/imediata.org\/wp-content\/uploads\/2013\/12\/DSCN0255-73x55.jpg 73w, https:\/\/imediata.org\/wp-content\/uploads\/2013\/12\/DSCN0255-60x45.jpg 60w\" sizes=\"auto, (max-width: 640px) 100vw, 640px\" \/><\/a><\/p>\n<p><strong>Ficaram ainda mais contentes depois que o Francisco nasceu. Um pouco como se fosse outro gatinho, tamb\u00e9m. Um pouco como se fosse um filhote deles, tamb\u00e9m. E passaram a ser seus companheiros insepar\u00e1veis. Seus anjos-da-guarda. Seus guardi\u00f5es sempre presentes e atentos. Nas brincadeiras. Nos passatempos. Em todas as circunst\u00e2ncias da vida.<\/strong><\/p>\n<p><a href=\"http:\/\/imediata.org\/wp-content\/uploads\/2013\/12\/DSCN0263.jpg\"><img loading=\"lazy\" decoding=\"async\" src=\"http:\/\/imediata.org\/wp-content\/uploads\/2013\/12\/DSCN0263.jpg\" alt=\"DSCN0263\" width=\"640\" height=\"480\" class=\"aligncenter size-full wp-image-4580\" srcset=\"https:\/\/imediata.org\/wp-content\/uploads\/2013\/12\/DSCN0263.jpg 640w, https:\/\/imediata.org\/wp-content\/uploads\/2013\/12\/DSCN0263-300x225.jpg 300w, https:\/\/imediata.org\/wp-content\/uploads\/2013\/12\/DSCN0263-73x55.jpg 73w, https:\/\/imediata.org\/wp-content\/uploads\/2013\/12\/DSCN0263-60x45.jpg 60w\" sizes=\"auto, (max-width: 640px) 100vw, 640px\" \/><\/a><\/p>\n<p><a href=\"http:\/\/imediata.org\/wp-content\/uploads\/2013\/12\/DSCN0664-copy.jpg\"><img loading=\"lazy\" decoding=\"async\" src=\"http:\/\/imediata.org\/wp-content\/uploads\/2013\/12\/DSCN0664-copy.jpg\" alt=\"DSCN0664 copy\" width=\"800\" height=\"600\" class=\"aligncenter size-full wp-image-4581\" srcset=\"https:\/\/imediata.org\/wp-content\/uploads\/2013\/12\/DSCN0664-copy.jpg 800w, https:\/\/imediata.org\/wp-content\/uploads\/2013\/12\/DSCN0664-copy-300x225.jpg 300w, https:\/\/imediata.org\/wp-content\/uploads\/2013\/12\/DSCN0664-copy-73x55.jpg 73w, https:\/\/imediata.org\/wp-content\/uploads\/2013\/12\/DSCN0664-copy-60x45.jpg 60w\" sizes=\"auto, (max-width: 800px) 100vw, 800px\" \/><\/a><\/p>\n<p><a href=\"http:\/\/imediata.org\/wp-content\/uploads\/2013\/12\/DSCN0880.jpg\"><img loading=\"lazy\" decoding=\"async\" src=\"http:\/\/imediata.org\/wp-content\/uploads\/2013\/12\/DSCN0880.jpg\" alt=\"DSCN0880\" width=\"640\" height=\"480\" class=\"aligncenter size-full wp-image-4582\" srcset=\"https:\/\/imediata.org\/wp-content\/uploads\/2013\/12\/DSCN0880.jpg 640w, https:\/\/imediata.org\/wp-content\/uploads\/2013\/12\/DSCN0880-300x225.jpg 300w, https:\/\/imediata.org\/wp-content\/uploads\/2013\/12\/DSCN0880-73x55.jpg 73w, https:\/\/imediata.org\/wp-content\/uploads\/2013\/12\/DSCN0880-60x45.jpg 60w\" sizes=\"auto, (max-width: 640px) 100vw, 640px\" \/><\/a><\/p>\n<p><a href=\"http:\/\/imediata.org\/wp-content\/uploads\/2013\/12\/DSCN1929.jpg\"><img loading=\"lazy\" decoding=\"async\" src=\"http:\/\/imediata.org\/wp-content\/uploads\/2013\/12\/DSCN1929.jpg\" alt=\"DSCN1929\" width=\"800\" height=\"600\" class=\"aligncenter size-full wp-image-4588\" srcset=\"https:\/\/imediata.org\/wp-content\/uploads\/2013\/12\/DSCN1929.jpg 800w, https:\/\/imediata.org\/wp-content\/uploads\/2013\/12\/DSCN1929-300x225.jpg 300w, https:\/\/imediata.org\/wp-content\/uploads\/2013\/12\/DSCN1929-73x55.jpg 73w, https:\/\/imediata.org\/wp-content\/uploads\/2013\/12\/DSCN1929-60x45.jpg 60w\" sizes=\"auto, (max-width: 800px) 100vw, 800px\" \/><\/a><\/p>\n<p><strong>Depois de um breve tempo, chegou para compartilhar o lar um pequeno fox-terrier paulistinha, cheio de for\u00e7a e vigor, o Zapata.<br \/>\nChe e Cabiria n\u00e3o s\u00f3 aceitaram o c\u00e3ozinho, como o adotaram, sendo um pouco seus pais, ensinando-lhe os truques do viver e do sobreviver. Tanto que o pequeno canino, al\u00e9m das caracter\u00edsticas de sua esp\u00e9cie, \u00e0s vezes parecia tamb\u00e9m quase um felino. Nos pulos mirabolantes, no modo de perscrutar o ambiente, nas rea\u00e7\u00f5es s\u00fabitas e imprevistas.<\/strong><\/p>\n<p><a href=\"http:\/\/imediata.org\/wp-content\/uploads\/2013\/12\/DSCN2056.jpg\"><img loading=\"lazy\" decoding=\"async\" src=\"http:\/\/imediata.org\/wp-content\/uploads\/2013\/12\/DSCN2056.jpg\" alt=\"DSCN2056\" width=\"800\" height=\"600\" class=\"aligncenter size-full wp-image-4583\" srcset=\"https:\/\/imediata.org\/wp-content\/uploads\/2013\/12\/DSCN2056.jpg 800w, https:\/\/imediata.org\/wp-content\/uploads\/2013\/12\/DSCN2056-300x225.jpg 300w, https:\/\/imediata.org\/wp-content\/uploads\/2013\/12\/DSCN2056-73x55.jpg 73w, https:\/\/imediata.org\/wp-content\/uploads\/2013\/12\/DSCN2056-60x45.jpg 60w\" sizes=\"auto, (max-width: 800px) 100vw, 800px\" \/><\/a><\/p>\n<p><strong>E assim, com esses companheiros de reinos diferentes, Che, Cabiria e Zapata, transcorreu sua inf\u00e2ncia o Francisco, agora quase um jovem rapaz. <\/p>\n<p><a href=\"http:\/\/imediata.org\/wp-content\/uploads\/2013\/12\/DSCN1334.jpg\"><img loading=\"lazy\" decoding=\"async\" src=\"http:\/\/imediata.org\/wp-content\/uploads\/2013\/12\/DSCN1334.jpg\" alt=\"DSCN1334\" width=\"600\" height=\"800\" class=\"aligncenter size-full wp-image-4590\" srcset=\"https:\/\/imediata.org\/wp-content\/uploads\/2013\/12\/DSCN1334.jpg 600w, https:\/\/imediata.org\/wp-content\/uploads\/2013\/12\/DSCN1334-225x300.jpg 225w, https:\/\/imediata.org\/wp-content\/uploads\/2013\/12\/DSCN1334-41x55.jpg 41w\" sizes=\"auto, (max-width: 600px) 100vw, 600px\" \/><\/a><\/p>\n<p>Como cada ano de vida felino corresponde a muitos anos de vida humana, primeiro foi a gata branca Cabiria que se despediu desta sua estadia. E agora, dia 22 de dezembro, foi o pequeno tigre-gato Che, \u201cque passou para o outro lado do Caminho\u201d, como dizia Santo Agostinho.<\/p>\n<p>Nas palavras do dono da casa, o S\u00edlvio, \u201co Che foi um grande gato, digno do nome que recebeu. Faz mais de um ano que lhe deram menos de seis meses de vida e ele viveu um ano, arrastando um tumor \u00f3sseo violento com a dignidade de sempre.<br \/>\nComo disse CLARICE LISPECTOR, \u201cUm animal jamais substitui uma coisa por outra, jamais sublima como n\u00f3s somos for\u00e7ados a fazer. E move-se, essa coisa viva! Move-se independente, por for\u00e7a mesmo dessa coisa sem nome que \u00e9 a Vida!!!\u201d<\/strong><\/p>\n<p><a href=\"http:\/\/imediata.org\/wp-content\/uploads\/2013\/12\/d6ab60a7fe146645a519bc16d82f3307.jpg\"><img loading=\"lazy\" decoding=\"async\" src=\"http:\/\/imediata.org\/wp-content\/uploads\/2013\/12\/d6ab60a7fe146645a519bc16d82f3307.jpg\" alt=\"d6ab60a7fe146645a519bc16d82f3307\" width=\"143\" height=\"200\" class=\"aligncenter size-full wp-image-4591\" srcset=\"https:\/\/imediata.org\/wp-content\/uploads\/2013\/12\/d6ab60a7fe146645a519bc16d82f3307.jpg 143w, https:\/\/imediata.org\/wp-content\/uploads\/2013\/12\/d6ab60a7fe146645a519bc16d82f3307-39x55.jpg 39w\" sizes=\"auto, (max-width: 143px) 100vw, 143px\" \/><\/a><\/p>\n<p><strong>Cada ser que amamos e com o qual com-vivemos<br \/>\nUm dia era s\u00f3 energia, frequ\u00eancia, vibra\u00e7\u00e3o<\/p>\n<p>Essa energia, frequ\u00eancia e vibra\u00e7\u00e3o<br \/>\nchega \u00e0 vida tomando uma forma, uma apar\u00eancia, um aspecto<br \/>\ncomo n\u00f3s mesmos,<br \/>\ncomo tudo o que existe<br \/>\nneste plano que tocamos e enxergamos.<br \/>\nE que est\u00e1 em constante trans-forma\u00e7\u00e3o.<br \/>\nMas esquecemos de separar essa forma que conhecemos<br \/>\ncom a energia misteriosa que a configurou.<\/p>\n<p>Com o tempo, essa forma que conhecemos,<br \/>\ndepois de alcan\u00e7ar sua plenitude,<br \/>\nse desgasta, se consome e deteriora<br \/>\npois j\u00e1 n\u00e3o reflete mais<br \/>\na verdadeira natureza integral da energia<br \/>\nque a configurou.<br \/>\nE a forma vai se esmaecendo, vai se despedindo<br \/>\nUm pouco exausta, um pouco extenuada,<br \/>\nPor n\u00e3o poder mais conter a energia toda que a gerou\u2026<br \/>\nE aquela energia, frequ\u00eancia, vibra\u00e7\u00e3o,<br \/>\nque acaba se desprendendo de sua com-figura\u00e7\u00e3o fatigada<br \/>\nVoltando a ser simplesmente s\u00f3 a energia, frequ\u00eancia, vibra\u00e7\u00e3o<br \/>\nque era um dia.<\/p>\n<p>Na superf\u00edcie e na profundidade,<br \/>\nque n\u00e3o \u00e9 mais que a viagem entre duas superf\u00edcies,<br \/>\no mist\u00e9rio \u00e9 realmente muito simples<br \/>\npois a ess\u00eancia da vida \u00e9 a pr\u00f3pria vida<br \/>\nque se verte e diverte em todas as formas que sua liberdade procura manifestar.<br \/>\nE \u00e9 justamente por isso que \u00e9 vida.<br \/>\nO que chamamos de morte \u00e9 s\u00f3 a pr\u00f3pria energia da vida<br \/>\nque se despoja de seu inv\u00f3lucro ilus\u00f3rio<br \/>\ne que, livre e irrestrita,<br \/>\nretorna velozmente \u00e0 sua matriz, ao seu v\u00f3rtice,<br \/>\n\u00e0 sua eterna espiral dan\u00e7ante<br \/>\nque, com sua frequ\u00eancia e vibra\u00e7\u00e3o,<br \/>\npassar\u00e1 a configurar outras formas.<\/p>\n<p>Aquele ser, aquela forma de vida que amamos e com a qual com-vivemos<br \/>\nN\u00e3o era mais que um flash, um instant\u00e2neo manifesto<br \/>\nda energia, frequ\u00eancia, vibra\u00e7\u00e3o<br \/>\nque todos os dias sempre \u00e9.<\/p>\n<p>Mario S. Mieli<br \/>\n<\/strong><\/p>\n<p><a href=\"http:\/\/imediata.org\/wp-content\/uploads\/2013\/12\/www.dsa_.unipr_.jpg\"><img loading=\"lazy\" decoding=\"async\" src=\"http:\/\/imediata.org\/wp-content\/uploads\/2013\/12\/www.dsa_.unipr_.jpg\" alt=\"www.dsa.unipr\" width=\"320\" height=\"196\" class=\"aligncenter size-full wp-image-4592\" srcset=\"https:\/\/imediata.org\/wp-content\/uploads\/2013\/12\/www.dsa_.unipr_.jpg 320w, https:\/\/imediata.org\/wp-content\/uploads\/2013\/12\/www.dsa_.unipr_-300x183.jpg 300w, https:\/\/imediata.org\/wp-content\/uploads\/2013\/12\/www.dsa_.unipr_-89x55.jpg 89w\" sizes=\"auto, (max-width: 320px) 100vw, 320px\" \/><\/a><\/p>\n","protected":false},"excerpt":{"rendered":"<p>\u201cAt\u00e9 o mais pequenino entre os felinos \u00e9 uma obra-prima.\u201d Leonardo Da Vinci \u201cCada animal sabe mais que voc\u00ea.\u201d Prov\u00e9rbio nativo-americano \u201cAt\u00e9 que se ame um animal, uma parte da pr\u00f3pria alma permanece adormecida.\u201d Anatole France A UM GATO Os espelhos n\u00e3o s\u00e3o mais silenciosos, nem mais furtiva a aurora aventureira: eras, \u00e0 luz da [&hellip;]<\/p>\n","protected":false},"author":1,"featured_media":0,"comment_status":"open","ping_status":"open","sticky":false,"template":"","format":"standard","meta":{"footnotes":""},"categories":[4,1],"tags":[2528,2531,150,2530,2529,95,2527],"class_list":["post-4573","post","type-post","status-publish","format-standard","hentry","category-al-manakh","category-uncategorized","tag-anatole-france","tag-che-cabiria-zapata-e-francisco","tag-clarice-lispector","tag-jorge-luis-borges","tag-leonardo-da-vinci","tag-mario-s-mieli","tag-o-gato-che"],"_links":{"self":[{"href":"https:\/\/imediata.org\/index.php?rest_route=\/wp\/v2\/posts\/4573","targetHints":{"allow":["GET"]}}],"collection":[{"href":"https:\/\/imediata.org\/index.php?rest_route=\/wp\/v2\/posts"}],"about":[{"href":"https:\/\/imediata.org\/index.php?rest_route=\/wp\/v2\/types\/post"}],"author":[{"embeddable":true,"href":"https:\/\/imediata.org\/index.php?rest_route=\/wp\/v2\/users\/1"}],"replies":[{"embeddable":true,"href":"https:\/\/imediata.org\/index.php?rest_route=%2Fwp%2Fv2%2Fcomments&post=4573"}],"version-history":[{"count":4,"href":"https:\/\/imediata.org\/index.php?rest_route=\/wp\/v2\/posts\/4573\/revisions"}],"predecessor-version":[{"id":4595,"href":"https:\/\/imediata.org\/index.php?rest_route=\/wp\/v2\/posts\/4573\/revisions\/4595"}],"wp:attachment":[{"href":"https:\/\/imediata.org\/index.php?rest_route=%2Fwp%2Fv2%2Fmedia&parent=4573"}],"wp:term":[{"taxonomy":"category","embeddable":true,"href":"https:\/\/imediata.org\/index.php?rest_route=%2Fwp%2Fv2%2Fcategories&post=4573"},{"taxonomy":"post_tag","embeddable":true,"href":"https:\/\/imediata.org\/index.php?rest_route=%2Fwp%2Fv2%2Ftags&post=4573"}],"curies":[{"name":"wp","href":"https:\/\/api.w.org\/{rel}","templated":true}]}}