{"id":4552,"date":"2013-12-23T23:24:42","date_gmt":"2013-12-23T23:24:42","guid":{"rendered":"http:\/\/imediata.org\/?p=4552"},"modified":"2013-12-23T23:25:03","modified_gmt":"2013-12-23T23:25:03","slug":"david-icke-a-mudanca-vibracional-fara-ruir-o-sistema-de-controle-seu-canal-the-peoples-voice-ja-ativo-na-net","status":"publish","type":"post","link":"https:\/\/imediata.org\/?p=4552","title":{"rendered":">> David Icke: a mudan\u00e7a vibracional far\u00e1 ruir o sistema de controle \/ seu canal The People&#8217;s Voice j\u00e1 ativo na net"},"content":{"rendered":"<p><a href=\"http:\/\/imediata.org\/wp-content\/uploads\/2013\/12\/mqdefault10.jpg\"><img loading=\"lazy\" decoding=\"async\" src=\"http:\/\/imediata.org\/wp-content\/uploads\/2013\/12\/mqdefault10.jpg\" alt=\"mqdefault\" width=\"320\" height=\"180\" class=\"aligncenter size-full wp-image-4554\" srcset=\"https:\/\/imediata.org\/wp-content\/uploads\/2013\/12\/mqdefault10.jpg 320w, https:\/\/imediata.org\/wp-content\/uploads\/2013\/12\/mqdefault10-300x168.jpg 300w, https:\/\/imediata.org\/wp-content\/uploads\/2013\/12\/mqdefault10-97x55.jpg 97w\" sizes=\"auto, (max-width: 320px) 100vw, 320px\" \/><\/a><\/p>\n<p><strong>David Icke: a mudan\u00e7a vibracional far\u00e1 ruir o sistema de controle &#8211; com transcri\u00e7\u00e3o traduzida abaixo. O novo canal inaugurado por David Icke, The People&#8217;s Voice, j\u00e1 est\u00e1 ativo e operante. Seu endere\u00e7o no youtube:<\/strong> <a href=\"https:\/\/www.youtube.com\/user\/TheTPVchannel?feature=watch\">https:\/\/www.youtube.com\/user\/TheTPVchannel?feature=watch<\/a><\/p>\n<p><iframe loading=\"lazy\" width=\"560\" height=\"315\" src=\"\/\/www.youtube.com\/embed\/A6elt4wmBvg\" frameborder=\"0\" allowfullscreen><\/iframe><\/p>\n<p><strong>Transcri\u00e7\u00e3o traduzida: Mario S. Mieli<\/p>\n<p>Mas eu estou vendo essa mudan\u00e7a acontecer.<br \/>\nAs pessoas est\u00e3o come\u00e7ando a abrir a mente para coisas que antes simplesmente rejeitavam.<br \/>\nPorque h\u00e1 uma nova consci\u00eancia emergindo.<br \/>\n\u00c9 uma \u00e9poca maravilhosa para se estar vivo, quando temos a oportunidade de, literalmente, construir um novo mundo, de decodificar um novo mundo.<\/p>\n<p>E uma das coisas que isso est\u00e1 causando, e todo o movimento da pesquisa sobre conspira\u00e7\u00f5es est\u00e1 concluindo \u00e9 que as cortinas est\u00e3o se abrindo.<\/p>\n<p>Isso \u00e9 o que estava acontecendo \u00e0 revelia de todos, esses anos todos. E est\u00e1 acontecendo mesmo.<\/p>\n<p>Quando se dizia, h\u00e1 vinte anos atr\u00e1s, que isso iria acontecer, as pessoas se perguntavam se isso aconteceria mesmo. E vinte anos depois, est\u00e1 efetivamente acontecendo.<\/p>\n<p>Essas vibra\u00e7\u00f5es da verdade, essa mudan\u00e7a vibracional, que atinge os lugares obscuros, os lugares de onde a energia \u00e9 controlada, as sociedades secretas, o satanismo, e todas essas vibra\u00e7\u00f5es extremamente baixas do fundo da fossa. Por um per\u00edodo, vai parecer que o sistema de controle est\u00e1 avan\u00e7ando, mas haver\u00e1 um ponto de inflex\u00e3o em que ele vai desmoronar. E vai desmoronar porque sua base de informa\u00e7\u00e3o ser\u00e1 suplantada por outra, que n\u00e3o usa sistemas de controle e n\u00e3o visa o poder acima de tudo.<br \/>\nTodo esse mecanismo de controle que descrevi ser\u00e1 terminado por essa mudan\u00e7a vibracional, porque sua base racional est\u00e1 desaparecendo. Ela est\u00e1 sendo desmantelada.<\/p>\n<p>\u00c9 engra\u00e7ado, pois achamos que o sistema de controle est\u00e1 se tornando mais poderoso. E na superf\u00edcie, est\u00e1 mesmo. Mas da\u00ed nos perguntamos, por que esse sistema de controle est\u00e1 empregando de tudo contra n\u00f3s, bem na \u00e9poca em que essa mudan\u00e7a energ\u00e9tica est\u00e1 chegando e fazendo com que as pessoas acordem e percebam esse sistema de controle? Isso n\u00e3o acontece por acaso, mas porque o sistema de controle, que parece estar cada vez mais forte, na realidade, est\u00e1 jogando suas \u00faltimas cartas para tentar desesperadamente manter sua estrutura de poder, a qual n\u00e3o tem qualquer chance de sobreviv\u00eancia. Nenhuma chance.<\/p>\n<p>Porque uma energia nova est\u00e1 sendo difusa nesse mecanismo de controle, e vai quebr\u00e1-lo.  Ainda n\u00e3o se trata da maioria, mas o n\u00famero [de pessoas] que est\u00e3o despertando e enxergando as coisas \u00e9 simplesmente fant\u00e1stico. E na medida em que trabalhamos com essa energia nova, em que essa energia nova nos afeta, n\u00e3o haver\u00e1 mais aquiesc\u00eancia, n\u00e3o haver\u00e1 mais medo, n\u00e3o haver\u00e1 mais \u201cmeu pequeno eu\u201d, e essa express\u00e3o no \u00e2mbito hologr\u00e1fico, da mudan\u00e7a vibracional no \u00e2mbito metaf\u00edsico, por\u00e1 um fim a esse mecanismo de controle. <\/p>\n<p>Por isso essas pessoas, apesar de toda sua arrog\u00e2ncia e poder aparente, est\u00e3o terrificadas com o despertar dos humanos. Por isso o personagem no livro do Castaneda falava do medo constante que a ra\u00e7a predat\u00f3ria tem dos humanos acordarem e perceberem o que acontece. Assim, como disse antes, eles podem ver a linha do tempo, mais adiante que n\u00f3s. E sabiam que essa mudan\u00e7a aconteceria. Por isso programaram esse blitz de controle para tentar manter a tampa fechada e evitar esse despertar. Eles controlavam a humanidade e a humanidade n\u00e3o sabia que era controlada por aquela for\u00e7a, e isso poderia prosseguir indefinidamente. Eles ficariam satisfeitos se tudo prosseguisse como antes. <\/p>\n<p>Mas sabendo da mudan\u00e7a vibracional que ocorreria e dos efeitos que isso acarretaria, agora est\u00e3o tentando fazer de tudo para manter o poder que tiveram sobre n\u00f3s at\u00e9 agora. N\u00e3o para ter ainda mais poder, como poderia parecer, mas para n\u00e3o perderem o poder que j\u00e1 tem.<\/p>\n<p>De modo que n\u00e3o \u00e9 um acidente se eles est\u00e3o empregando tudo o que podem contra n\u00f3s. N\u00e3o \u00e9 uma coincid\u00eancia. O controle da mente humana e sua manipula\u00e7\u00e3o, \u00e0 medida em que essas vibra\u00e7\u00f5es da verdade impactam nossa realidade, isso simplesmente n\u00e3o \u00e9 mais suficiente. <\/p>\n<p>Se voc\u00ea puder despertar vibracionalmente e ir al\u00e9m do que chamo de matrix lunar, o sistema de controle em geral, esse construto vibracional n\u00e3o o afeta mais. Por isso tentam nos manter dentro da caixa vibracional para continuarmos a ser afetados. <\/p>\n<p>O que vemos agora, com todo esse controle orwelliano e tudo que fazem para nos desestabilizar, atrav\u00e9s dos alimentos, da \u00e1gua, da polui\u00e7\u00e3o eletromagn\u00e9tica, essas coisas todas&#8230; \u00e9 o equivalente disso. Est\u00e3o tentando fazer de tudo para impedir que o impacto vibracional atinja a psique humana,  ou seja, impedir que tenhamos a habilidade de decodificar essa nova vibra\u00e7\u00e3o. <\/p>\n<p>Est\u00e3o tentando tamb\u00e9m manipular o campo magn\u00e9tico terrestre,  para desviar as frequ\u00eancias que poderiam ter um impacto sobre n\u00f3s e nos despertar. Ent\u00e3o tudo isso que falamos: alimentos geneticamente modificados, microchips, o que comemos, as drogas, os telefones celulares, a polui\u00e7\u00e3o magn\u00e9tica, foram projetados para fazer uma \u00fanica coisa: desestabilizar nosso corpo-computador de forma a n\u00e3o sermos impactados por essa mudan\u00e7a magn\u00edfica que est\u00e1 ocorrendo.<\/p>\n<p>Nossos filhos e netos n\u00e3o viver\u00e3o num estado orwelliano, n\u00e3o viver\u00e3o numa ditadura fascista global. O presente estado de coisas vai desmoronar, pois sua base informacional est\u00e1 desmoronando. E, em minha opini\u00e3o, h\u00e1 v\u00e1rias raz\u00f5es pelas quais essa tecnologia, sobre a qual se tem escrito muito nos \u00faltimos anos, chamada HAARP, a primeira no Alasca, mas com outras sendo constru\u00eddas em outros lugares&#8230; o que faz o HAARP? Ricocheteia ondas de r\u00e1dio para a ionosfera que voltam para a terra, e sim, pode manipular a meteorologia, pode provocar terremotos, al\u00e9m de muitas outras coisas. Mas digo que sua raz\u00e3o fundamental \u00e9 suprimir o suporte do campo energ\u00e9tico para que n\u00e3o possamos ter o impacto dessa mudan\u00e7a vibracional da verdade, e escorar todas as outras formas que promovem essa supress\u00e3o. Seja o que for que o HAARP fizer ao campo energ\u00e9tico da terra, estamos interagindo com isso o tempo todo e decodificando por meio de nosso corpo-computador e estamos sendo afetados por isso.   Estou certo de que o que sai dos rastros qu\u00edmicos, no mundo todo, tamb\u00e9m tenha a ver com isso.<\/p>\n<p>\u00c9 como se estivessem tentando criar uma realidade sub-vibracional em volta da terra, levantando uma barreira contra essa mudan\u00e7a vibracional. H\u00e1 muito tempo eles sabiam que essa mudan\u00e7a ocorreria, porque ela \u00e9 simplesmente uma parte natural dessa experi\u00eancia, dessa realidade, desse la\u00e7o do tempo.<\/p>\n<p>O que acontece com essa mudan\u00e7a vibracional \u00e9 que o cisma a partir da qual tudo passou a ser diferente do que era, est\u00e1 sendo curado. Essas mudan\u00e7as vibracionais curam. Por dentro. E, em conjunto, curam o cisma. Tamb\u00e9m o cisma na psique humana, que tem causado tanta mutila\u00e7\u00e3o, guerras, conflitos, fome num mundo de abund\u00e2ncia, argumentos obsessivos, ira, frustra\u00e7\u00e3o. \u00c9 sobre esse cisma de energia que o sistema de controle est\u00e1 constru\u00eddo \u2013 sem ele o mundo n\u00e3o poderia ser como \u00e9. Se a base energ\u00e9tica dessa realidade fosse harmoniosa, o sistema de controle n\u00e3o poderia se manifestar, pois se trata de uma manifesta\u00e7\u00e3o de desarmonia, de distor\u00e7\u00e3o. Valores distorcidos que querem tudo controlar. Percep\u00e7\u00f5es distorcidas, onde s\u00f3 o eu existe. <\/p>\n<p>Com a mudan\u00e7a vibracional, uma pe\u00e7a do quebra-cabe\u00e7as \u00e9 reposta em seu lugar. E nossa consci\u00eancia, manipulada para ser limitada, se habilita. Isso n\u00e3o vai acontecer de um dia para o outro. Trata-se de um per\u00edodo, o per\u00edodo no qual nos encontramos. Mas nos tornaremos mais poderosos a cada ano, at\u00e9 que tudo se reverta, a \u00e9poca da vibra\u00e7\u00e3o da verdade domine e o sistema de controle se desmorone.<br \/>\n<\/strong><\/p>\n","protected":false},"excerpt":{"rendered":"<p>David Icke: a mudan\u00e7a vibracional far\u00e1 ruir o sistema de controle &#8211; com transcri\u00e7\u00e3o traduzida abaixo. O novo canal inaugurado por David Icke, The People&#8217;s Voice, j\u00e1 est\u00e1 ativo e operante. Seu endere\u00e7o no youtube: https:\/\/www.youtube.com\/user\/TheTPVchannel?feature=watch Transcri\u00e7\u00e3o traduzida: Mario S. Mieli Mas eu estou vendo essa mudan\u00e7a acontecer. As pessoas est\u00e3o come\u00e7ando a abrir a [&hellip;]<\/p>\n","protected":false},"author":1,"featured_media":0,"comment_status":"open","ping_status":"open","sticky":false,"template":"","format":"standard","meta":{"footnotes":""},"categories":[4,9],"tags":[2521,983,95,2523,2522,2524],"class_list":["post-4552","post","type-post","status-publish","format-standard","hentry","category-al-manakh","category-lance-de-dados","tag-a-mudanca-vibracional","tag-david-icke","tag-mario-s-mieli","tag-mudanca-de-paradigmas","tag-sistema-de-controle","tag-the-peoples-voice"],"_links":{"self":[{"href":"https:\/\/imediata.org\/index.php?rest_route=\/wp\/v2\/posts\/4552","targetHints":{"allow":["GET"]}}],"collection":[{"href":"https:\/\/imediata.org\/index.php?rest_route=\/wp\/v2\/posts"}],"about":[{"href":"https:\/\/imediata.org\/index.php?rest_route=\/wp\/v2\/types\/post"}],"author":[{"embeddable":true,"href":"https:\/\/imediata.org\/index.php?rest_route=\/wp\/v2\/users\/1"}],"replies":[{"embeddable":true,"href":"https:\/\/imediata.org\/index.php?rest_route=%2Fwp%2Fv2%2Fcomments&post=4552"}],"version-history":[{"count":2,"href":"https:\/\/imediata.org\/index.php?rest_route=\/wp\/v2\/posts\/4552\/revisions"}],"predecessor-version":[{"id":4556,"href":"https:\/\/imediata.org\/index.php?rest_route=\/wp\/v2\/posts\/4552\/revisions\/4556"}],"wp:attachment":[{"href":"https:\/\/imediata.org\/index.php?rest_route=%2Fwp%2Fv2%2Fmedia&parent=4552"}],"wp:term":[{"taxonomy":"category","embeddable":true,"href":"https:\/\/imediata.org\/index.php?rest_route=%2Fwp%2Fv2%2Fcategories&post=4552"},{"taxonomy":"post_tag","embeddable":true,"href":"https:\/\/imediata.org\/index.php?rest_route=%2Fwp%2Fv2%2Ftags&post=4552"}],"curies":[{"name":"wp","href":"https:\/\/api.w.org\/{rel}","templated":true}]}}