{"id":4538,"date":"2013-12-21T22:13:02","date_gmt":"2013-12-21T22:13:02","guid":{"rendered":"http:\/\/imediata.org\/?p=4538"},"modified":"2014-01-16T05:57:45","modified_gmt":"2014-01-16T05:57:45","slug":"sala-de-espera-54-teaser-do-filme-la-centesima-scimmia-o-centesimo-macaco-de-marco-carlucci","status":"publish","type":"post","link":"https:\/\/imediata.org\/?p=4538","title":{"rendered":">> Sala de Espera 54: Teaser do filme &#8220;La centesima scimmia&#8221; (O cent\u00e9simo macaco) de Marco Carlucci"},"content":{"rendered":"<p><a href=\"http:\/\/imediata.org\/wp-content\/uploads\/2013\/12\/centoscimmie.jpg\"><img loading=\"lazy\" decoding=\"async\" src=\"http:\/\/imediata.org\/wp-content\/uploads\/2013\/12\/centoscimmie.jpg\" alt=\"centoscimmie\" width=\"320\" height=\"180\" class=\"aligncenter size-full wp-image-4540\" srcset=\"https:\/\/imediata.org\/wp-content\/uploads\/2013\/12\/centoscimmie.jpg 320w, https:\/\/imediata.org\/wp-content\/uploads\/2013\/12\/centoscimmie-300x168.jpg 300w, https:\/\/imediata.org\/wp-content\/uploads\/2013\/12\/centoscimmie-97x55.jpg 97w\" sizes=\"auto, (max-width: 320px) 100vw, 320px\" \/><\/a><\/p>\n<p><strong>&#8220;La centesima scimmia&#8221;, ou em portugu\u00eas &#8220;O cent\u00e9simo macaco&#8221; \u00e9 o novo filme document\u00e1rio de Marco Carlucci, enfrentando o tema da crise econ\u00f4mica europeia, atrav\u00e9s de reportagens internacionais exclusivas com expoentes da chamada &#8220;contra-informa\u00e7\u00e3o&#8221;. Todos contando causas e efeitos reais da mais imponente crise econ\u00f4mica europeia e poss\u00edveis cen\u00e1rios futuros. As imagens dos entrevistados promete.<\/strong><\/p>\n<p><iframe loading=\"lazy\" width=\"560\" height=\"315\" src=\"\/\/www.youtube.com\/embed\/--Bsuss_Cvw\" frameborder=\"0\" allowfullscreen><\/iframe><\/p>\n","protected":false},"excerpt":{"rendered":"<p>&#8220;La centesima scimmia&#8221;, ou em portugu\u00eas &#8220;O cent\u00e9simo macaco&#8221; \u00e9 o novo filme document\u00e1rio de Marco Carlucci, enfrentando o tema da crise econ\u00f4mica europeia, atrav\u00e9s de reportagens internacionais exclusivas com expoentes da chamada &#8220;contra-informa\u00e7\u00e3o&#8221;. Todos contando causas e efeitos reais da mais imponente crise econ\u00f4mica europeia e poss\u00edveis cen\u00e1rios futuros. As imagens dos entrevistados promete.<\/p>\n","protected":false},"author":1,"featured_media":0,"comment_status":"open","ping_status":"open","sticky":false,"template":"","format":"standard","meta":{"footnotes":""},"categories":[68,100],"tags":[243,2511,2510],"class_list":["post-4538","post","type-post","status-publish","format-standard","hentry","category-dossie-queda-da-rua-do-muro","category-sala-de-espera","tag-crise-economica","tag-documentario","tag-marco-carlucci"],"_links":{"self":[{"href":"https:\/\/imediata.org\/index.php?rest_route=\/wp\/v2\/posts\/4538","targetHints":{"allow":["GET"]}}],"collection":[{"href":"https:\/\/imediata.org\/index.php?rest_route=\/wp\/v2\/posts"}],"about":[{"href":"https:\/\/imediata.org\/index.php?rest_route=\/wp\/v2\/types\/post"}],"author":[{"embeddable":true,"href":"https:\/\/imediata.org\/index.php?rest_route=\/wp\/v2\/users\/1"}],"replies":[{"embeddable":true,"href":"https:\/\/imediata.org\/index.php?rest_route=%2Fwp%2Fv2%2Fcomments&post=4538"}],"version-history":[{"count":2,"href":"https:\/\/imediata.org\/index.php?rest_route=\/wp\/v2\/posts\/4538\/revisions"}],"predecessor-version":[{"id":4753,"href":"https:\/\/imediata.org\/index.php?rest_route=\/wp\/v2\/posts\/4538\/revisions\/4753"}],"wp:attachment":[{"href":"https:\/\/imediata.org\/index.php?rest_route=%2Fwp%2Fv2%2Fmedia&parent=4538"}],"wp:term":[{"taxonomy":"category","embeddable":true,"href":"https:\/\/imediata.org\/index.php?rest_route=%2Fwp%2Fv2%2Fcategories&post=4538"},{"taxonomy":"post_tag","embeddable":true,"href":"https:\/\/imediata.org\/index.php?rest_route=%2Fwp%2Fv2%2Ftags&post=4538"}],"curies":[{"name":"wp","href":"https:\/\/api.w.org\/{rel}","templated":true}]}}