{"id":4503,"date":"2013-12-20T03:00:47","date_gmt":"2013-12-20T03:00:47","guid":{"rendered":"http:\/\/imediata.org\/?p=4503"},"modified":"2013-12-20T03:00:47","modified_gmt":"2013-12-20T03:00:47","slug":"o-marco-civil-da-internet-e-a-sociedade-informacional-debate-com-marilena-chaui-sergio-amadeu-e-renato-rovai-tv-forum","status":"publish","type":"post","link":"https:\/\/imediata.org\/?p=4503","title":{"rendered":">> O Marco Civil da Internet e a sociedade informacional &#8211; debate com Marilena Chau\u00ed, S\u00e9rgio Amadeu e Renato Rovai &#8211; TV F\u00f3rum"},"content":{"rendered":"<p><a href=\"http:\/\/imediata.org\/wp-content\/uploads\/2013\/12\/mqdefault9.jpg\"><img loading=\"lazy\" decoding=\"async\" src=\"http:\/\/imediata.org\/wp-content\/uploads\/2013\/12\/mqdefault9-300x168.jpg\" alt=\"mqdefault\" width=\"300\" height=\"168\" class=\"aligncenter size-medium wp-image-4505\" srcset=\"https:\/\/imediata.org\/wp-content\/uploads\/2013\/12\/mqdefault9-300x168.jpg 300w, https:\/\/imediata.org\/wp-content\/uploads\/2013\/12\/mqdefault9-97x55.jpg 97w, https:\/\/imediata.org\/wp-content\/uploads\/2013\/12\/mqdefault9.jpg 320w\" sizes=\"auto, (max-width: 300px) 100vw, 300px\" \/><\/a><\/p>\n<p>O Marco Civil da Internet e a sociedade informacional s\u00e3o temas de debate no \u00faltimo programa da TV F\u00f3rum de 2013, que tem como convidados Marilena Chau\u00ed, fil\u00f3sofa e professora da Universidade de S\u00e3o Paulo, e S\u00e9rgio Amadeu, professor da Universidade Federal do ABC e representante da sociedade civil no Comit\u00ea Gestor da Internet no Brasil. Renato Rovai, editor da F\u00f3rum, media o debate, e que teve transmiss\u00e3o ao vivo pelo site da revista (<a href=\"http:\/\/revistaforum.com.br\">revistaforum.com.br<\/a>).<\/p>\n","protected":false},"excerpt":{"rendered":"<p>O Marco Civil da Internet e a sociedade informacional s\u00e3o temas de debate no \u00faltimo programa da TV F\u00f3rum de 2013, que tem como convidados Marilena Chau\u00ed, fil\u00f3sofa e professora da Universidade de S\u00e3o Paulo, e S\u00e9rgio Amadeu, professor da Universidade Federal do ABC e representante da sociedade civil no Comit\u00ea Gestor da Internet no [&hellip;]<\/p>\n","protected":false},"author":1,"featured_media":0,"comment_status":"open","ping_status":"open","sticky":false,"template":"","format":"standard","meta":{"footnotes":""},"categories":[7,9],"tags":[2493,2491,1444,2490,2489,2492,551],"class_list":["post-4503","post","type-post","status-publish","format-standard","hentry","category-devir","category-lance-de-dados","tag-a-universidade-e-sua-perda-de-sentido","tag-marco-civil-da-internet","tag-marilena-chaui","tag-renato-rovai","tag-sergio-amadeu","tag-sociedade-da-informacao","tag-sociedade-do-controle"],"_links":{"self":[{"href":"https:\/\/imediata.org\/index.php?rest_route=\/wp\/v2\/posts\/4503","targetHints":{"allow":["GET"]}}],"collection":[{"href":"https:\/\/imediata.org\/index.php?rest_route=\/wp\/v2\/posts"}],"about":[{"href":"https:\/\/imediata.org\/index.php?rest_route=\/wp\/v2\/types\/post"}],"author":[{"embeddable":true,"href":"https:\/\/imediata.org\/index.php?rest_route=\/wp\/v2\/users\/1"}],"replies":[{"embeddable":true,"href":"https:\/\/imediata.org\/index.php?rest_route=%2Fwp%2Fv2%2Fcomments&post=4503"}],"version-history":[{"count":1,"href":"https:\/\/imediata.org\/index.php?rest_route=\/wp\/v2\/posts\/4503\/revisions"}],"predecessor-version":[{"id":4506,"href":"https:\/\/imediata.org\/index.php?rest_route=\/wp\/v2\/posts\/4503\/revisions\/4506"}],"wp:attachment":[{"href":"https:\/\/imediata.org\/index.php?rest_route=%2Fwp%2Fv2%2Fmedia&parent=4503"}],"wp:term":[{"taxonomy":"category","embeddable":true,"href":"https:\/\/imediata.org\/index.php?rest_route=%2Fwp%2Fv2%2Fcategories&post=4503"},{"taxonomy":"post_tag","embeddable":true,"href":"https:\/\/imediata.org\/index.php?rest_route=%2Fwp%2Fv2%2Ftags&post=4503"}],"curies":[{"name":"wp","href":"https:\/\/api.w.org\/{rel}","templated":true}]}}