{"id":4444,"date":"2013-12-17T14:35:02","date_gmt":"2013-12-17T14:35:02","guid":{"rendered":"http:\/\/imediata.org\/?p=4444"},"modified":"2013-12-17T14:35:02","modified_gmt":"2013-12-17T14:35:02","slug":"sala-de-espera-53-protestarvore","status":"publish","type":"post","link":"https:\/\/imediata.org\/?p=4444","title":{"rendered":">> Sala de Espera 53 &#8211; Protest&#8217;\u00c1rvore"},"content":{"rendered":"<p><a href=\"http:\/\/imediata.org\/wp-content\/uploads\/2013\/12\/87337.jpg\"><img loading=\"lazy\" decoding=\"async\" src=\"http:\/\/imediata.org\/wp-content\/uploads\/2013\/12\/87337.jpg\" alt=\"87337\" width=\"620\" height=\"413\" class=\"aligncenter size-full wp-image-4446\" srcset=\"https:\/\/imediata.org\/wp-content\/uploads\/2013\/12\/87337.jpg 620w, https:\/\/imediata.org\/wp-content\/uploads\/2013\/12\/87337-300x199.jpg 300w, https:\/\/imediata.org\/wp-content\/uploads\/2013\/12\/87337-82x55.jpg 82w\" sizes=\"auto, (max-width: 620px) 100vw, 620px\" \/><\/a><br \/>\nMarcos de Paula\/Estad\u00e3o<\/p>\n<p><strong>&#8220;\u00cdndio est\u00e1 h\u00e1 mais de 24 horas em cima de \u00e1rvore em protesto no Rio<br \/>\nBombeiros tentam retirar manifestantes que protesta contra a retirada de ind\u00edgenas do antigo Museu do \u00cdndio; ativistas arremessaram saco com biscoito e \u00e1gua para o colega, que n\u00e3o se alimentava desde segunda-feira<\/p>\n<p>RIO &#8211; O \u00edndio Urutau Jos\u00e9 Guajajara j\u00e1 est\u00e1 h\u00e1 mais de 24 horas em cima de uma \u00e1rvore para resistir \u00e0 desocupa\u00e7\u00e3o do pr\u00e9dio do antigo Museu do \u00cdndio, nas imedia\u00e7\u00f5es do Est\u00e1dio do Maracan\u00e3, zona norte do Rio de Janeiro.&#8221;<\/p>\n<p>Fonte:<\/strong> <a href=\"http:\/\/www.estadao.com.br\/noticias\/cidades,indio-esta-ha-mais-de-24-horas-em-cima-de-arvore-em-protesto-no-rio,1109552,0.htm\">O Estado de S\u00e3o Paulo<\/a><\/p>\n<p><a href=\"http:\/\/imediata.org\/wp-content\/uploads\/2013\/12\/87336.jpg\"><img loading=\"lazy\" decoding=\"async\" src=\"http:\/\/imediata.org\/wp-content\/uploads\/2013\/12\/87336.jpg\" alt=\"87336\" width=\"620\" height=\"413\" class=\"aligncenter size-full wp-image-4447\" srcset=\"https:\/\/imediata.org\/wp-content\/uploads\/2013\/12\/87336.jpg 620w, https:\/\/imediata.org\/wp-content\/uploads\/2013\/12\/87336-300x199.jpg 300w, https:\/\/imediata.org\/wp-content\/uploads\/2013\/12\/87336-82x55.jpg 82w\" sizes=\"auto, (max-width: 620px) 100vw, 620px\" \/><\/a><br \/>\nMarcos de Paula\/Estad\u00e3o<\/p>\n","protected":false},"excerpt":{"rendered":"<p>Marcos de Paula\/Estad\u00e3o &#8220;\u00cdndio est\u00e1 h\u00e1 mais de 24 horas em cima de \u00e1rvore em protesto no Rio Bombeiros tentam retirar manifestantes que protesta contra a retirada de ind\u00edgenas do antigo Museu do \u00cdndio; ativistas arremessaram saco com biscoito e \u00e1gua para o colega, que n\u00e3o se alimentava desde segunda-feira RIO &#8211; O \u00edndio Urutau [&hellip;]<\/p>\n","protected":false},"author":1,"featured_media":0,"comment_status":"open","ping_status":"open","sticky":false,"template":"","format":"standard","meta":{"footnotes":""},"categories":[8,9,100],"tags":[2441,2443,2442,2440,2444,584],"class_list":["post-4444","post","type-post","status-publish","format-standard","hentry","category-anarcom","category-lance-de-dados","category-sala-de-espera","tag-aldeia-maracana","tag-despejo-de-indios","tag-fifa","tag-museu-do-indio","tag-protesto-em-arvore","tag-rio-de-janeiro"],"_links":{"self":[{"href":"https:\/\/imediata.org\/index.php?rest_route=\/wp\/v2\/posts\/4444","targetHints":{"allow":["GET"]}}],"collection":[{"href":"https:\/\/imediata.org\/index.php?rest_route=\/wp\/v2\/posts"}],"about":[{"href":"https:\/\/imediata.org\/index.php?rest_route=\/wp\/v2\/types\/post"}],"author":[{"embeddable":true,"href":"https:\/\/imediata.org\/index.php?rest_route=\/wp\/v2\/users\/1"}],"replies":[{"embeddable":true,"href":"https:\/\/imediata.org\/index.php?rest_route=%2Fwp%2Fv2%2Fcomments&post=4444"}],"version-history":[{"count":1,"href":"https:\/\/imediata.org\/index.php?rest_route=\/wp\/v2\/posts\/4444\/revisions"}],"predecessor-version":[{"id":4448,"href":"https:\/\/imediata.org\/index.php?rest_route=\/wp\/v2\/posts\/4444\/revisions\/4448"}],"wp:attachment":[{"href":"https:\/\/imediata.org\/index.php?rest_route=%2Fwp%2Fv2%2Fmedia&parent=4444"}],"wp:term":[{"taxonomy":"category","embeddable":true,"href":"https:\/\/imediata.org\/index.php?rest_route=%2Fwp%2Fv2%2Fcategories&post=4444"},{"taxonomy":"post_tag","embeddable":true,"href":"https:\/\/imediata.org\/index.php?rest_route=%2Fwp%2Fv2%2Ftags&post=4444"}],"curies":[{"name":"wp","href":"https:\/\/api.w.org\/{rel}","templated":true}]}}