{"id":4393,"date":"2013-12-13T23:04:49","date_gmt":"2013-12-13T23:04:49","guid":{"rendered":"http:\/\/imediata.org\/?p=4393"},"modified":"2013-12-16T17:29:04","modified_gmt":"2013-12-16T17:29:04","slug":"singelas-profana-acoes-101-hoje-e-um-novo-dia-canta-o-jingle-deles-para-que-faca-sentido","status":"publish","type":"post","link":"https:\/\/imediata.org\/?p=4393","title":{"rendered":">> Singelas Profana-a\u00e7\u00f5es 101 &#8211; Hoje \u00e9 um novo dia &#8211; canta o jingle &#8220;deles&#8221; para que fa\u00e7a sentido&#8230;"},"content":{"rendered":"<p><a href=\"http:\/\/imediata.org\/wp-content\/uploads\/2013\/12\/mqdefault5.jpg\"><img loading=\"lazy\" decoding=\"async\" src=\"http:\/\/imediata.org\/wp-content\/uploads\/2013\/12\/mqdefault5.jpg\" alt=\"mqdefault\" width=\"320\" height=\"180\" class=\"aligncenter size-full wp-image-4395\" srcset=\"https:\/\/imediata.org\/wp-content\/uploads\/2013\/12\/mqdefault5.jpg 320w, https:\/\/imediata.org\/wp-content\/uploads\/2013\/12\/mqdefault5-300x168.jpg 300w, https:\/\/imediata.org\/wp-content\/uploads\/2013\/12\/mqdefault5-97x55.jpg 97w\" sizes=\"auto, (max-width: 320px) 100vw, 320px\" \/><\/a><\/p>\n<p><strong>HOJE \u00c9 UM NOVO DIA<\/strong><br \/>\n<iframe loading=\"lazy\" width=\"560\" height=\"315\" src=\"\/\/www.youtube.com\/embed\/xt2XDNp6i0I\" frameborder=\"0\" allowfullscreen><\/iframe><br \/>\n<strong>via:<\/strong> <a href=\"http:\/\/www.youtube.com\/user\/coletivocarranca\">Coletivo Carranca<\/a><\/p>\n","protected":false},"excerpt":{"rendered":"<p>HOJE \u00c9 UM NOVO DIA via: Coletivo Carranca<\/p>\n","protected":false},"author":1,"featured_media":0,"comment_status":"open","ping_status":"open","sticky":false,"template":"","format":"standard","meta":{"footnotes":""},"categories":[8,82,10,96],"tags":[2398,2397,2396,2394,2395],"class_list":["post-4393","post","type-post","status-publish","format-standard","hentry","category-anarcom","category-midia_corporativa","category-pubblicare","category-singelas-profana-acoes","tag-coletivo-carranca","tag-converter-para-o-bem-comum","tag-dar-sentido-aos-jingles-da-midia-corporativa","tag-hoje-e-um-novo-dia","tag-reapropriar-se-das-ruas"],"_links":{"self":[{"href":"https:\/\/imediata.org\/index.php?rest_route=\/wp\/v2\/posts\/4393","targetHints":{"allow":["GET"]}}],"collection":[{"href":"https:\/\/imediata.org\/index.php?rest_route=\/wp\/v2\/posts"}],"about":[{"href":"https:\/\/imediata.org\/index.php?rest_route=\/wp\/v2\/types\/post"}],"author":[{"embeddable":true,"href":"https:\/\/imediata.org\/index.php?rest_route=\/wp\/v2\/users\/1"}],"replies":[{"embeddable":true,"href":"https:\/\/imediata.org\/index.php?rest_route=%2Fwp%2Fv2%2Fcomments&post=4393"}],"version-history":[{"count":1,"href":"https:\/\/imediata.org\/index.php?rest_route=\/wp\/v2\/posts\/4393\/revisions"}],"predecessor-version":[{"id":4396,"href":"https:\/\/imediata.org\/index.php?rest_route=\/wp\/v2\/posts\/4393\/revisions\/4396"}],"wp:attachment":[{"href":"https:\/\/imediata.org\/index.php?rest_route=%2Fwp%2Fv2%2Fmedia&parent=4393"}],"wp:term":[{"taxonomy":"category","embeddable":true,"href":"https:\/\/imediata.org\/index.php?rest_route=%2Fwp%2Fv2%2Fcategories&post=4393"},{"taxonomy":"post_tag","embeddable":true,"href":"https:\/\/imediata.org\/index.php?rest_route=%2Fwp%2Fv2%2Ftags&post=4393"}],"curies":[{"name":"wp","href":"https:\/\/api.w.org\/{rel}","templated":true}]}}