{"id":4383,"date":"2013-12-13T22:41:48","date_gmt":"2013-12-13T22:41:48","guid":{"rendered":"http:\/\/imediata.org\/?p=4383"},"modified":"2013-12-13T23:02:24","modified_gmt":"2013-12-13T23:02:24","slug":"imundo-7-beijar-pode-ser-muito-perigoso-enquanto-o-real-assedio-e-so-para-nos-proteger","status":"publish","type":"post","link":"https:\/\/imediata.org\/?p=4383","title":{"rendered":">> iMundo 7 &#8211; Beijar pode ser muito perigoso, enquanto o real ass\u00e9dio \u00e9 s\u00f3 para nos \u201cproteger\u201d"},"content":{"rendered":"<p><a href=\"http:\/\/imediata.org\/wp-content\/uploads\/2013\/12\/BbYdCCTCIAATqTE.jpg\"><img loading=\"lazy\" decoding=\"async\" src=\"http:\/\/imediata.org\/wp-content\/uploads\/2013\/12\/BbYdCCTCIAATqTE-300x187.jpg\" alt=\"BbYdCCTCIAATqTE\" width=\"300\" height=\"187\" class=\"aligncenter size-medium wp-image-4387\" srcset=\"https:\/\/imediata.org\/wp-content\/uploads\/2013\/12\/BbYdCCTCIAATqTE-300x187.jpg 300w, https:\/\/imediata.org\/wp-content\/uploads\/2013\/12\/BbYdCCTCIAATqTE-88x55.jpg 88w, https:\/\/imediata.org\/wp-content\/uploads\/2013\/12\/BbYdCCTCIAATqTE.jpg 599w\" sizes=\"auto, (max-width: 300px) 100vw, 300px\" \/><\/a><br \/>\nFoto: MARCO BERTORELLO \/AFP<\/p>\n<p><strong>No estado do Colorado, EUA, um menino de 6 anos esteve por um triz de ser processado por ter beijado a m\u00e3o de uma sua coleguinha de escola. A acusa\u00e7\u00e3o feita pela escola? Ass\u00e9dio sexual. Parece que a institui\u00e7\u00e3o vai se limitar a uma observa\u00e7\u00e3o de m\u00e1 conduta em seu boletim. Mas a acusa\u00e7\u00e3o de ass\u00e9dio sexual ainda n\u00e3o foi anulada.<\/strong><\/p>\n<p><iframe loading=\"lazy\" width=\"560\" height=\"315\" src=\"\/\/www.youtube.com\/embed\/T7mwfRJW0hk\" frameborder=\"0\" allowfullscreen><\/iframe><\/p>\n<p><strong>E em Turim, na It\u00e1lia, a foto (que se tornou emblem\u00e1tica) de uma manifestante beijando o capacete de um policial como agradecimento pelo fato de os policiais n\u00e3o terem baixado o cassetete nos manifestantes, causou pruridos \u00e0 COISP, o sindicato dos policiais, que quer processar a mo\u00e7a de 20 anos que ousou tal feito.<\/p>\n<p>Mais detalhes:<\/strong> <a href=\"http:\/\/www.telegraph.co.uk\/news\/worldnews\/europe\/italy\/10516155\/Female-protester-pictured-kissing-policeman-accused-of-sexual-assault.html\">The Telegraph<\/a><\/p>\n<p><strong><br \/>\nEnquanto isso, pol\u00edticos, policiais e ped\u00f3filos repressores podem maltratar, torturar, agredir e assediar \u00e0 vontade&#8230; tanto no estado-mundo de excess\u00e3o-controle-ass\u00e9dio permanente, tudo \u00e9 feito em nome de nossa prote\u00e7\u00e3o e seguran\u00e7a.<br \/>\nLembram desta, no Rio, faz poucos meses? Isso pode&#8230;<\/strong><\/p>\n<p><a href=\"http:\/\/imediata.org\/wp-content\/uploads\/2013\/12\/BbYOmiGCIAI6GuD.jpg-large.jpeg\"><img loading=\"lazy\" decoding=\"async\" src=\"http:\/\/imediata.org\/wp-content\/uploads\/2013\/12\/BbYOmiGCIAI6GuD.jpg-large-300x189.jpeg\" alt=\"BbYOmiGCIAI6GuD.jpg-large\" width=\"300\" height=\"189\" class=\"aligncenter size-medium wp-image-4388\" srcset=\"https:\/\/imediata.org\/wp-content\/uploads\/2013\/12\/BbYOmiGCIAI6GuD.jpg-large-300x189.jpeg 300w, https:\/\/imediata.org\/wp-content\/uploads\/2013\/12\/BbYOmiGCIAI6GuD.jpg-large-86x55.jpeg 86w, https:\/\/imediata.org\/wp-content\/uploads\/2013\/12\/BbYOmiGCIAI6GuD.jpg-large.jpeg 640w\" sizes=\"auto, (max-width: 300px) 100vw, 300px\" \/><\/a><\/p>\n","protected":false},"excerpt":{"rendered":"<p>Foto: MARCO BERTORELLO \/AFP No estado do Colorado, EUA, um menino de 6 anos esteve por um triz de ser processado por ter beijado a m\u00e3o de uma sua coleguinha de escola. A acusa\u00e7\u00e3o feita pela escola? Ass\u00e9dio sexual. Parece que a institui\u00e7\u00e3o vai se limitar a uma observa\u00e7\u00e3o de m\u00e1 conduta em seu boletim. [&hellip;]<\/p>\n","protected":false},"author":1,"featured_media":0,"comment_status":"open","ping_status":"open","sticky":false,"template":"","format":"standard","meta":{"footnotes":""},"categories":[4,8,2256,9],"tags":[2391,2390,2392,2393],"class_list":["post-4383","post","type-post","status-publish","format-standard","hentry","category-al-manakh","category-anarcom","category-imundo","category-lance-de-dados","tag-beijar-e-perigoso","tag-estado-mundo-de-excessao-controle-assedio","tag-menino-de-6-anos-acusado-de-assedio-sexual","tag-mundo-de-ponta-cabeca"],"_links":{"self":[{"href":"https:\/\/imediata.org\/index.php?rest_route=\/wp\/v2\/posts\/4383","targetHints":{"allow":["GET"]}}],"collection":[{"href":"https:\/\/imediata.org\/index.php?rest_route=\/wp\/v2\/posts"}],"about":[{"href":"https:\/\/imediata.org\/index.php?rest_route=\/wp\/v2\/types\/post"}],"author":[{"embeddable":true,"href":"https:\/\/imediata.org\/index.php?rest_route=\/wp\/v2\/users\/1"}],"replies":[{"embeddable":true,"href":"https:\/\/imediata.org\/index.php?rest_route=%2Fwp%2Fv2%2Fcomments&post=4383"}],"version-history":[{"count":4,"href":"https:\/\/imediata.org\/index.php?rest_route=\/wp\/v2\/posts\/4383\/revisions"}],"predecessor-version":[{"id":4392,"href":"https:\/\/imediata.org\/index.php?rest_route=\/wp\/v2\/posts\/4383\/revisions\/4392"}],"wp:attachment":[{"href":"https:\/\/imediata.org\/index.php?rest_route=%2Fwp%2Fv2%2Fmedia&parent=4383"}],"wp:term":[{"taxonomy":"category","embeddable":true,"href":"https:\/\/imediata.org\/index.php?rest_route=%2Fwp%2Fv2%2Fcategories&post=4383"},{"taxonomy":"post_tag","embeddable":true,"href":"https:\/\/imediata.org\/index.php?rest_route=%2Fwp%2Fv2%2Ftags&post=4383"}],"curies":[{"name":"wp","href":"https:\/\/api.w.org\/{rel}","templated":true}]}}