{"id":4377,"date":"2013-12-13T21:46:40","date_gmt":"2013-12-13T21:46:40","guid":{"rendered":"http:\/\/imediata.org\/?p=4377"},"modified":"2013-12-13T21:51:03","modified_gmt":"2013-12-13T21:51:03","slug":"cosmologia-e-escatologia-indigenas-iii-conferencia-curt-nimuendaju-eduardo-viveiros-de-castro","status":"publish","type":"post","link":"https:\/\/imediata.org\/?p=4377","title":{"rendered":">> &#8220;\u00daltimas not\u00edcias sobre o fim do mundo&#8221; &#8211; cosmologias e escatologias ind\u00edgenas &#8211; III Confer\u00eancia Curt Nimuendaj\u00fa &#8211; Eduardo Viveiros de Castro"},"content":{"rendered":"<p><a href=\"http:\/\/imediata.org\/wp-content\/uploads\/2013\/12\/457627637_295.jpg\"><img loading=\"lazy\" decoding=\"async\" src=\"http:\/\/imediata.org\/wp-content\/uploads\/2013\/12\/457627637_295.jpg\" alt=\"457627637_295\" width=\"295\" height=\"166\" class=\"aligncenter size-full wp-image-4379\" srcset=\"https:\/\/imediata.org\/wp-content\/uploads\/2013\/12\/457627637_295.jpg 295w, https:\/\/imediata.org\/wp-content\/uploads\/2013\/12\/457627637_295-97x55.jpg 97w\" sizes=\"auto, (max-width: 295px) 100vw, 295px\" \/><\/a><\/p>\n<p><iframe loading=\"lazy\" src=\"\/\/player.vimeo.com\/video\/81488754\" width=\"500\" height=\"281\" frameborder=\"0\" webkitallowfullscreen mozallowfullscreen allowfullscreen><\/iframe> <\/p>\n<p><a href=\"http:\/\/vimeo.com\/81488754\">III Confer\u00eancia Curt Nimuendaj\u00fa &#8211; Eduardo Viveiros de Castro<\/a> from <a href=\"http:\/\/vimeo.com\/user9643306\">CESTA USP<\/a> on <a href=\"https:\/\/vimeo.com\">Vimeo<\/a>.<\/p>\n<p>\\\\<\/p>\n<p><strong>III Confer\u00eancia Curt Nimuendaj\u00fa &#8211; Eduardo Viveiros de Castro<br \/>\nA Confer\u00eancia Curt Nimuendaj\u00fa \u00e9 um evento anual promovido pelo CEstA, que visa a trazer para a Universidade de S\u00e3o Paulo os principais expoentes do pensamento sobre os povos ind\u00edgenas das Am\u00e9ricas.<br \/>\nIntitulada &#8220;\u00daltimas not\u00edcias sobre o fim do mundo&#8221;, a confer\u00eancia de Eduardo Viveiros de Castro (UFRJ\/Museu Nacional) trata de cosmologias ind\u00edgenas face \u00e0s crises ambientais e de modelos de desenvolvimento praticados no Ocidente, com foco no Brasil.<\/p>\n<p>Fonte:<\/strong> <a href=\"http:\/\/vimeo.com\/user9643306\">Cesta USP<\/a> <\/p>\n","protected":false},"excerpt":{"rendered":"<p>III Confer\u00eancia Curt Nimuendaj\u00fa &#8211; Eduardo Viveiros de Castro from CESTA USP on Vimeo. \\\\ III Confer\u00eancia Curt Nimuendaj\u00fa &#8211; Eduardo Viveiros de Castro A Confer\u00eancia Curt Nimuendaj\u00fa \u00e9 um evento anual promovido pelo CEstA, que visa a trazer para a Universidade de S\u00e3o Paulo os principais expoentes do pensamento sobre os povos ind\u00edgenas das [&hellip;]<\/p>\n","protected":false},"author":1,"featured_media":0,"comment_status":"open","ping_status":"open","sticky":false,"template":"","format":"standard","meta":{"footnotes":""},"categories":[5,7,9],"tags":[2389,2387,389,2388,2385,2386],"class_list":["post-4377","post","type-post","status-publish","format-standard","hentry","category-biodiversidade-imediata","category-devir","category-lance-de-dados","tag-ultimas-noticias-sobre-o-fim-do-mundo","tag-cosmologias-indigenas","tag-eduardo-viveiros-de-castro","tag-escatologia-indigena","tag-iii-conferencia-curt-nimuendaju","tag-usp"],"_links":{"self":[{"href":"https:\/\/imediata.org\/index.php?rest_route=\/wp\/v2\/posts\/4377","targetHints":{"allow":["GET"]}}],"collection":[{"href":"https:\/\/imediata.org\/index.php?rest_route=\/wp\/v2\/posts"}],"about":[{"href":"https:\/\/imediata.org\/index.php?rest_route=\/wp\/v2\/types\/post"}],"author":[{"embeddable":true,"href":"https:\/\/imediata.org\/index.php?rest_route=\/wp\/v2\/users\/1"}],"replies":[{"embeddable":true,"href":"https:\/\/imediata.org\/index.php?rest_route=%2Fwp%2Fv2%2Fcomments&post=4377"}],"version-history":[{"count":3,"href":"https:\/\/imediata.org\/index.php?rest_route=\/wp\/v2\/posts\/4377\/revisions"}],"predecessor-version":[{"id":4382,"href":"https:\/\/imediata.org\/index.php?rest_route=\/wp\/v2\/posts\/4377\/revisions\/4382"}],"wp:attachment":[{"href":"https:\/\/imediata.org\/index.php?rest_route=%2Fwp%2Fv2%2Fmedia&parent=4377"}],"wp:term":[{"taxonomy":"category","embeddable":true,"href":"https:\/\/imediata.org\/index.php?rest_route=%2Fwp%2Fv2%2Fcategories&post=4377"},{"taxonomy":"post_tag","embeddable":true,"href":"https:\/\/imediata.org\/index.php?rest_route=%2Fwp%2Fv2%2Ftags&post=4377"}],"curies":[{"name":"wp","href":"https:\/\/api.w.org\/{rel}","templated":true}]}}