{"id":435,"date":"2011-11-02T02:32:11","date_gmt":"2011-11-02T02:32:11","guid":{"rendered":"http:\/\/imediata.org\/?p=435"},"modified":"2011-11-19T03:47:06","modified_gmt":"2011-11-19T03:47:06","slug":"amores-insolitos-1-simone-weil-tara-bella","status":"publish","type":"post","link":"https:\/\/imediata.org\/?p=435","title":{"rendered":">>AMORES INS\u00d3LITOS 1 Simone Weil, Tara &#038; Bella"},"content":{"rendered":"<p>AMORES INS\u00d3LITOS 1 Simone Weil, Tara &amp; Bella<\/p>\n<p>&nbsp;<\/p>\n<p>Por: Mario S. Mieli<\/p>\n<p>Em mensagem de: 17 de outubro de 2011<\/p>\n<p>&nbsp;<\/p>\n<p><strong>L&#8217;amour n&#8217;est pas consolation, il est lumi\u00e8re.<\/strong><strong><\/strong><\/p>\n<p>O amor n\u00e3o \u00e9 consolo, \u00e9 luz.<\/p>\n<p>(Simone Weil em <em>La pesanteur et la gr\u00e2ce<\/em>)<\/p>\n<p><a href=\"http:\/\/imediata.org\/wp-content\/uploads\/2011\/11\/305768_174112772674369_100002269429326_358411_68268073_n.jpg\"><img loading=\"lazy\" decoding=\"async\" class=\"aligncenter size-medium wp-image-436\" title=\"305768_174112772674369_100002269429326_358411_68268073_n\" src=\"http:\/\/imediata.org\/wp-content\/uploads\/2011\/11\/305768_174112772674369_100002269429326_358411_68268073_n-300x163.jpg\" alt=\"\" width=\"300\" height=\"163\" srcset=\"https:\/\/imediata.org\/wp-content\/uploads\/2011\/11\/305768_174112772674369_100002269429326_358411_68268073_n-300x163.jpg 300w, https:\/\/imediata.org\/wp-content\/uploads\/2011\/11\/305768_174112772674369_100002269429326_358411_68268073_n.jpg 720w\" sizes=\"auto, (max-width: 300px) 100vw, 300px\" \/><\/a><\/p>\n<p>&nbsp;<\/p>\n<p>V\u00eddeo de Tara e Bella (foto acima e v\u00eddeo enviados por Renata Riecken):<\/p>\n<p>&nbsp;<\/p>\n<table cellpadding=\"0\">\n<tbody>\n<tr>\n<td>\n<div>\n<div>\n<div>\n<div>\n<div>\n<div>\n<div>\n<div>\n<div id=\":138\">\n<div>\n<div>\n<div id=\":112\">\n<div id=\":113\">\n<div><a href=\"http:\/\/s224.photobucket.com\/albums\/dd87\/piccolini_14\/?action=view&amp;current=410861091927_63572.mp4\" target=\"_blank\">http:\/\/s224.photobucket.com\/<wbr>albums\/dd87\/piccolini_14\/?<wbr>action=view&amp;current=<wbr>410861091927_63572.mp4<\/wbr><\/wbr><\/wbr><\/a><\/div>\n<\/div>\n<\/div>\n<\/div>\n<\/div>\n<\/div>\n<\/div>\n<\/div>\n<\/div>\n<\/div>\n<\/div>\n<\/div>\n<\/div>\n<\/div>\n<\/td>\n<\/tr>\n<\/tbody>\n<\/table>\n","protected":false},"excerpt":{"rendered":"<p>AMORES INS\u00d3LITOS 1 Simone Weil, Tara &amp; Bella &nbsp; Por: Mario S. Mieli Em mensagem de: 17 de outubro de 2011 &nbsp; L&#8217;amour n&#8217;est pas consolation, il est lumi\u00e8re. O amor n\u00e3o \u00e9 consolo, \u00e9 luz. (Simone Weil em La pesanteur et la gr\u00e2ce) &nbsp; V\u00eddeo de Tara e Bella (foto acima e v\u00eddeo enviados [&hellip;]<\/p>\n","protected":false},"author":1,"featured_media":0,"comment_status":"open","ping_status":"open","sticky":false,"template":"","format":"standard","meta":{"footnotes":""},"categories":[98],"tags":[95,120,121],"class_list":["post-435","post","type-post","status-publish","format-standard","hentry","category-amores-insolitos-6","tag-mario-s-mieli","tag-simone-weil","tag-tara-bella"],"_links":{"self":[{"href":"https:\/\/imediata.org\/index.php?rest_route=\/wp\/v2\/posts\/435","targetHints":{"allow":["GET"]}}],"collection":[{"href":"https:\/\/imediata.org\/index.php?rest_route=\/wp\/v2\/posts"}],"about":[{"href":"https:\/\/imediata.org\/index.php?rest_route=\/wp\/v2\/types\/post"}],"author":[{"embeddable":true,"href":"https:\/\/imediata.org\/index.php?rest_route=\/wp\/v2\/users\/1"}],"replies":[{"embeddable":true,"href":"https:\/\/imediata.org\/index.php?rest_route=%2Fwp%2Fv2%2Fcomments&post=435"}],"version-history":[{"count":5,"href":"https:\/\/imediata.org\/index.php?rest_route=\/wp\/v2\/posts\/435\/revisions"}],"predecessor-version":[{"id":613,"href":"https:\/\/imediata.org\/index.php?rest_route=\/wp\/v2\/posts\/435\/revisions\/613"}],"wp:attachment":[{"href":"https:\/\/imediata.org\/index.php?rest_route=%2Fwp%2Fv2%2Fmedia&parent=435"}],"wp:term":[{"taxonomy":"category","embeddable":true,"href":"https:\/\/imediata.org\/index.php?rest_route=%2Fwp%2Fv2%2Fcategories&post=435"},{"taxonomy":"post_tag","embeddable":true,"href":"https:\/\/imediata.org\/index.php?rest_route=%2Fwp%2Fv2%2Ftags&post=435"}],"curies":[{"name":"wp","href":"https:\/\/api.w.org\/{rel}","templated":true}]}}