{"id":4304,"date":"2013-12-10T02:21:49","date_gmt":"2013-12-10T02:21:49","guid":{"rendered":"http:\/\/imediata.org\/?p=4304"},"modified":"2013-12-11T16:08:53","modified_gmt":"2013-12-11T16:08:53","slug":"vigilancia-e-coleta-de-dados-pessoais-pelo-estado-e-roubo-afirmam-500-entre-os-mais-importantes-escritores","status":"publish","type":"post","link":"https:\/\/imediata.org\/?p=4304","title":{"rendered":">> &#8220;Vigil\u00e2ncia&#8221; e coleta de dados pessoais pelo estado \u00e9 roubo, afirmam 500 entre os mais importantes escritores"},"content":{"rendered":"<p><a href=\"http:\/\/imediata.org\/wp-content\/uploads\/2013\/12\/BbFgiIUCcAAC_IA.jpg\"><img loading=\"lazy\" decoding=\"async\" src=\"http:\/\/imediata.org\/wp-content\/uploads\/2013\/12\/BbFgiIUCcAAC_IA-197x300.jpg\" alt=\"BbFgiIUCcAAC_IA\" width=\"197\" height=\"300\" class=\"aligncenter size-medium wp-image-4306\" srcset=\"https:\/\/imediata.org\/wp-content\/uploads\/2013\/12\/BbFgiIUCcAAC_IA-197x300.jpg 197w, https:\/\/imediata.org\/wp-content\/uploads\/2013\/12\/BbFgiIUCcAAC_IA-36x55.jpg 36w, https:\/\/imediata.org\/wp-content\/uploads\/2013\/12\/BbFgiIUCcAAC_IA.jpg 600w\" sizes=\"auto, (max-width: 197px) 100vw, 197px\" \/><\/a><\/p>\n<p>capa do jornal ingl\u00eas &#8220;The Guardian&#8221;, de ter\u00e7a-feira 10\/12\/2013 mostrando em sentido hor\u00e1rio &#8211; G\u00fcnter Grass, Margaret Atwood, Martin Amis, Arundhati Roy, Don DeLillo e Jeanette Winterson &#8211; entre os 500 escritores mais importantes de mais de 81 pa\u00edses que est\u00e3o, (afinal), se manifestando&#8230;<\/p>\n<p>Artigo em ingl\u00eas original:<br \/>\nState surveillance of personal data is theft, say world&#8217;s leading authors<br \/>\n<a href=\"http:\/\/www.theguardian.com\/world\/2013\/dec\/10\/surveillance-theft-worlds-leading-authors\">http:\/\/www.theguardian.com\/world\/2013\/dec\/10\/surveillance-theft-worlds-leading-authors<\/a><\/p>\n<p>Para os nomes de todos os que assinaram e\/ou assinar a peti\u00e7\u00e3o, aqui:<\/p>\n<p><a href=\"http:\/\/www.change.org\/petitions\/a-stand-for-democracy-in-the-digital-age-3\">http:\/\/www.change.org\/petitions\/a-stand-for-democracy-in-the-digital-age-3<\/a><\/p>\n","protected":false},"excerpt":{"rendered":"<p>capa do jornal ingl\u00eas &#8220;The Guardian&#8221;, de ter\u00e7a-feira 10\/12\/2013 mostrando em sentido hor\u00e1rio &#8211; G\u00fcnter Grass, Margaret Atwood, Martin Amis, Arundhati Roy, Don DeLillo e Jeanette Winterson &#8211; entre os 500 escritores mais importantes de mais de 81 pa\u00edses que est\u00e3o, (afinal), se manifestando&#8230; Artigo em ingl\u00eas original: State surveillance of personal data is theft, [&hellip;]<\/p>\n","protected":false},"author":1,"featured_media":0,"comment_status":"open","ping_status":"open","sticky":false,"template":"","format":"standard","meta":{"footnotes":""},"categories":[81,9,11],"tags":[2350,1558,2349,2348],"class_list":["post-4304","post","type-post","status-publish","format-standard","hentry","category-imediartivismo","category-lance-de-dados","category-sambaqui","tag-escritores-do-mundo-se-mobilizam-contra-espionagem-global","tag-sociedade-de-controle","tag-the-guardian","tag-vigilancia-e-coleta-de-dados-pessoais"],"_links":{"self":[{"href":"https:\/\/imediata.org\/index.php?rest_route=\/wp\/v2\/posts\/4304","targetHints":{"allow":["GET"]}}],"collection":[{"href":"https:\/\/imediata.org\/index.php?rest_route=\/wp\/v2\/posts"}],"about":[{"href":"https:\/\/imediata.org\/index.php?rest_route=\/wp\/v2\/types\/post"}],"author":[{"embeddable":true,"href":"https:\/\/imediata.org\/index.php?rest_route=\/wp\/v2\/users\/1"}],"replies":[{"embeddable":true,"href":"https:\/\/imediata.org\/index.php?rest_route=%2Fwp%2Fv2%2Fcomments&post=4304"}],"version-history":[{"count":4,"href":"https:\/\/imediata.org\/index.php?rest_route=\/wp\/v2\/posts\/4304\/revisions"}],"predecessor-version":[{"id":4360,"href":"https:\/\/imediata.org\/index.php?rest_route=\/wp\/v2\/posts\/4304\/revisions\/4360"}],"wp:attachment":[{"href":"https:\/\/imediata.org\/index.php?rest_route=%2Fwp%2Fv2%2Fmedia&parent=4304"}],"wp:term":[{"taxonomy":"category","embeddable":true,"href":"https:\/\/imediata.org\/index.php?rest_route=%2Fwp%2Fv2%2Fcategories&post=4304"},{"taxonomy":"post_tag","embeddable":true,"href":"https:\/\/imediata.org\/index.php?rest_route=%2Fwp%2Fv2%2Ftags&post=4304"}],"curies":[{"name":"wp","href":"https:\/\/api.w.org\/{rel}","templated":true}]}}