{"id":4299,"date":"2013-12-10T01:26:01","date_gmt":"2013-12-10T01:26:01","guid":{"rendered":"http:\/\/imediata.org\/?p=4299"},"modified":"2013-12-10T01:27:09","modified_gmt":"2013-12-10T01:27:09","slug":"cinco-minutos-de-presente-pra-ser-prana-prazer-prana-uma-poesia-comestivel-por-mario-s-mieli-e-meditacao-com-thich-nhat-hanh","status":"publish","type":"post","link":"https:\/\/imediata.org\/?p=4299","title":{"rendered":">> Cinco Minutos de Presente &#8211; Pra Ser Prana Pra Zer Prana &#8211; uma poesia comest\u00edvel por Mario S. Mieli e Medita\u00e7\u00e3o com Thich Nhat Hanh"},"content":{"rendered":"<p><a href=\"http:\/\/imediata.org\/wp-content\/uploads\/2013\/12\/unnamed.jpg\"><img loading=\"lazy\" decoding=\"async\" src=\"http:\/\/imediata.org\/wp-content\/uploads\/2013\/12\/unnamed-300x191.jpg\" alt=\"unnamed\" width=\"300\" height=\"191\" class=\"aligncenter size-medium wp-image-4301\" srcset=\"https:\/\/imediata.org\/wp-content\/uploads\/2013\/12\/unnamed-300x191.jpg 300w, https:\/\/imediata.org\/wp-content\/uploads\/2013\/12\/unnamed-86x55.jpg 86w, https:\/\/imediata.org\/wp-content\/uploads\/2013\/12\/unnamed.jpg 720w\" sizes=\"auto, (max-width: 300px) 100vw, 300px\" \/><\/a><\/p>\n<p><strong>Pra Ser Prana<br \/>\nPra Zer Prana &#8211; uma poesia comest\u00edvel<\/p>\n<p>Mario S. Mieli<\/p>\n<p>ando<br \/>\nd\u2019espert\u2019ando<br \/>\na bem soando o dia<br \/>\nsal y v\u2019ando o sabor da laranja que com-er(r)ei<\/p>\n<p>Lembrete pal-mar do sol<br \/>\ne com ela, minhas n\u2019ar-y-n\u2019as<br \/>\nse enchem de p\u00f3 d\u2019ouro<\/p>\n<p>a textura-ternura da casca<br \/>\ndeus-casc\u2019ata&#8230; re-tirada&#8230;<br \/>\num pouco da pele-bag\u2019A\u00e7o que fica<br \/>\ne que dentro em pouco ser\u00e1 eu.<\/p>\n<p>O suco fra-grant-y-ficado<br \/>\nfaz abundante luz na boca<br \/>\ne a bem soa os sem tidos sem senti do<br \/>\na parente<\/p>\n<p>Mas depois de pouco<br \/>\no pulsar se ampl-y-fica<br \/>\nE o presente sente in-tem-y-ciosa mente<br \/>\nUm vi-br\u2019Ar in ter-y-or<\/p>\n<p>Um outro eu<br \/>\nliberdade<br \/>\nre-de-s-coberto<br \/>\ntrans-figurado por uma laranja<\/p>\n<p>num lar anjo<br \/>\n<\/strong><\/p>\n<p>VOLTAR AO MOMENTO PRESENTE &#8211; por Thich Nhat Hanh<br \/>\n<strong>\u201cPonha uma tangerina na palma da sua m\u00e3o, respire para torn\u00e1-la real, veja a tangerina como a flor, com o por do sol e a chuva sobre ela, e a pequena fruta, e ent\u00e3o a fruta maior, a cor, e voc\u00ea nota qu\u00e3o maravilhosa \u00e9 uma tangerina. Voc\u00ea tem que estar em contato com a maravilha da vida e as maravilhas da vida est\u00e3o em todo lugar ao redor de voc\u00ea e dentro de voc\u00ea mesmo. Mas porque voc\u00ea \u00e9 possu\u00eddo pelas horas, pelas preocupa\u00e7\u00f5es, nossas ansiedades, nosso pensar, n\u00f3s perdemos a vida, perdemos a maravilha da vida, n\u00f3s n\u00e3o s\u00f3 perdemos a flor, tamb\u00e9m perdemos o c\u00e9u azul, as nuvens, os rios claros, as tangerinas, a pequena crian\u00e7a, perdemos tudo. E umas das maneiras de recuper\u00e1-las \u00e9 voltar para o momento presente, \u00e0 respira\u00e7\u00e3o consciente.\u201d<br \/>\n~ Thich Nhat Hanh<\/strong><br \/>\nvia <a href=\"http:\/\/dharmalog.com\/2013\/12\/03\/respirando-conscientemente-e-tornando-tudo-real-com-thich-nhat-hanh-respiracao-consciente-torna-tudo-real\/\">dharmalog<\/a><\/p>\n<p><iframe loading=\"lazy\" width=\"420\" height=\"315\" src=\"\/\/www.youtube.com\/embed\/4KK0cIvgiQ4\" frameborder=\"0\" allowfullscreen><\/iframe><\/p>\n<p><strong>Para legendas em portugu\u00eas, aqui&#8230;<\/strong><\/p>\n<p><a href=\"http:\/\/www.amara.org\/en\/videos\/r1IZ8I9f6q8T\/info\/returning-to-the-present-moment-thich-nhat-hanh\/\">http:\/\/www.amara.org\/en\/videos\/r1IZ8I9f6q8T\/info\/returning-to-the-present-moment-thich-nhat-hanh\/<\/a><\/p>\n<p><strong>ou aqui:<\/strong><br \/>\n<a href=\"http:\/\/dharmalog.com\/2013\/12\/03\/respirando-conscientemente-e-tornando-tudo-real-com-thich-nhat-hanh-respiracao-consciente-torna-tudo-real\/\">http:\/\/dharmalog.com\/2013\/12\/03\/respirando-conscientemente-e-tornando-tudo-real-com-thich-nhat-hanh-respiracao-consciente-torna-tudo-real\/<\/a><\/p>\n","protected":false},"excerpt":{"rendered":"<p>Pra Ser Prana Pra Zer Prana &#8211; uma poesia comest\u00edvel Mario S. Mieli ando d\u2019espert\u2019ando a bem soando o dia sal y v\u2019ando o sabor da laranja que com-er(r)ei Lembrete pal-mar do sol e com ela, minhas n\u2019ar-y-n\u2019as se enchem de p\u00f3 d\u2019ouro a textura-ternura da casca deus-casc\u2019ata&#8230; re-tirada&#8230; um pouco da pele-bag\u2019A\u00e7o que fica [&hellip;]<\/p>\n","protected":false},"author":1,"featured_media":0,"comment_status":"open","ping_status":"open","sticky":false,"template":"","format":"standard","meta":{"footnotes":""},"categories":[4,212],"tags":[95,2346,2347,2344,2342,2343,1373,2341,2345],"class_list":["post-4299","post","type-post","status-publish","format-standard","hentry","category-al-manakh","category-cinco-minutos","tag-mario-s-mieli","tag-meditacao-do-agora","tag-poesia-comestivel","tag-pra-ser-prana-pra-zer-prana","tag-prana","tag-prazer","tag-thich-nhat-hanh","tag-viver-o-presente","tag-zen-budismo"],"_links":{"self":[{"href":"https:\/\/imediata.org\/index.php?rest_route=\/wp\/v2\/posts\/4299","targetHints":{"allow":["GET"]}}],"collection":[{"href":"https:\/\/imediata.org\/index.php?rest_route=\/wp\/v2\/posts"}],"about":[{"href":"https:\/\/imediata.org\/index.php?rest_route=\/wp\/v2\/types\/post"}],"author":[{"embeddable":true,"href":"https:\/\/imediata.org\/index.php?rest_route=\/wp\/v2\/users\/1"}],"replies":[{"embeddable":true,"href":"https:\/\/imediata.org\/index.php?rest_route=%2Fwp%2Fv2%2Fcomments&post=4299"}],"version-history":[{"count":2,"href":"https:\/\/imediata.org\/index.php?rest_route=\/wp\/v2\/posts\/4299\/revisions"}],"predecessor-version":[{"id":4303,"href":"https:\/\/imediata.org\/index.php?rest_route=\/wp\/v2\/posts\/4299\/revisions\/4303"}],"wp:attachment":[{"href":"https:\/\/imediata.org\/index.php?rest_route=%2Fwp%2Fv2%2Fmedia&parent=4299"}],"wp:term":[{"taxonomy":"category","embeddable":true,"href":"https:\/\/imediata.org\/index.php?rest_route=%2Fwp%2Fv2%2Fcategories&post=4299"},{"taxonomy":"post_tag","embeddable":true,"href":"https:\/\/imediata.org\/index.php?rest_route=%2Fwp%2Fv2%2Ftags&post=4299"}],"curies":[{"name":"wp","href":"https:\/\/api.w.org\/{rel}","templated":true}]}}