{"id":4277,"date":"2013-12-09T03:20:23","date_gmt":"2013-12-09T03:20:23","guid":{"rendered":"http:\/\/imediata.org\/?p=4277"},"modified":"2013-12-09T03:20:41","modified_gmt":"2013-12-09T03:20:41","slug":"arregacando-as-mangas-6-italia-para-para-dar-um-basta-sim-a-soberania-nao-a-euroescravidao","status":"publish","type":"post","link":"https:\/\/imediata.org\/?p=4277","title":{"rendered":">> Arrega\u00e7ando as Mangas 5 &#8211; It\u00e1lia p\u00e1ra. Para dar um BASTA! Sim \u00e0 soberania, n\u00e3o \u00e0 euroescravid\u00e3o!"},"content":{"rendered":"<p><a href=\"http:\/\/imediata.org\/wp-content\/uploads\/2013\/12\/ob_524619aa1129ab9a4e05b228a8161598_basta-con-questa-europa.jpg\"><img loading=\"lazy\" decoding=\"async\" src=\"http:\/\/imediata.org\/wp-content\/uploads\/2013\/12\/ob_524619aa1129ab9a4e05b228a8161598_basta-con-questa-europa.jpg\" alt=\"ob_524619aa1129ab9a4e05b228a8161598_basta-con-questa-europa\" width=\"639\" height=\"891\" class=\"aligncenter size-full wp-image-4279\" srcset=\"https:\/\/imediata.org\/wp-content\/uploads\/2013\/12\/ob_524619aa1129ab9a4e05b228a8161598_basta-con-questa-europa.jpg 639w, https:\/\/imediata.org\/wp-content\/uploads\/2013\/12\/ob_524619aa1129ab9a4e05b228a8161598_basta-con-questa-europa-215x300.jpg 215w, https:\/\/imediata.org\/wp-content\/uploads\/2013\/12\/ob_524619aa1129ab9a4e05b228a8161598_basta-con-questa-europa-39x55.jpg 39w\" sizes=\"auto, (max-width: 639px) 100vw, 639px\" \/><\/a><\/p>\n<p><strong>dia 9 de dezembro de 2013, a It\u00e1lia p\u00e1ra.<br \/>\nE, ironicamente, p\u00e1ra para poder desbloquear-se.<br \/>\nDos parasitas, dos invasores, dos usur\u00e1rios<br \/>\nque a est\u00e3o esfolando viva. Mas que tamb\u00e9m querem apagar (como foi no Iraque,<br \/>\nno L\u00edbano, como est\u00e1 sendo na S\u00edria e na Gr\u00e9cia) qualquer vest\u00edgio de civiliza\u00e7\u00e3o.<br \/>\nE mais uma vez, como j\u00e1 foram incont\u00e1veis em sua hist\u00f3ria,<br \/>\na bota que a constitui fisicamente, em sua geo-grafia,<br \/>\nser\u00e1 fundamental para desmembrar a falsa Europa da usura predat\u00f3ria do capital internacional,<br \/>\nda ordem mundial pluto-clepto-oligo-merdo-euro Krata,<br \/>\ndaqueles que a querem &#8220;unida&#8221; para melhor poder control\u00e1-la. E, a partir da\u00ed, o mundo todo.<\/p>\n<p>Uma revolu\u00e7\u00e3o se prepara<\/p>\n<p>Est\u00e1 na hora de outro tipo de liberta\u00e7\u00e3o!!!<br \/>\nN\u00e3o falta o que precisa ser varrido&#8230;<br \/>\nRastros qu\u00edmicos, dejetos nucleares no Mediterr\u00e2neo, politicos corruptos que venderam o pa\u00eds ao \u201ccapital\u201d financeiro internacional, multinacionais que promovem o fraturamento hidr\u00e1ulico e, assim, os terremotos, o desemprego, o corte dos benef\u00edcios sociais, a tirania da Europa e do euro, em combina\u00e7\u00e3o com a outra, a translatl\u00e2ntica, cuja \u201cliberta\u00e7\u00e3o\u201d se traduz por 113 bases militares em solo italiano, promovendo a destrui\u00e7\u00e3o da \u00c1frica, Oriente M\u00e9dio e do resto da Europa, experimentos de controle mental sobre a popula\u00e7\u00e3o, os experimentos meteorol\u00f3gicos, etc etc etc<br \/>\nAssim, come\u00e7ando pelo setor de transportes, a It\u00e1lia p\u00e1ra no dia 9 de dezembro e a partir desse dia. Para expressar um<br \/>\nBASTA!!! com essa nojeira toda\u2026<\/strong><\/p>\n<p><a href=\"http:\/\/imediata.org\/wp-content\/uploads\/2013\/12\/Italy-from-space.png\"><img loading=\"lazy\" decoding=\"async\" src=\"http:\/\/imediata.org\/wp-content\/uploads\/2013\/12\/Italy-from-space.png\" alt=\"Italy from space\" width=\"457\" height=\"393\" class=\"aligncenter size-full wp-image-4280\" srcset=\"https:\/\/imediata.org\/wp-content\/uploads\/2013\/12\/Italy-from-space.png 457w, https:\/\/imediata.org\/wp-content\/uploads\/2013\/12\/Italy-from-space-300x257.png 300w, https:\/\/imediata.org\/wp-content\/uploads\/2013\/12\/Italy-from-space-63x55.png 63w\" sizes=\"auto, (max-width: 457px) 100vw, 457px\" \/><\/a><\/p>\n<p><strong>P\u00c1GINA INTERNACIONAL DA REVOLTA:<\/strong><br \/>\n<a href=\"https:\/\/www.facebook.com\/pages\/The-Revolt-of-9th-december-2013-in-Italy-International-page\/288987307824575?ref=hl\">https:\/\/www.facebook.com\/pages\/The-Revolt-of-9th-december-2013-in-Italy-International-page\/288987307824575?ref=hl<\/a><\/p>\n<p><strong>ARTIGO EXPLICATIVO DE WEBSTER TARPLEY:<\/strong><br \/>\n<a href=\"http:\/\/www.presstv.ir\/detail\/2013\/02\/21\/290090\/italy-risks-new-round-of-destabilization\/\">http:\/\/www.presstv.ir\/detail\/2013\/02\/21\/290090\/italy-risks-new-round-of-destabilization\/<\/a><\/p>\n<p><strong>BASES DOS EUA EM TERRIT\u00d3RIO ITALIANO:<\/strong><\/p>\n<p><a href=\"http:\/\/imediata.org\/wp-content\/uploads\/2013\/12\/ob_33259879aec92c3dc9a8b28067a2ca10_basiusaitralia.jpg\"><img loading=\"lazy\" decoding=\"async\" src=\"http:\/\/imediata.org\/wp-content\/uploads\/2013\/12\/ob_33259879aec92c3dc9a8b28067a2ca10_basiusaitralia.jpg\" alt=\"ob_33259879aec92c3dc9a8b28067a2ca10_basiusaitralia\" width=\"550\" height=\"468\" class=\"aligncenter size-full wp-image-4281\" srcset=\"https:\/\/imediata.org\/wp-content\/uploads\/2013\/12\/ob_33259879aec92c3dc9a8b28067a2ca10_basiusaitralia.jpg 550w, https:\/\/imediata.org\/wp-content\/uploads\/2013\/12\/ob_33259879aec92c3dc9a8b28067a2ca10_basiusaitralia-300x255.jpg 300w, https:\/\/imediata.org\/wp-content\/uploads\/2013\/12\/ob_33259879aec92c3dc9a8b28067a2ca10_basiusaitralia-64x55.jpg 64w\" sizes=\"auto, (max-width: 550px) 100vw, 550px\" \/><\/a><\/p>\n<p><strong>MURAL DO ARTISTA BLU, EM NISCEMI, na Sic\u00edlia, parte das manifesta\u00e7\u00f5es contra a instala\u00e7\u00e3o\/amplia\u00e7\u00e3o dessa base na cidade e contra transformar a It\u00e1lia em um porta-avi\u00f5es de ataque do resto do mundo:<\/strong><\/p>\n<p><a href=\"http:\/\/imediata.org\/wp-content\/uploads\/2013\/12\/streetartnews_blu_niscemi_sicily-4.jpg\"><img loading=\"lazy\" decoding=\"async\" src=\"http:\/\/imediata.org\/wp-content\/uploads\/2013\/12\/streetartnews_blu_niscemi_sicily-4.jpg\" alt=\"streetartnews_blu_niscemi_sicily-4\" width=\"881\" height=\"541\" class=\"aligncenter size-full wp-image-4282\" srcset=\"https:\/\/imediata.org\/wp-content\/uploads\/2013\/12\/streetartnews_blu_niscemi_sicily-4.jpg 881w, https:\/\/imediata.org\/wp-content\/uploads\/2013\/12\/streetartnews_blu_niscemi_sicily-4-300x184.jpg 300w, https:\/\/imediata.org\/wp-content\/uploads\/2013\/12\/streetartnews_blu_niscemi_sicily-4-89x55.jpg 89w\" sizes=\"auto, (max-width: 881px) 100vw, 881px\" \/><\/a><\/p>\n<p><a href=\"http:\/\/imediata.org\/wp-content\/uploads\/2013\/12\/streetartnews_blu_niscemi_sicily-6.jpg\"><img loading=\"lazy\" decoding=\"async\" src=\"http:\/\/imediata.org\/wp-content\/uploads\/2013\/12\/streetartnews_blu_niscemi_sicily-6.jpg\" alt=\"streetartnews_blu_niscemi_sicily-6\" width=\"1600\" height=\"1217\" class=\"aligncenter size-full wp-image-4283\" srcset=\"https:\/\/imediata.org\/wp-content\/uploads\/2013\/12\/streetartnews_blu_niscemi_sicily-6.jpg 1600w, https:\/\/imediata.org\/wp-content\/uploads\/2013\/12\/streetartnews_blu_niscemi_sicily-6-300x228.jpg 300w, https:\/\/imediata.org\/wp-content\/uploads\/2013\/12\/streetartnews_blu_niscemi_sicily-6-1024x778.jpg 1024w, https:\/\/imediata.org\/wp-content\/uploads\/2013\/12\/streetartnews_blu_niscemi_sicily-6-72x55.jpg 72w, https:\/\/imediata.org\/wp-content\/uploads\/2013\/12\/streetartnews_blu_niscemi_sicily-6-60x45.jpg 60w\" sizes=\"auto, (max-width: 1600px) 100vw, 1600px\" \/><\/a><\/p>\n<p><strong>APELO \u00c0S FOR\u00c7AS POLICIAIS E MILITARES<\/strong><br \/>\n<iframe loading=\"lazy\" width=\"420\" height=\"315\" src=\"\/\/www.youtube.com\/embed\/9Tz0hLp5gUY\" frameborder=\"0\" allowfullscreen><\/iframe><\/p>\n<p><strong>FALA UM DOS ORGANIZADORES<\/strong><br \/>\n<iframe loading=\"lazy\" width=\"560\" height=\"315\" src=\"\/\/www.youtube.com\/embed\/PDvMWq38Dv8\" frameborder=\"0\" allowfullscreen><\/iframe><\/p>\n<p><strong>DESABAFO DA BLOGUEIRA Adriana Bolchini, sem pelos na l\u00edngua:<br \/>\nA ORDEM \u00c9 ELIMINAR  GREGOS E ITALIANIANOS<\/strong><br \/>\n<iframe loading=\"lazy\" width=\"560\" height=\"315\" src=\"\/\/www.youtube.com\/embed\/3dyPU0w0_CY\" frameborder=\"0\" allowfullscreen><\/iframe><\/p>\n","protected":false},"excerpt":{"rendered":"<p>dia 9 de dezembro de 2013, a It\u00e1lia p\u00e1ra. E, ironicamente, p\u00e1ra para poder desbloquear-se. Dos parasitas, dos invasores, dos usur\u00e1rios que a est\u00e3o esfolando viva. Mas que tamb\u00e9m querem apagar (como foi no Iraque, no L\u00edbano, como est\u00e1 sendo na S\u00edria e na Gr\u00e9cia) qualquer vest\u00edgio de civiliza\u00e7\u00e3o. E mais uma vez, como j\u00e1 [&hellip;]<\/p>\n","protected":false},"author":1,"featured_media":4279,"comment_status":"open","ping_status":"open","sticky":false,"template":"","format":"standard","meta":{"footnotes":""},"categories":[2182,68,9],"tags":[2334,2332,2331,490,2330,2333],"class_list":["post-4277","post","type-post","status-publish","format-standard","has-post-thumbnail","hentry","category-arregacando-as-mangas","category-dossie-queda-da-rua-do-muro","category-lance-de-dados","tag-bases-militares-na-italia","tag-blu","tag-contra-o-euro","tag-italia","tag-italia-para-em-09122013","tag-niscemi"],"_links":{"self":[{"href":"https:\/\/imediata.org\/index.php?rest_route=\/wp\/v2\/posts\/4277","targetHints":{"allow":["GET"]}}],"collection":[{"href":"https:\/\/imediata.org\/index.php?rest_route=\/wp\/v2\/posts"}],"about":[{"href":"https:\/\/imediata.org\/index.php?rest_route=\/wp\/v2\/types\/post"}],"author":[{"embeddable":true,"href":"https:\/\/imediata.org\/index.php?rest_route=\/wp\/v2\/users\/1"}],"replies":[{"embeddable":true,"href":"https:\/\/imediata.org\/index.php?rest_route=%2Fwp%2Fv2%2Fcomments&post=4277"}],"version-history":[{"count":2,"href":"https:\/\/imediata.org\/index.php?rest_route=\/wp\/v2\/posts\/4277\/revisions"}],"predecessor-version":[{"id":4285,"href":"https:\/\/imediata.org\/index.php?rest_route=\/wp\/v2\/posts\/4277\/revisions\/4285"}],"wp:featuredmedia":[{"embeddable":true,"href":"https:\/\/imediata.org\/index.php?rest_route=\/wp\/v2\/media\/4279"}],"wp:attachment":[{"href":"https:\/\/imediata.org\/index.php?rest_route=%2Fwp%2Fv2%2Fmedia&parent=4277"}],"wp:term":[{"taxonomy":"category","embeddable":true,"href":"https:\/\/imediata.org\/index.php?rest_route=%2Fwp%2Fv2%2Fcategories&post=4277"},{"taxonomy":"post_tag","embeddable":true,"href":"https:\/\/imediata.org\/index.php?rest_route=%2Fwp%2Fv2%2Ftags&post=4277"}],"curies":[{"name":"wp","href":"https:\/\/api.w.org\/{rel}","templated":true}]}}