{"id":4244,"date":"2013-12-05T23:05:55","date_gmt":"2013-12-05T23:05:55","guid":{"rendered":"http:\/\/imediata.org\/?p=4244"},"modified":"2013-12-05T23:05:55","modified_gmt":"2013-12-05T23:05:55","slug":"papa-francisco-contra-o-fracking","status":"publish","type":"post","link":"https:\/\/imediata.org\/?p=4244","title":{"rendered":">> Papa Francisco contra o fracking"},"content":{"rendered":"<p><a href=\"http:\/\/imediata.org\/wp-content\/uploads\/2013\/12\/by0l6iqciaa6fn4_3012_1.jpg\"><img loading=\"lazy\" decoding=\"async\" src=\"http:\/\/imediata.org\/wp-content\/uploads\/2013\/12\/by0l6iqciaa6fn4_3012_1.jpg\" alt=\"by0l6iqciaa6fn4_3012_1\" width=\"614\" height=\"347\" class=\"alignright size-full wp-image-4246\" srcset=\"https:\/\/imediata.org\/wp-content\/uploads\/2013\/12\/by0l6iqciaa6fn4_3012_1.jpg 614w, https:\/\/imediata.org\/wp-content\/uploads\/2013\/12\/by0l6iqciaa6fn4_3012_1-300x169.jpg 300w, https:\/\/imediata.org\/wp-content\/uploads\/2013\/12\/by0l6iqciaa6fn4_3012_1-97x55.jpg 97w, https:\/\/imediata.org\/wp-content\/uploads\/2013\/12\/by0l6iqciaa6fn4_3012_1-460x260.jpg 460w\" sizes=\"auto, (max-width: 614px) 100vw, 614px\" \/><\/a><\/p>\n<p><strong>Mais uma bola dentro do Papa Francisco: posicionar-se contra as terras estupradas e a \u00e1gua envenenada, que \u00e9 o que acontece quando se faz o fraturamento hidr\u00e1ulico, ou fracking.<\/p>\n<p>Mais sobre o assunto nestes posts da imediata:<\/strong><\/p>\n<p><strong>>> iMundo 5 \u2013 extrair g\u00e1s f(r)aturando e contaminando o mundo \u2013 Gasland \u2013 document\u00e1rio de Josh Fox e entrevista de Josh sobre Gasland II<\/strong><br \/>\n<a href=\"http:\/\/imediata.org\/?p=4104\">http:\/\/imediata.org\/?p=4104<\/a><\/p>\n<p><strong>>> Yoko Ono e outros artistas contra a abomina\u00e7\u00e3o do fraturamento hidr\u00e1ulico (fracking)<\/strong><br \/>\n<a href=\"http:\/\/imediata.org\/?p=3299\">http:\/\/imediata.org\/?p=3299<\/a><\/p>\n<p><strong>>> Fraturas da terra e queda do c\u00e9u, por S\u00edlvio Mieli<\/strong><br \/>\n<a href=\"http:\/\/imediata.org\/?p=2921\">http:\/\/imediata.org\/?p=2921<\/a><\/p>\n<p><strong>>> Fraturamento hidr\u00e1ulico: mais uma abomina\u00e7\u00e3o contra o planeta Terra \u2013 \u201cLa sombra del fracking\u201d (document\u00e1rio de Dani Amo e Rosa Mart\u00ednez)<\/strong><br \/>\n<a href=\"http:\/\/imediata.org\/?p=2913\">http:\/\/imediata.org\/?p=2913<\/a><\/p>\n<p><strong>Vista a\u00e9rea de um campo de fracking no Texas:<\/strong><br \/>\n<a href=\"http:\/\/imediata.org\/wp-content\/uploads\/2013\/12\/Fracking-Texas-aerial-view-1024x546.jpg\"><img loading=\"lazy\" decoding=\"async\" src=\"http:\/\/imediata.org\/wp-content\/uploads\/2013\/12\/Fracking-Texas-aerial-view-1024x546.jpg\" alt=\"Fracking-Texas-aerial-view-1024x546\" width=\"1024\" height=\"546\" class=\"alignright size-full wp-image-4247\" srcset=\"https:\/\/imediata.org\/wp-content\/uploads\/2013\/12\/Fracking-Texas-aerial-view-1024x546.jpg 1024w, https:\/\/imediata.org\/wp-content\/uploads\/2013\/12\/Fracking-Texas-aerial-view-1024x546-300x159.jpg 300w, https:\/\/imediata.org\/wp-content\/uploads\/2013\/12\/Fracking-Texas-aerial-view-1024x546-103x55.jpg 103w\" sizes=\"auto, (max-width: 1024px) 100vw, 1024px\" \/><\/a><\/p>\n","protected":false},"excerpt":{"rendered":"<p>Mais uma bola dentro do Papa Francisco: posicionar-se contra as terras estupradas e a \u00e1gua envenenada, que \u00e9 o que acontece quando se faz o fraturamento hidr\u00e1ulico, ou fracking. Mais sobre o assunto nestes posts da imediata: >> iMundo 5 \u2013 extrair g\u00e1s f(r)aturando e contaminando o mundo \u2013 Gasland \u2013 document\u00e1rio de Josh Fox [&hellip;]<\/p>\n","protected":false},"author":1,"featured_media":0,"comment_status":"open","ping_status":"open","sticky":false,"template":"","format":"standard","meta":{"footnotes":""},"categories":[5,81,9],"tags":[2323,2322],"class_list":["post-4244","post","type-post","status-publish","format-standard","hentry","category-biodiversidade-imediata","category-imediartivismo","category-lance-de-dados","tag-ou-fracking","tag-papa-francisco-contra-o-fraturamento-hidraulico"],"_links":{"self":[{"href":"https:\/\/imediata.org\/index.php?rest_route=\/wp\/v2\/posts\/4244","targetHints":{"allow":["GET"]}}],"collection":[{"href":"https:\/\/imediata.org\/index.php?rest_route=\/wp\/v2\/posts"}],"about":[{"href":"https:\/\/imediata.org\/index.php?rest_route=\/wp\/v2\/types\/post"}],"author":[{"embeddable":true,"href":"https:\/\/imediata.org\/index.php?rest_route=\/wp\/v2\/users\/1"}],"replies":[{"embeddable":true,"href":"https:\/\/imediata.org\/index.php?rest_route=%2Fwp%2Fv2%2Fcomments&post=4244"}],"version-history":[{"count":1,"href":"https:\/\/imediata.org\/index.php?rest_route=\/wp\/v2\/posts\/4244\/revisions"}],"predecessor-version":[{"id":4248,"href":"https:\/\/imediata.org\/index.php?rest_route=\/wp\/v2\/posts\/4244\/revisions\/4248"}],"wp:attachment":[{"href":"https:\/\/imediata.org\/index.php?rest_route=%2Fwp%2Fv2%2Fmedia&parent=4244"}],"wp:term":[{"taxonomy":"category","embeddable":true,"href":"https:\/\/imediata.org\/index.php?rest_route=%2Fwp%2Fv2%2Fcategories&post=4244"},{"taxonomy":"post_tag","embeddable":true,"href":"https:\/\/imediata.org\/index.php?rest_route=%2Fwp%2Fv2%2Ftags&post=4244"}],"curies":[{"name":"wp","href":"https:\/\/api.w.org\/{rel}","templated":true}]}}