{"id":4238,"date":"2013-12-05T22:17:27","date_gmt":"2013-12-05T22:17:27","guid":{"rendered":"http:\/\/imediata.org\/?p=4238"},"modified":"2013-12-05T22:17:27","modified_gmt":"2013-12-05T22:17:27","slug":"guerra-santa-midiatica-arrastao-politico-do-imaginario-entrevista-de-silvio-mieli","status":"publish","type":"post","link":"https:\/\/imediata.org\/?p=4238","title":{"rendered":">> Guerra Santa Midi\u00e1tica &#8211; arrast\u00e3o pol\u00edtico do imagin\u00e1rio, entrevista de S\u00edlvio Mieli"},"content":{"rendered":"<p><a href=\"http:\/\/imediata.org\/wp-content\/uploads\/2013\/12\/neopentecostal.jpg.png\"><img loading=\"lazy\" decoding=\"async\" src=\"http:\/\/imediata.org\/wp-content\/uploads\/2013\/12\/neopentecostal.jpg.png\" alt=\"neopentecostal.jpg\" width=\"569\" height=\"671\" class=\"alignright size-full wp-image-4240\" srcset=\"https:\/\/imediata.org\/wp-content\/uploads\/2013\/12\/neopentecostal.jpg.png 569w, https:\/\/imediata.org\/wp-content\/uploads\/2013\/12\/neopentecostal.jpg-254x300.png 254w, https:\/\/imediata.org\/wp-content\/uploads\/2013\/12\/neopentecostal.jpg-46x55.png 46w\" sizes=\"auto, (max-width: 569px) 100vw, 569px\" \/><\/a><\/p>\n<p>EM DEBATE: Guerra Santa\u201d entre emissoras expressa nova fase do capitalismo<\/p>\n<p>Fonte: <a href=\"http:\/\/www.brasildefato.com.br\/audio\/em-debate-guerra-santa\u201d-entre-emissoras-expressa-nova-fase-do-capitalismo\">http:\/\/www.brasildefato.com.br\/audio\/em-debate-guerra-santa\u201d-entre-emissoras-expressa-nova-fase-do-capitalismo<\/a><\/p>\n<p>\u00c1udio da entrevista: h<a href=\"ttp:\/\/www.brasildefato.com.br\/images\/stories\/notplan\/mp3\/2009\/agosto\/240809debateguerra.mp3\">ttp:\/\/www.brasildefato.com.br\/images\/stories\/notplan\/mp3\/2009\/agosto\/240809debateguerra.mp3<\/a><\/p>\n<p>Globo e Record t\u00eam trocado ataques em pleno hor\u00e1rio nobre da televis\u00e3o brasileira. As agress\u00f5es foram motivadas pela den\u00fancia de forma\u00e7\u00e3o de quadrilha e lavagem de dinheiro contra o bispo Edir Macedo e mais nove dirigentes da Igreja Universal do Reino de Deus (IURD). A den\u00fancia feita pelo Minist\u00e9rio P\u00fablico Federal (MPF) afirma que os acusados usam as doa\u00e7\u00f5es dos fi\u00e9is para benef\u00edcio pr\u00f3prio.<\/p>\n<p>Enquanto o fundador da Universal e dono da Record, Edir Macedo, \u00e9 incriminado pela Globo por supostos atos de corrup\u00e7\u00e3o, a Record relembra as liga\u00e7\u00f5es da empresa da fam\u00edlia Marinho com a ditadura militar. <\/p>\n<p>Esta n\u00e3o \u00e9 a primeira vez que Globo e Record trocam agress\u00f5es sob o pretexto de divulgar informa\u00e7\u00f5es p\u00fablicas ao telespectador. Desde que a Record despontou como uma concorrente de peso da Globo, as duas das maiores empresas de comunica\u00e7\u00e3o do pa\u00eds t\u00eam praticado o que os especialistas da comunica\u00e7\u00e3o chamam de \u201cGuerra Santa\u201d.<\/p>\n<p>Em entrevista \u00e0 Radioag\u00eancia NP, o professor de jornalismo da Pontif\u00edcia Universidade Cat\u00f3lica (PUC-SP), Silvio Mieli, analisou o caso. Ele afirma que a briga entre as duas emissoras \u00e9 express\u00e3o de uma nova fase da reorganiza\u00e7\u00e3o do capitalismo mundial.<\/p>\n<p>Radioag\u00eancia NP \u2013 Como voc\u00ea avalia o caso Globo versus Record?<\/p>\n<p>Silvio Mieli \u2013 N\u00e3o acho que a an\u00e1lise dessa briga c\u00edclica entre a Globo e a Universal tenha que ser tratada somente do ponto de vista legalista, do enriquecimento il\u00edcito dos dirigentes da Igreja, por exemplo. Ter\u00edamos que avan\u00e7ar um pouco. N\u00e3o vou fazer uma separa\u00e7\u00e3o entre essas duas empresas. Elas t\u00eam mais pontos em comum do que fatores que as distinguem. Elas atuam, segundo o meu ponto de vista, no mesmo mercado da capitaliza\u00e7\u00e3o dos corpos, das almas e do imagin\u00e1rio. Eu acompanhei o crescimento da Globo, desde pequeno eu assisto a emissora e, de vinte anos para c\u00e1, eu tamb\u00e9m acompanhei o crescimento das Igrejas Pentecostais. A imagem que tenho do fen\u00f4meno \u00e9 de um arrast\u00e3o, um arrast\u00e3o pol\u00edtico, social e do imagin\u00e1rio. Acho que os neopentecostais sacaram uma outra realidade e \u00e9 isso que preocupa a Globo. Ela percebe que est\u00e1 perdendo terreno para um pessoal que est\u00e1 muito a frente na percep\u00e7\u00e3o de como o capitalismo funciona hoje. <\/p>\n<p>RNP \u2013 E como o capitalismo estaria funcionando hoje?<\/p>\n<p>SM \u2013 A partir do surgimento da Universal, n\u00f3s passamos para um outro patamar. Ela eliminou intermedi\u00e1rios, ela percebeu que o neg\u00f3cio era ir direto ao ponto. Foi exatamente o que aconteceu com as outras igrejas. Elas atuaram em outras frentes, atingindo outros p\u00fablicos. Algumas atingiam mais a classe m\u00e9dia, outras ficaram com os p\u00fablicos C e D, mas sempre atrav\u00e9s da mesma pr\u00e1tica: da ocupa\u00e7\u00e3o de espa\u00e7os existenciais, das car\u00eancias e aproveitando essa falta cr\u00f4nica de espa\u00e7os de socializa\u00e7\u00e3o. Al\u00e9m do valor de uso e do valor de troca, que s\u00e3o velhos e bons conceitos marxistas, a briga entre essas gigantes [Globo e Record] evidencia esse terceiro elemento [ocupa\u00e7\u00e3o do espa\u00e7o das car\u00eancias da popula\u00e7\u00e3o]. Sem entender esse elemento do capitalismo contempor\u00e2neo, fica dif\u00edcil entender esse arrast\u00e3o que elas [igrejas neopentecostais] fizeram. <\/p>\n<p>RNP \u2013 Essa forma mais sofisticada de entender a atual fase do capitalismo seria, ent\u00e3o, a diferen\u00e7a entre a Record e a Globo?<\/p>\n<p>SM \u2013 Ambos s\u00e3o instrumentos de captura. S\u00f3 que enquanto a Globo fisgava o telespectador por seu padr\u00e3o de qualidade \u2013 essa coisa gigantesca que aprendemos a ter uma devo\u00e7\u00e3o quase religiosa, algo que est\u00e1 acima do bem e do mal \u2013, a Universal, a Record, passou a capturar o fiel telespectador pelo dispositivo claro do culto ao dinheiro. Em ambos os casos, quem entendeu bem foi o [fil\u00f3sofo e soci\u00f3logo] Walter Benjamin, chamando o capitalismo de um fen\u00f4meno essencialmente religioso. [Para ele], havia uma rela\u00e7\u00e3o entre religi\u00e3o e capitalismo. Essa rela\u00e7\u00e3o est\u00e1 presente tanto na Globo quanto na Universal [Record]. Uma foi a fase gloriosa da Globo. S\u00f3 que a outra \u00e9 a fase que \u00e9 exatamente essa \u00e1rea dos pentecostais, que potencializaram o modo de avan\u00e7ar sobre o imagin\u00e1rio. <\/p>\n<p>RNP \u2013 Como a Globo est\u00e1 se posicionando diante desse quadro?<\/p>\n<p>SM \u2013 \u00c9 exatamente esse o motivo de desespero da Globo. Ela, mais do que qualquer outra empresa no Brasil, soube ocupar espa\u00e7os. Isso vem sofrendo mudan\u00e7as e essa ideia da Globo de ser a voz sagrada do pa\u00eds tamb\u00e9m est\u00e1 mudando. Existe ainda um aspecto de influencia da Globo muito grande, mas modificado e alterado. Existe uma tentativa da emissora de se aproximar da universidade de um modo assustador, fazendo parcerias para ver se consegue com institui\u00e7\u00f5es \u2013 que ela nunca deu bola na vida dela \u2013 fazer uma mudan\u00e7a de sua imagem. <\/p>\n<p>RNP \u2013 Voc\u00ea afirmou que essa \u201cguerra santa\u201d \u00e9 express\u00e3o de uma nova fase de organiza\u00e7\u00e3o do capitalismo no Brasil. Como os telespectadores podem reagir a isso?<\/p>\n<p>SM \u2013 Eu acho que temos que nos aprofundar muito sobre isso, porque se n\u00e3o, sempre estaremos a reboque de um tipo de discuss\u00e3o que \u00e9 pautado pelas empresas. Se n\u00f3s n\u00e3o queremos participar desse mundo com um baix\u00edssimo n\u00edvel simb\u00f3lico, temos que come\u00e7ar a entender o processo e colocar em pr\u00e1tica uma outra l\u00f3gica. Inclusive, com valores simb\u00f3licos de outra natureza: boas e velhas tradi\u00e7\u00f5es culturais que, lentamente, podem colocar em pr\u00e1tica uma nova estrutura. \u00c9 minha vis\u00e3o otimista. Meu lado pessimista indica que essas coisas [a \u201cGuerra Santa\u201d] ainda v\u00e3o crescer muito.<\/p>\n<p>De S\u00e3o Paulo, da Radioag\u00eancia NP, Aline Scarso.<\/p>\n<p><a href=\"http:\/\/imediata.org\/wp-content\/uploads\/2013\/12\/dinheiroreligiao.jpg\"><img loading=\"lazy\" decoding=\"async\" src=\"http:\/\/imediata.org\/wp-content\/uploads\/2013\/12\/dinheiroreligiao.jpg\" alt=\"dinheiroreligiao\" width=\"300\" height=\"220\" class=\"alignright size-full wp-image-4241\" srcset=\"https:\/\/imediata.org\/wp-content\/uploads\/2013\/12\/dinheiroreligiao.jpg 300w, https:\/\/imediata.org\/wp-content\/uploads\/2013\/12\/dinheiroreligiao-75x55.jpg 75w, https:\/\/imediata.org\/wp-content\/uploads\/2013\/12\/dinheiroreligiao-135x98.jpg 135w, https:\/\/imediata.org\/wp-content\/uploads\/2013\/12\/dinheiroreligiao-60x45.jpg 60w\" sizes=\"auto, (max-width: 300px) 100vw, 300px\" \/><\/a><\/p>\n","protected":false},"excerpt":{"rendered":"<p>EM DEBATE: Guerra Santa\u201d entre emissoras expressa nova fase do capitalismo Fonte: http:\/\/www.brasildefato.com.br\/audio\/em-debate-guerra-santa\u201d-entre-emissoras-expressa-nova-fase-do-capitalismo \u00c1udio da entrevista: http:\/\/www.brasildefato.com.br\/images\/stories\/notplan\/mp3\/2009\/agosto\/240809debateguerra.mp3 Globo e Record t\u00eam trocado ataques em pleno hor\u00e1rio nobre da televis\u00e3o brasileira. As agress\u00f5es foram motivadas pela den\u00fancia de forma\u00e7\u00e3o de quadrilha e lavagem de dinheiro contra o bispo Edir Macedo e mais nove dirigentes da Igreja [&hellip;]<\/p>\n","protected":false},"author":1,"featured_media":0,"comment_status":"open","ping_status":"open","sticky":false,"template":"","format":"standard","meta":{"footnotes":""},"categories":[9],"tags":[2321,2319,2320,410],"class_list":["post-4238","post","type-post","status-publish","format-standard","hentry","category-lance-de-dados","tag-arrastao-do-imaginario","tag-guerra-santa-entre-emissoras","tag-midia-brasil","tag-silvio-mieli"],"_links":{"self":[{"href":"https:\/\/imediata.org\/index.php?rest_route=\/wp\/v2\/posts\/4238","targetHints":{"allow":["GET"]}}],"collection":[{"href":"https:\/\/imediata.org\/index.php?rest_route=\/wp\/v2\/posts"}],"about":[{"href":"https:\/\/imediata.org\/index.php?rest_route=\/wp\/v2\/types\/post"}],"author":[{"embeddable":true,"href":"https:\/\/imediata.org\/index.php?rest_route=\/wp\/v2\/users\/1"}],"replies":[{"embeddable":true,"href":"https:\/\/imediata.org\/index.php?rest_route=%2Fwp%2Fv2%2Fcomments&post=4238"}],"version-history":[{"count":2,"href":"https:\/\/imediata.org\/index.php?rest_route=\/wp\/v2\/posts\/4238\/revisions"}],"predecessor-version":[{"id":4243,"href":"https:\/\/imediata.org\/index.php?rest_route=\/wp\/v2\/posts\/4238\/revisions\/4243"}],"wp:attachment":[{"href":"https:\/\/imediata.org\/index.php?rest_route=%2Fwp%2Fv2%2Fmedia&parent=4238"}],"wp:term":[{"taxonomy":"category","embeddable":true,"href":"https:\/\/imediata.org\/index.php?rest_route=%2Fwp%2Fv2%2Fcategories&post=4238"},{"taxonomy":"post_tag","embeddable":true,"href":"https:\/\/imediata.org\/index.php?rest_route=%2Fwp%2Fv2%2Ftags&post=4238"}],"curies":[{"name":"wp","href":"https:\/\/api.w.org\/{rel}","templated":true}]}}