{"id":4228,"date":"2013-12-05T17:16:15","date_gmt":"2013-12-05T17:16:15","guid":{"rendered":"http:\/\/imediata.org\/?p=4228"},"modified":"2013-12-05T17:27:54","modified_gmt":"2013-12-05T17:27:54","slug":"spot-de-apelo-internacional-dos-arqueologos-gregos","status":"publish","type":"post","link":"https:\/\/imediata.org\/?p=4228","title":{"rendered":">> Spot de apelo internacional dos arque\u00f3logos gregos"},"content":{"rendered":"<p><strong>Spot de apelo internacional dos arque\u00f3logos gregos<\/strong><\/p>\n<p><iframe loading=\"lazy\" width=\"560\" height=\"315\" src=\"\/\/www.youtube.com\/embed\/h2RA5AUZ0pw\" frameborder=\"0\" allowfullscreen><\/iframe><\/p>\n<p><strong>Spot de 57\u201d para apoiar a campanha internacional promovida pela S.E.A. (Associa\u00e7\u00e3o dos Arque\u00f3logos Gregos) contra os cortes \u00e0 cultura exigidos pelo F.M.I. e pela Uni\u00e3o Europeia.<br \/>\n19.000 s\u00edtios arqueol\u00f3gicos gregos em risco!!!<\/p>\n<p>Recomendamos tamb\u00e9m:<\/p>\n<p>>> Culturic\u00eddio de amplo espectro \u2013 fechando o cerco, por Mario S. Mieli<\/p>\n<p><a href=\"http:\/\/imediata.org\/?p=3669\">http:\/\/imediata.org\/?p=3669<\/a><\/strong><\/p>\n<p><strong>>> Dan\u00e7ando no Templo de Dendur, por Mario S. Mieli<\/p>\n<p><a href=\"http:\/\/www.imediata.com\/sambaqui\/dendur\/\">http:\/\/www.imediata.com\/sambaqui\/dendur\/<\/a><br \/>\n<\/strong><\/p>\n","protected":false},"excerpt":{"rendered":"<p>Spot de apelo internacional dos arque\u00f3logos gregos Spot de 57\u201d para apoiar a campanha internacional promovida pela S.E.A. (Associa\u00e7\u00e3o dos Arque\u00f3logos Gregos) contra os cortes \u00e0 cultura exigidos pelo F.M.I. e pela Uni\u00e3o Europeia. 19.000 s\u00edtios arqueol\u00f3gicos gregos em risco!!! Recomendamos tamb\u00e9m: >> Culturic\u00eddio de amplo espectro \u2013 fechando o cerco, por Mario S. Mieli [&hellip;]<\/p>\n","protected":false},"author":1,"featured_media":4237,"comment_status":"open","ping_status":"open","sticky":false,"template":"","format":"standard","meta":{"footnotes":""},"categories":[68,9,10,11],"tags":[243,2318,561,2317,1567],"class_list":["post-4228","post","type-post","status-publish","format-standard","has-post-thumbnail","hentry","category-dossie-queda-da-rua-do-muro","category-lance-de-dados","category-pubblicare","category-sambaqui","tag-crise-economica","tag-f-m-i","tag-grecia","tag-spot-de-apelo-internacional-dos-arqueologos-gregos","tag-uniao-europeia"],"_links":{"self":[{"href":"https:\/\/imediata.org\/index.php?rest_route=\/wp\/v2\/posts\/4228","targetHints":{"allow":["GET"]}}],"collection":[{"href":"https:\/\/imediata.org\/index.php?rest_route=\/wp\/v2\/posts"}],"about":[{"href":"https:\/\/imediata.org\/index.php?rest_route=\/wp\/v2\/types\/post"}],"author":[{"embeddable":true,"href":"https:\/\/imediata.org\/index.php?rest_route=\/wp\/v2\/users\/1"}],"replies":[{"embeddable":true,"href":"https:\/\/imediata.org\/index.php?rest_route=%2Fwp%2Fv2%2Fcomments&post=4228"}],"version-history":[{"count":7,"href":"https:\/\/imediata.org\/index.php?rest_route=\/wp\/v2\/posts\/4228\/revisions"}],"predecessor-version":[{"id":4236,"href":"https:\/\/imediata.org\/index.php?rest_route=\/wp\/v2\/posts\/4228\/revisions\/4236"}],"wp:featuredmedia":[{"embeddable":true,"href":"https:\/\/imediata.org\/index.php?rest_route=\/wp\/v2\/media\/4237"}],"wp:attachment":[{"href":"https:\/\/imediata.org\/index.php?rest_route=%2Fwp%2Fv2%2Fmedia&parent=4228"}],"wp:term":[{"taxonomy":"category","embeddable":true,"href":"https:\/\/imediata.org\/index.php?rest_route=%2Fwp%2Fv2%2Fcategories&post=4228"},{"taxonomy":"post_tag","embeddable":true,"href":"https:\/\/imediata.org\/index.php?rest_route=%2Fwp%2Fv2%2Ftags&post=4228"}],"curies":[{"name":"wp","href":"https:\/\/api.w.org\/{rel}","templated":true}]}}