{"id":4202,"date":"2013-12-02T17:19:30","date_gmt":"2013-12-02T17:19:30","guid":{"rendered":"http:\/\/imediata.org\/?p=4202"},"modified":"2013-12-02T17:19:30","modified_gmt":"2013-12-02T17:19:30","slug":"um-estado-de-narcolepsia-global-por-gianni-tirelli","status":"publish","type":"post","link":"https:\/\/imediata.org\/?p=4202","title":{"rendered":">> UM ESTADO DE NARCOLEPSIA GLOBAL, por Gianni Tirelli"},"content":{"rendered":"<p><strong>UM ESTADO DE NARCOLEPSIA GLOBAL <\/p>\n<p>por Gianni Tirelli<br \/>\n<\/strong><br \/>\n<strong>Fonte:  <a href=\"http:\/\/www.oltrelacoltre.com\/?p=17536\">oltrelacorte<\/a> de 27\/11\/2013<br \/>\nTradu\u00e7\u00e3o: Mario S. Mieli<\/strong><\/p>\n<p><a href=\"http:\/\/imediata.org\/wp-content\/uploads\/2013\/12\/1452142_457229147718773_1512658133_n.jpg\"><img loading=\"lazy\" decoding=\"async\" src=\"http:\/\/imediata.org\/wp-content\/uploads\/2013\/12\/1452142_457229147718773_1512658133_n.jpg\" alt=\"1452142_457229147718773_1512658133_n\" width=\"600\" height=\"759\" class=\"alignright size-full wp-image-4204\" srcset=\"https:\/\/imediata.org\/wp-content\/uploads\/2013\/12\/1452142_457229147718773_1512658133_n.jpg 600w, https:\/\/imediata.org\/wp-content\/uploads\/2013\/12\/1452142_457229147718773_1512658133_n-237x300.jpg 237w, https:\/\/imediata.org\/wp-content\/uploads\/2013\/12\/1452142_457229147718773_1512658133_n-43x55.jpg 43w\" sizes=\"auto, (max-width: 600px) 100vw, 600px\" \/><\/a><\/p>\n<p><strong>O valor supremo e vivificante da \u201cdiversidade\u201d (que \u00e9 a pr\u00f3pria ess\u00eancia das raz\u00f5es da vida), foi, de fato, suplantado e suprimido por um trabalho de homologa\u00e7\u00e3o mental que n\u00e3o tem precedentes na hist\u00f3ria da humanidade. N\u00e3o conseguir se dar conta dessa realidade substancial e evidente por si mesma, que nos uniforma em uma esp\u00e9cie de achatamento por baixo \u00e0s tend\u00eancias dominantes, propagadas e desalfandegadas como oportunas pelo Sistema Relativista, revela muito sobre o estado de narcolepsia produzidos nos indiv\u00edduos.<\/p>\n<p><\/strong><br \/>\n<a href=\"http:\/\/imediata.org\/wp-content\/uploads\/2013\/12\/marionete.jpg\"><img loading=\"lazy\" decoding=\"async\" src=\"http:\/\/imediata.org\/wp-content\/uploads\/2013\/12\/marionete.jpg\" alt=\"marionete\" width=\"184\" height=\"184\" class=\"alignright size-full wp-image-4205\" srcset=\"https:\/\/imediata.org\/wp-content\/uploads\/2013\/12\/marionete.jpg 184w, https:\/\/imediata.org\/wp-content\/uploads\/2013\/12\/marionete-55x55.jpg 55w\" sizes=\"auto, (max-width: 184px) 100vw, 184px\" \/><\/a><\/p>\n<p><strong>Somos todos o efeito de um experimento perverso de clonagem de massas e de lavagem cerebral, resultado de uma especial e in\u00e9dita forma de escravid\u00e3o que, por um absurdo contraste l\u00f3gico, leva \u00e0 cren\u00e7a de que somos livres. A homologa\u00e7\u00e3o dos comportamentos e dos modos, em um \u00fanico pensamento dominante, tende a agrupar todas as identidades em uma \u00fanica, tornando sup\u00e9rfluas, nulas e dissonantes todas as outras. Antigamente, a diversidade era a Rainha de criatividade, de tradi\u00e7\u00e3o, de hist\u00f3ria, de cultura, de imagina\u00e7\u00e3o e de saber, e cada ser humano representava, por unicidade, uma das infinitas pe\u00e7as que compunham a imagina\u00e7\u00e3o transcendente daquele imenso e misterioso puzzle, \u00edcone do mist\u00e9rio infinito. Os ferreiros do passado, tanto para compreendermos, modelavam e personalizavam seus instrumentos de trabalho (tenazes, pin\u00e7as, martelos, bigornas, etc.) segundo suas pr\u00f3prias necessidades, t\u00e9cnica, for\u00e7a e corporatura. O produto de seus esfor\u00e7os era \u00fanico, bendito e irrepet\u00edvel. Alfaiates, sapateiros, tecedores, tintureiros, pedreiros, pintores e escultores, at\u00e9 o mais ignorante aprendiz, eram os art\u00edfices daquele mundo m\u00e1gico e perfumado que resplandecia de diversidade e saciava as necessidades da alma. O que ficou, hoje, daquele mundo que, com perfeito sincronismo, articulava as pulsa\u00e7\u00f5es e as raz\u00f5es de cada cora\u00e7\u00e3o, conduzido pela harmonia dan\u00e7ante do esp\u00edrito divino? O homem desta era bastarda n\u00e3o \u00e9 mais que a repeti\u00e7\u00e3o em s\u00e9rie de uma excepcional estupidez, tomada como regra comportamental. \u00c9 cada vez mais parecido com aquela infinita s\u00e9rie de tecnologias, l\u00fadicas e infantis, com as quais, de forma psic\u00f3tica, se relaciona com alarmante cotidianidade, alimentando a depend\u00eancia, a toxicidade e o esp\u00edrito de emula\u00e7\u00e3o. <\/strong><\/p>\n<p><a href=\"http:\/\/imediata.org\/wp-content\/uploads\/2013\/12\/images.jpeg\"><img loading=\"lazy\" decoding=\"async\" src=\"http:\/\/imediata.org\/wp-content\/uploads\/2013\/12\/images.jpeg\" alt=\"images\" width=\"225\" height=\"224\" class=\"alignright size-full wp-image-4207\" srcset=\"https:\/\/imediata.org\/wp-content\/uploads\/2013\/12\/images.jpeg 225w, https:\/\/imediata.org\/wp-content\/uploads\/2013\/12\/images-55x55.jpeg 55w\" sizes=\"auto, (max-width: 225px) 100vw, 225px\" \/><\/a><\/p>\n<p><strong>Este processo de desumaniza\u00e7\u00e3o e de distor\u00e7\u00e3o teve in\u00edcio alguns dec\u00eanios depois da revolu\u00e7\u00e3o industrial para se atestar, em seguida (num tempo excepcionalmente breve e com uma acelera\u00e7\u00e3o impressionante) em homologa\u00e7\u00e3o mec\u00e2nica. Jamais, na hist\u00f3ria do mundo, tinha se produzido uma tal muta\u00e7\u00e3o degenerativa e em um lapso de tempo t\u00e3o breve! A vida dos indiv\u00edduos, hoje, n\u00e3o tem mais qualquer valor. Seu n\u00edvel de compreens\u00e3o, de solu\u00e7\u00e3o, a capacidade mnem\u00f4nica e organizativa, s\u00e3o todas vari\u00e1veis, infinitamente abaixo das normais fun\u00e7\u00f5es das m\u00e1quinas. Este homem, tal como \u00e9, n\u00e3o serve mais para nada. N\u00e3o tem qualquer utilidade, nem para este mundo, nem para si mesmo. Coisa para ser sucateada! <\/strong><\/p>\n<p><a href=\"http:\/\/imediata.org\/wp-content\/uploads\/2013\/12\/globo-lavagem-cerebral_01.jpg\"><img loading=\"lazy\" decoding=\"async\" src=\"http:\/\/imediata.org\/wp-content\/uploads\/2013\/12\/globo-lavagem-cerebral_01.jpg\" alt=\"globo-lavagem-cerebral_01\" width=\"400\" height=\"312\" class=\"alignright size-full wp-image-4206\" srcset=\"https:\/\/imediata.org\/wp-content\/uploads\/2013\/12\/globo-lavagem-cerebral_01.jpg 400w, https:\/\/imediata.org\/wp-content\/uploads\/2013\/12\/globo-lavagem-cerebral_01-300x234.jpg 300w, https:\/\/imediata.org\/wp-content\/uploads\/2013\/12\/globo-lavagem-cerebral_01-70x55.jpg 70w\" sizes=\"auto, (max-width: 400px) 100vw, 400px\" \/><\/a><\/p>\n<p><strong>Essas s\u00e3o as verdadeiras raz\u00f5es que desencadearam o processo (agora em sua fase terminal) de homologa\u00e7\u00e3o global que nos levar\u00e1 diretamente \u00e0 extin\u00e7\u00e3o da humanidade. A minha n\u00e3o \u00e9 uma tese pessimista ou uma hip\u00f3tese catastrofista, mas a proje\u00e7\u00e3o l\u00f3gica,  consciente e cient\u00edfica da soma de dados incontrovertidos e irrefut\u00e1veis. Se hoje n\u00e3o podemos perceber o mundo, fora das nossas experi\u00eancias pessoais, liberando-nos de filtros e preconceitos que nos impedem uma an\u00e1lise objetiva e desencantada do nosso presente e, mais no geral, o pr\u00f3prio significado da vida, n\u00e3o poderemos nunca nos medir em p\u00e9 de igualdade com as for\u00e7as do mal, nem vislumbrar a sombra de um futuro. <\/strong><\/p>\n","protected":false},"excerpt":{"rendered":"<p>UM ESTADO DE NARCOLEPSIA GLOBAL por Gianni Tirelli Fonte: oltrelacorte de 27\/11\/2013 Tradu\u00e7\u00e3o: Mario S. Mieli O valor supremo e vivificante da \u201cdiversidade\u201d (que \u00e9 a pr\u00f3pria ess\u00eancia das raz\u00f5es da vida), foi, de fato, suplantado e suprimido por um trabalho de homologa\u00e7\u00e3o mental que n\u00e3o tem precedentes na hist\u00f3ria da humanidade. N\u00e3o conseguir se [&hellip;]<\/p>\n","protected":false},"author":1,"featured_media":0,"comment_status":"open","ping_status":"open","sticky":false,"template":"","format":"standard","meta":{"footnotes":""},"categories":[5,9],"tags":[2309,2310,1307,2308,95,2307],"class_list":["post-4202","post","type-post","status-publish","format-standard","hentry","category-biodiversidade-imediata","category-lance-de-dados","tag-controle-mental","tag-fim-do-ser-humano","tag-gianni-tirelli","tag-manipulacao","tag-mario-s-mieli","tag-um-estado-de-narcolepsia-global"],"_links":{"self":[{"href":"https:\/\/imediata.org\/index.php?rest_route=\/wp\/v2\/posts\/4202","targetHints":{"allow":["GET"]}}],"collection":[{"href":"https:\/\/imediata.org\/index.php?rest_route=\/wp\/v2\/posts"}],"about":[{"href":"https:\/\/imediata.org\/index.php?rest_route=\/wp\/v2\/types\/post"}],"author":[{"embeddable":true,"href":"https:\/\/imediata.org\/index.php?rest_route=\/wp\/v2\/users\/1"}],"replies":[{"embeddable":true,"href":"https:\/\/imediata.org\/index.php?rest_route=%2Fwp%2Fv2%2Fcomments&post=4202"}],"version-history":[{"count":2,"href":"https:\/\/imediata.org\/index.php?rest_route=\/wp\/v2\/posts\/4202\/revisions"}],"predecessor-version":[{"id":4209,"href":"https:\/\/imediata.org\/index.php?rest_route=\/wp\/v2\/posts\/4202\/revisions\/4209"}],"wp:attachment":[{"href":"https:\/\/imediata.org\/index.php?rest_route=%2Fwp%2Fv2%2Fmedia&parent=4202"}],"wp:term":[{"taxonomy":"category","embeddable":true,"href":"https:\/\/imediata.org\/index.php?rest_route=%2Fwp%2Fv2%2Fcategories&post=4202"},{"taxonomy":"post_tag","embeddable":true,"href":"https:\/\/imediata.org\/index.php?rest_route=%2Fwp%2Fv2%2Ftags&post=4202"}],"curies":[{"name":"wp","href":"https:\/\/api.w.org\/{rel}","templated":true}]}}