{"id":417,"date":"2011-10-31T21:43:41","date_gmt":"2011-10-31T21:43:41","guid":{"rendered":"http:\/\/imediata.org\/?p=417"},"modified":"2011-11-19T03:28:28","modified_gmt":"2011-11-19T03:28:28","slug":"singelas-profana-acoes-1-%e2%80%93-trevas-3","status":"publish","type":"post","link":"https:\/\/imediata.org\/?p=417","title":{"rendered":">>Singelas PROFANA-a\u00e7\u00f5es 1 \u2013 Trevas"},"content":{"rendered":"<p><strong>Singelas PROFANA-a\u00e7\u00f5es 1 \u2013 Trevas<\/strong><\/p>\n<p>&nbsp;<\/p>\n<p>Por: Mario S. Mieli<\/p>\n<p>Em mensagem de: 15 de setembro de 2011<\/p>\n<p>&nbsp;<\/p>\n<p>&nbsp;<\/p>\n<p>&nbsp;<\/p>\n<p><strong> \u201cTrevas.<\/strong><strong> <\/strong><\/p>\n<p><strong>Que mais pode ler<\/strong><\/p>\n<p><strong> um poeta que se preza?\u201d<\/strong><strong> <\/strong><\/p>\n<p>&nbsp;<\/p>\n<p><strong>(Paulo Leminski em O ex-estranho).<\/strong><\/p>\n<p>&nbsp;<\/p>\n<p><a href=\"http:\/\/imediata.org\/wp-content\/uploads\/2011\/10\/6144857823_dd263e4d6b_m3.jpg\"><img loading=\"lazy\" decoding=\"async\" class=\"alignright size-full wp-image-419\" title=\"6144857823_dd263e4d6b_m\" src=\"http:\/\/imediata.org\/wp-content\/uploads\/2011\/10\/6144857823_dd263e4d6b_m3.jpg\" alt=\"\" width=\"203\" height=\"240\" \/><\/a><\/p>\n<p>&nbsp;<\/p>\n<p>A foto-desenho do Ser\u00e1 a Benedita&#8230; \u00e9 do excelente cartunista italiano Edoardo Baraldi.<\/p>\n<p>Ontem, entraram com um processo na Corte Penal Internacional de Haia<\/p>\n<p>contra o\u00a0Nazinger\u00a0por crimes contra a humanidade,<\/p>\n<p>por ter encobertado a vida inteira os esc\u00e2ndalos dos padres ped\u00f3filos&#8230;<\/p>\n<p>&nbsp;<\/p>\n<p>E j\u00e1 que meu mood \u00e9 anticlerical, por que n\u00e3o repassar a divertida<\/p>\n<p>&nbsp;<\/p>\n<p>Prete in Automobile do Luigi Tenco<\/p>\n<p>&nbsp;<\/p>\n<p><iframe loading=\"lazy\" title=\"L TENCO PRETE IN AUTOMOBILE\" width=\"640\" height=\"480\" src=\"https:\/\/www.youtube.com\/embed\/hhPDoZ2-cGc?feature=oembed\" frameborder=\"0\" allow=\"accelerometer; autoplay; clipboard-write; encrypted-media; gyroscope; picture-in-picture; web-share\" referrerpolicy=\"strict-origin-when-cross-origin\" allowfullscreen><\/iframe><\/p>\n<p>&nbsp;<\/p>\n<p><strong>Parole della canzone\/ Texto da can\u00e7\u00e3o:<\/strong><\/p>\n<p><strong>PRETE IN\u00a0 AUTOMOBILE<\/strong><\/p>\n<p>&nbsp;<\/p>\n<p>Quando vedo un prete in automobile<\/p>\n<p>per il rosso aspettar<\/p>\n<p>io provo un dispiacer.<\/p>\n<p>&nbsp;<\/p>\n<p>Quando vedo un prete in automobile<\/p>\n<p>una ruota cambiar<\/p>\n<p>io provo un dispiacer &#8230;.<\/p>\n<p>&nbsp;<\/p>\n<p>Perch\u00e9 lui pensa a grandi cose<\/p>\n<p>fatte di eternit\u00e0.<\/p>\n<p>&nbsp;<\/p>\n<p>Quando vedo un prete in automobile<\/p>\n<p>una multa pagar<\/p>\n<p>io provo un dispiacer.<\/p>\n<p>&nbsp;<\/p>\n<p>&nbsp;<\/p>\n<p>&nbsp;<\/p>\n<p><strong>PADRE DE CARRO<\/strong><\/p>\n<p>&nbsp;<\/p>\n<p>Quando vejo um padre de carro<\/p>\n<p>pelo vermelho esperar<\/p>\n<p>fico contrariado.<\/p>\n<p>&nbsp;<\/p>\n<p>Quando vejo um padre de carro<\/p>\n<p>uma roda trocar<\/p>\n<p>fico contrariado&#8230;<\/p>\n<p>&nbsp;<\/p>\n<p>Porque ele pensa em grandes coisas<\/p>\n<p>feitas de eternidade.<\/p>\n<p>&nbsp;<\/p>\n<p>Quando vejo um padre de carro<\/p>\n<p>uma multa pagar<\/p>\n<p>fico contrariado&#8230;<\/p>\n<p>&nbsp;<\/p>\n<p>tradu\u00e7\u00e3o: Mario S. Mieli<\/p>\n<p>&nbsp;<\/p>\n<p>&nbsp;<\/p>\n","protected":false},"excerpt":{"rendered":"<p>Singelas PROFANA-a\u00e7\u00f5es 1 \u2013 Trevas &nbsp; Por: Mario S. Mieli Em mensagem de: 15 de setembro de 2011 &nbsp; &nbsp; &nbsp; \u201cTrevas. Que mais pode ler um poeta que se preza?\u201d &nbsp; (Paulo Leminski em O ex-estranho). &nbsp; &nbsp; A foto-desenho do Ser\u00e1 a Benedita&#8230; \u00e9 do excelente cartunista italiano Edoardo Baraldi. Ontem, entraram com [&hellip;]<\/p>\n","protected":false},"author":1,"featured_media":0,"comment_status":"open","ping_status":"open","sticky":false,"template":"","format":"standard","meta":{"footnotes":""},"categories":[96],"tags":[115,116,118,117,114,119,113],"class_list":["post-417","post","type-post","status-publish","format-standard","hentry","category-singelas-profana-acoes","tag-corte-penal-internacional-de-haia","tag-edoardo-baraldi","tag-luigi-tenco","tag-padres-pedofilos","tag-paulo-leminski","tag-prete-in-automobile","tag-trevas"],"_links":{"self":[{"href":"https:\/\/imediata.org\/index.php?rest_route=\/wp\/v2\/posts\/417","targetHints":{"allow":["GET"]}}],"collection":[{"href":"https:\/\/imediata.org\/index.php?rest_route=\/wp\/v2\/posts"}],"about":[{"href":"https:\/\/imediata.org\/index.php?rest_route=\/wp\/v2\/types\/post"}],"author":[{"embeddable":true,"href":"https:\/\/imediata.org\/index.php?rest_route=\/wp\/v2\/users\/1"}],"replies":[{"embeddable":true,"href":"https:\/\/imediata.org\/index.php?rest_route=%2Fwp%2Fv2%2Fcomments&post=417"}],"version-history":[{"count":5,"href":"https:\/\/imediata.org\/index.php?rest_route=\/wp\/v2\/posts\/417\/revisions"}],"predecessor-version":[{"id":612,"href":"https:\/\/imediata.org\/index.php?rest_route=\/wp\/v2\/posts\/417\/revisions\/612"}],"wp:attachment":[{"href":"https:\/\/imediata.org\/index.php?rest_route=%2Fwp%2Fv2%2Fmedia&parent=417"}],"wp:term":[{"taxonomy":"category","embeddable":true,"href":"https:\/\/imediata.org\/index.php?rest_route=%2Fwp%2Fv2%2Fcategories&post=417"},{"taxonomy":"post_tag","embeddable":true,"href":"https:\/\/imediata.org\/index.php?rest_route=%2Fwp%2Fv2%2Ftags&post=417"}],"curies":[{"name":"wp","href":"https:\/\/api.w.org\/{rel}","templated":true}]}}