{"id":4072,"date":"2013-07-04T10:48:06","date_gmt":"2013-07-04T10:48:06","guid":{"rendered":"http:\/\/imediata.org\/?p=4072"},"modified":"2013-07-04T11:21:33","modified_gmt":"2013-07-04T11:21:33","slug":"maquiavelagens-25-%e2%80%93-a-catraca-pra-puta-que-o-pariu-que-fez-d%e2%80%99espertar-o-vulcao-pa-larvas-de-artur-d%e2%80%99amaru","status":"publish","type":"post","link":"https:\/\/imediata.org\/?p=4072","title":{"rendered":">> Maquiavelagens 25 \u2013 A catraca pra Puta que o pariu que fez d\u2019espertar o vulc\u00e3o, p\u00e1-larvas de Artur d\u2019Amaru"},"content":{"rendered":"<p><strong><\/br><br \/>\n>> Maquiavelagens 25 \u2013 A catraca pra Puta que o pariu que fez d\u2019espertar o vulc\u00e3o<br \/>\n<\/br><br \/>\np\u00e1-larvas de Artur d\u2019Amaru<br \/>\n<\/br><br \/>\n\u201cQuando os vampiros acusam os mosquitos de serem sanguin\u00e1rios\u2026\u201d<br \/>\nMonia Benini<br \/>\n<\/br><br \/>\n<a href=\"http:\/\/imediata.org\/wp-content\/uploads\/2013\/07\/2jul2013-manifestantes-carregam-catraca-simbolica-durante-protesto-contra-o-valor-da-tarifa-no-transporte-publico-em-sao-jose-dos-campos-no-interior-de-sao-paulo-esse-e-o-quarto-protesto-organizado-1372811947777_1920x1080.jpg\"><img loading=\"lazy\" decoding=\"async\" src=\"http:\/\/imediata.org\/wp-content\/uploads\/2013\/07\/2jul2013-manifestantes-carregam-catraca-simbolica-durante-protesto-contra-o-valor-da-tarifa-no-transporte-publico-em-sao-jose-dos-campos-no-interior-de-sao-paulo-esse-e-o-quarto-protesto-organizado-1372811947777_1920x1080-1024x576.jpg\" alt=\"\" title=\"2jul2013---manifestantes-carregam-catraca-simbolica-durante-protesto-contra-o-valor-da-tarifa-no-transporte-publico-em-sao-jose-dos-campos-no-interior-de-sao-paulo-esse-e-o-quarto-protesto-organizado-1372811947777_1920x1080\" width=\"1024\" height=\"576\" class=\"alignright size-large wp-image-4073\" srcset=\"https:\/\/imediata.org\/wp-content\/uploads\/2013\/07\/2jul2013-manifestantes-carregam-catraca-simbolica-durante-protesto-contra-o-valor-da-tarifa-no-transporte-publico-em-sao-jose-dos-campos-no-interior-de-sao-paulo-esse-e-o-quarto-protesto-organizado-1372811947777_1920x1080-1024x576.jpg 1024w, https:\/\/imediata.org\/wp-content\/uploads\/2013\/07\/2jul2013-manifestantes-carregam-catraca-simbolica-durante-protesto-contra-o-valor-da-tarifa-no-transporte-publico-em-sao-jose-dos-campos-no-interior-de-sao-paulo-esse-e-o-quarto-protesto-organizado-1372811947777_1920x1080-300x168.jpg 300w, https:\/\/imediata.org\/wp-content\/uploads\/2013\/07\/2jul2013-manifestantes-carregam-catraca-simbolica-durante-protesto-contra-o-valor-da-tarifa-no-transporte-publico-em-sao-jose-dos-campos-no-interior-de-sao-paulo-esse-e-o-quarto-protesto-organizado-1372811947777_1920x1080.jpg 1920w\" sizes=\"auto, (max-width: 1024px) 100vw, 1024px\" \/><\/a><br \/>\n<\/br><br \/>\n<a href=\"http:\/\/imediata.org\/wp-content\/uploads\/2013\/07\/ATT00001.jpg\"><img loading=\"lazy\" decoding=\"async\" src=\"http:\/\/imediata.org\/wp-content\/uploads\/2013\/07\/ATT00001.jpg\" alt=\"\" title=\"ATT00001\" width=\"298\" height=\"400\" class=\"alignright size-full wp-image-4083\" srcset=\"https:\/\/imediata.org\/wp-content\/uploads\/2013\/07\/ATT00001.jpg 298w, https:\/\/imediata.org\/wp-content\/uploads\/2013\/07\/ATT00001-223x300.jpg 223w\" sizes=\"auto, (max-width: 298px) 100vw, 298px\" \/><\/a><br \/>\n<\/br><\/p>\n<p>Charlat\u00e3es neocons neoliberais neobund\u00f5es<br \/>\n\u00e2ncoras, especialistas, comentaristas<br \/>\nsempre de mercen\u00e1rio plant\u00e3o,<br \/>\ncaga-regras porta-vozes servis da<br \/>\nenquistada necro-pluto-clepto-cracia<br \/>\nchantagista, do \u201c\u00e9 bom irem se acostumando\u201d&#8230;<br \/>\nostentando nomes parecidos a Fuck You Yama<br \/>\nElizete Cata-nhecas, Mariazinha Leit\u00e3o \u00e0 PururUsa e Adamastor Jabordoada<br \/>\ndiariamente decreta(va)m a morte da Hist\u00f3ria<br \/>\n<\/br><br \/>\n<a href=\"http:\/\/imediata.org\/wp-content\/uploads\/2013\/07\/GRD_37_catraca_torniquete_p.png.jpeg\"><img loading=\"lazy\" decoding=\"async\" src=\"http:\/\/imediata.org\/wp-content\/uploads\/2013\/07\/GRD_37_catraca_torniquete_p.png.jpeg\" alt=\"\" title=\"GRD_37_catraca_torniquete_p.png\" width=\"350\" height=\"299\" class=\"alignright size-full wp-image-4078\" srcset=\"https:\/\/imediata.org\/wp-content\/uploads\/2013\/07\/GRD_37_catraca_torniquete_p.png.jpeg 350w, https:\/\/imediata.org\/wp-content\/uploads\/2013\/07\/GRD_37_catraca_torniquete_p.png-300x256.jpg 300w\" sizes=\"auto, (max-width: 350px) 100vw, 350px\" \/><\/a><br \/>\n<\/br><\/p>\n<p>Eles e seus oligop\u00f3licos e vampiros patr\u00f5es<br \/>\nrepetem seus chav\u00f5es e frases feitas<br \/>\nconvencidos de que martelando seu sonho monopol\u00edstico, tir\u00e2nico e totalit\u00e1rio<br \/>\ncomo se fosse a \u00fanica realidade,<br \/>\n\u2013 consumada e consumida \u2013<br \/>\ntal efetivamente se tornaria\u2026 Eureka!<br \/>\nMas qual era &#038; \u00e9 o \u201cdream\u201d deles?<br \/>\n<\/br><br \/>\n<a href=\"http:\/\/imediata.org\/wp-content\/uploads\/2013\/07\/BNTw9fLCAAA3fnw.jpg-large.jpeg\"><img loading=\"lazy\" decoding=\"async\" src=\"http:\/\/imediata.org\/wp-content\/uploads\/2013\/07\/BNTw9fLCAAA3fnw.jpg-large.jpeg\" alt=\"\" title=\"BNTw9fLCAAA3fnw.jpg-large\" width=\"1024\" height=\"768\" class=\"alignright size-full wp-image-4075\" srcset=\"https:\/\/imediata.org\/wp-content\/uploads\/2013\/07\/BNTw9fLCAAA3fnw.jpg-large.jpeg 1024w, https:\/\/imediata.org\/wp-content\/uploads\/2013\/07\/BNTw9fLCAAA3fnw.jpg-large-300x225.jpg 300w\" sizes=\"auto, (max-width: 1024px) 100vw, 1024px\" \/><\/a><br \/>\n<\/br><\/p>\n<p>Destruir os sonhos de todos os outros e<br \/>\nLucrar, lucrar, lucrar ao faz\u00ea-lo.<br \/>\nFicar podre de rico no processo.<br \/>\n<\/br><\/p>\n<p>Claro que, preferivelmente, em ingl\u00eas, para eles<br \/>\na \u00fanica l\u00edngua fal\u00e1vel na p\u00f3s-hist\u00f3ria:<br \/>\n<\/br><\/p>\n<p>Destroying everybody else\u2019s dreams and make a profit out of it.<br \/>\n<\/br><\/p>\n<p>Usuraria-mente. Deslavada-mente.<br \/>\nPara ter o prazer canalha adicional de lesar o pr\u00f3ximo, de fraudar o cidad\u00e3o, de meter a m\u00e3o no contribuinte.<br \/>\n<\/br><br \/>\n<a href=\"http:\/\/imediata.org\/wp-content\/uploads\/2013\/07\/BNeFlkXCAAEoDz0.jpg-large.jpeg\"><img loading=\"lazy\" decoding=\"async\" src=\"http:\/\/imediata.org\/wp-content\/uploads\/2013\/07\/BNeFlkXCAAEoDz0.jpg-large.jpeg\" alt=\"\" title=\"BNeFlkXCAAEoDz0.jpg-large\" width=\"720\" height=\"479\" class=\"alignright size-full wp-image-4074\" srcset=\"https:\/\/imediata.org\/wp-content\/uploads\/2013\/07\/BNeFlkXCAAEoDz0.jpg-large.jpeg 720w, https:\/\/imediata.org\/wp-content\/uploads\/2013\/07\/BNeFlkXCAAEoDz0.jpg-large-300x199.jpg 300w\" sizes=\"auto, (max-width: 720px) 100vw, 720px\" \/><\/a><br \/>\n<\/br><\/p>\n<p>Seguros estavam e est\u00e3o<br \/>\nde que nunca se alteraria<br \/>\no status de quem apita no galinheiro,<br \/>\nmoldados na arrogante pretens\u00e3o<br \/>\ndaquele outro imp\u00e9rio,<br \/>\nainda p\u00e9rfido parceiro e c\u00famplice,<br \/>\nonde o sol nunca se poria.<br \/>\n<\/br><\/p>\n<p>Por qu\u00ea sentir tanta firmeza?<br \/>\n<\/br><\/p>\n<p>Por toda a barbie-barb\u00e1rie c\u00f3lon-izante<br \/>\ne a cont\u00ednua semeadura de desgra\u00e7as<br \/>\nimposta, holly-woody-sticamente<br \/>\nque imporiam para o todo e sempre,<br \/>\nfazendo da vida propaganda,<br \/>\ne s\u00f3-se-pagando caro e salgado,<br \/>\numa maldi\u00e7\u00e3o patodonaldificada,<br \/>\naureolada de mickeymouses,<br \/>\nde profanas madonas e ladies gag\u00e1s,<br \/>\nfastfoodida,<br \/>\nperversa, assassina,<br \/>\ncomplotada por big-brothers insistentes e nauseantes,<br \/>\nonde prevaleceria sempre a<br \/>\nele-gan(\u00e2n)cia crua ou subliminar,<br \/>\nmascarada ou descarada, por vezes<br \/>\ncamuflada \u201cnas coxas\u201d de<br \/>\nele-g\u00e2ncia mega-m\u00e1-fiosa de quadrilha composta.<br \/>\n<\/br><br \/>\n<a href=\"http:\/\/imediata.org\/wp-content\/uploads\/2013\/07\/20110506-Metro_de_S\u00e3o_Paulo.jpg\"><img loading=\"lazy\" decoding=\"async\" src=\"http:\/\/imediata.org\/wp-content\/uploads\/2013\/07\/20110506-Metro_de_S\u00e3o_Paulo.jpg\" alt=\"\" title=\"20110506--Metro_de_S\u00e3o_Paulo\" width=\"640\" height=\"444\" class=\"alignright size-full wp-image-4079\" srcset=\"https:\/\/imediata.org\/wp-content\/uploads\/2013\/07\/20110506-Metro_de_S\u00e3o_Paulo.jpg 640w, https:\/\/imediata.org\/wp-content\/uploads\/2013\/07\/20110506-Metro_de_S\u00e3o_Paulo-300x208.jpg 300w\" sizes=\"auto, (max-width: 640px) 100vw, 640px\" \/><\/a><br \/>\n<\/br><\/p>\n<p>Os trilion\u00e1rios investimentos feitos<br \/>\ncom o dinheiro retido, fraudado, roubado<br \/>\ndesviado de impostos, fundos de pens\u00f5es e derivativos,<br \/>\n \u201caplicado\u201d<br \/>\nnuma perene cultura da vingan\u00e7a<br \/>\nna est\u00e9tica da retalia\u00e7\u00e3o<br \/>\nno lead absolutista do medo<br \/>\nna conflagra\u00e7\u00e3o generalizada contra o g\u00eanero humano<br \/>\n<\/br><\/p>\n<p>E como humano vem de h\u00famus&#8230;<br \/>\nQue o h\u00famus tamb\u00e9m seja arrasado<br \/>\nE que toda a terra seja part-ilhada em<br \/>\nmegalatif\u00fandios e<br \/>\nteatros b\u00e9licos de agrobusiness<br \/>\nonde todos os cultivos sejam transgenificados<br \/>\ne tornados escoadouros de pesticidas, inseticidas, formicidas<br \/>\nQue todas as cidades sejam campos de concentra\u00e7\u00e3o a c\u00e9u aberto, Gaza-eificados<br \/>\nQue toda linguagem seja pervertida e desvirtuada<br \/>\nQue tudo seja patenteado e privatizado!<br \/>\nQue todos sejam zombificados e entorpecidos.<br \/>\nVacinados cancerigenamente, compulsoriamente fluorizados, devidamente microchipados, initerruptamente pulverizados.<br \/>\nQue todo clima seja manipulado e feito irrespir\u00e1vel, promovendo-se a \u2018singularidade\u2019 h\u00edbrida do novo Golem ao reverso: o homem\u00e1quina.<br \/>\nQue todos os rios sejam desviados e represados.<br \/>\nQue todos os mares sejam acidificados e petrolificados.<br \/>\nQue todo o c\u00e9u seja ofuscado por nanopart\u00edculas met\u00e1licas, v\u00edrus e pragas sint\u00e9ticas que acelerem a golemifica\u00e7\u00e3o da galera.<br \/>\n<\/br><\/p>\n<p>Mas, sobretudo, cobrar muito caro por cada um desses abomin\u00e1veis e inomin\u00e1veis \u201cservi\u00e7os\u201d&#8230;<br \/>\n<\/br><br \/>\n<a href=\"http:\/\/imediata.org\/wp-content\/uploads\/2013\/07\/136_Catracas_Woljunior2.jpg\"><img loading=\"lazy\" decoding=\"async\" src=\"http:\/\/imediata.org\/wp-content\/uploads\/2013\/07\/136_Catracas_Woljunior2.jpg\" alt=\"\" title=\"136_Catracas_Woljunior2\" width=\"428\" height=\"600\" class=\"alignright size-full wp-image-4080\" srcset=\"https:\/\/imediata.org\/wp-content\/uploads\/2013\/07\/136_Catracas_Woljunior2.jpg 428w, https:\/\/imediata.org\/wp-content\/uploads\/2013\/07\/136_Catracas_Woljunior2-214x300.jpg 214w\" sizes=\"auto, (max-width: 428px) 100vw, 428px\" \/><\/a><br \/>\n<\/br><br \/>\nE que os que FAZEM DE CONTA s\u00f3 se preocupem em FAZER AS CONTAS de seus proveitos, seus lucros, sua rentabilidade&#8230; a MAGNITUDE DE SEU IMUNDO ROUBO, mas fazendo-o sempre passar por MAGN\u00c2NIMO ARROUBO.<br \/>\n<\/br><\/p>\n<p>Foi nesse contexto que,<br \/>\num belo dia,<br \/>\nnesse mundo j\u00e1 \u201csem hist\u00f3ria\u201d,<br \/>\nalgu\u00e9m ou algu\u00e9ns,<br \/>\nao ter que passar pelo humilhante ped\u00e1gio de alguma catraca,<br \/>\npara pode chegar a algum Puta que o Pariu,<br \/>\nem vez de massa-Golem de poleiro,<br \/>\nem vez de pintinho timidamente ciscando em detest\u00e1vel terreiro,<br \/>\nem vez de obedecer<br \/>\nas imposi\u00e7\u00f5es das perversas quadrilhas da desestabiliza\u00e7\u00e3o, desconstru\u00e7\u00e3o e desumaniza\u00e7\u00e3o que se fazem chamar de elites,<br \/>\nmas que n\u00e3o passam de corja parasita e predat\u00f3ria,<br \/>\nas gentes come\u00e7aram a d\u2019espertar&#8230;<br \/>\ne irromper&#8230;<br \/>\nrebelando-se contra o<br \/>\nDescontrato Social compuls\u00f3rio imposto pelo Conselho Supremo da Organiza\u00e7\u00e3o das Na\u00e7\u00f5es Homogeneizadas, Unificadas e Pasteurizadas,<br \/>\na mando das autoridades-capatazes constitu\u00eddas globais e dos<br \/>\ndesrepresentantes civis lacaios do imp\u00e9rio do fim do mundo&#8230;<br \/>\n<\/br><\/p>\n<p>Gente consciente, subconsciente e inconsciente, gente que tinha ouvido o galo cantar mas n\u00e3o sabia onde,<br \/>\ngente que tinha ouvido o galo cantar e que queria degolar o galo,<br \/>\ngente que se viu, de repente, articulada, pensante, entusiasmada<br \/>\ne essas gentes, em tantos lugares do mundo, pareciam virar<br \/>\nlava quente jorrando<br \/>\ndo vulc\u00e3o de um novo mundo,<br \/>\no novo mundo<br \/>\nem que o planeta tinha se transformado.<br \/>\n<\/br><\/p>\n<p>No que isso dar\u00e1?<br \/>\nSer\u00e1 que as coisas realmente mudar\u00e3o?<br \/>\nQual ser\u00e1 o \u00eaxito disso tudo?<br \/>\n<\/br><br \/>\n<a href=\"http:\/\/imediata.org\/wp-content\/uploads\/2013\/07\/vulcao-derramando-lava.jpg\"><img loading=\"lazy\" decoding=\"async\" src=\"http:\/\/imediata.org\/wp-content\/uploads\/2013\/07\/vulcao-derramando-lava-300x225.jpg\" alt=\"\" title=\"vulcao-derramando-lava\" width=\"300\" height=\"225\" class=\"alignright size-medium wp-image-4077\" srcset=\"https:\/\/imediata.org\/wp-content\/uploads\/2013\/07\/vulcao-derramando-lava-300x225.jpg 300w, https:\/\/imediata.org\/wp-content\/uploads\/2013\/07\/vulcao-derramando-lava.jpg 1024w\" sizes=\"auto, (max-width: 300px) 100vw, 300px\" \/><\/a><br \/>\n<\/br><\/p>\n<p>A lava ainda est\u00e1 quente para virar larva mas j\u00e1 virou palavra.<br \/>\n<\/br><\/p>\n<p>O que se sabe \u00e9 que<br \/>\nessas imensas lavas de gente<br \/>\nvomitadas da boca do vulc\u00e3o<br \/>\ns\u00e3o a esperan\u00e7a de um novo h\u00famus, de novas larvas.<br \/>\n<\/br><br \/>\nQue tenham se afastado das caixas de tristeza geradoras de apatia da tv-lavagem-cerebral j\u00e1 \u00e9 positivo&#8230;<br \/>\nQue tenham se motivado a se REAPROPRIAREM DE SUAS VOZES, DE SEUS CORPOS, DE SEUS SONHOS, j\u00e1 \u00e9 um milagre.<br \/>\nQue tenham se REAPROPRIADO DAS RUAS, DAS CIDADES, DA LINGUAGEM E DO DISCURSO<br \/>\nj\u00e1 fez tudo mais que VALER A PENA.<br \/>\nNessa descoberta do d\u2019espertar.<\/p>\n<p><\/br><br \/>\n<a href=\"http:\/\/imediata.org\/wp-content\/uploads\/2013\/07\/5878_309755105826863_1400653140_n.jpg\"><img loading=\"lazy\" decoding=\"async\" src=\"http:\/\/imediata.org\/wp-content\/uploads\/2013\/07\/5878_309755105826863_1400653140_n.jpg\" alt=\"\" title=\"5878_309755105826863_1400653140_n\" width=\"612\" height=\"612\" class=\"alignright size-full wp-image-4076\" srcset=\"https:\/\/imediata.org\/wp-content\/uploads\/2013\/07\/5878_309755105826863_1400653140_n.jpg 612w, https:\/\/imediata.org\/wp-content\/uploads\/2013\/07\/5878_309755105826863_1400653140_n-150x150.jpg 150w, https:\/\/imediata.org\/wp-content\/uploads\/2013\/07\/5878_309755105826863_1400653140_n-300x300.jpg 300w\" sizes=\"auto, (max-width: 612px) 100vw, 612px\" \/><\/a><br \/>\n<\/br><br \/>\n<\/strong><\/p>\n","protected":false},"excerpt":{"rendered":"<p>>> Maquiavelagens 25 \u2013 A catraca pra Puta que o pariu que fez d\u2019espertar o vulc\u00e3o p\u00e1-larvas de Artur d\u2019Amaru \u201cQuando os vampiros acusam os mosquitos de serem sanguin\u00e1rios\u2026\u201d Monia Benini Charlat\u00e3es neocons neoliberais neobund\u00f5es \u00e2ncoras, especialistas, comentaristas sempre de mercen\u00e1rio plant\u00e3o, caga-regras porta-vozes servis da enquistada necro-pluto-clepto-cracia chantagista, do \u201c\u00e9 bom irem se acostumando\u201d&#8230; [&hellip;]<\/p>\n","protected":false},"author":1,"featured_media":0,"comment_status":"open","ping_status":"open","sticky":false,"template":"","format":"standard","meta":{"footnotes":""},"categories":[9,1081],"tags":[2282,157,2283,2284],"class_list":["post-4072","post","type-post","status-publish","format-standard","hentry","category-lance-de-dados","category-maquiavelanges","tag-a-catraca-pra-puta-que-o-pariu-que-fez-despertar-o-vulcao-pa-larvas-de-artur-damaru","tag-artur-damaru","tag-catraca","tag-maniefstacoes-no-brasil-e-no-mundo"],"_links":{"self":[{"href":"https:\/\/imediata.org\/index.php?rest_route=\/wp\/v2\/posts\/4072","targetHints":{"allow":["GET"]}}],"collection":[{"href":"https:\/\/imediata.org\/index.php?rest_route=\/wp\/v2\/posts"}],"about":[{"href":"https:\/\/imediata.org\/index.php?rest_route=\/wp\/v2\/types\/post"}],"author":[{"embeddable":true,"href":"https:\/\/imediata.org\/index.php?rest_route=\/wp\/v2\/users\/1"}],"replies":[{"embeddable":true,"href":"https:\/\/imediata.org\/index.php?rest_route=%2Fwp%2Fv2%2Fcomments&post=4072"}],"version-history":[{"count":3,"href":"https:\/\/imediata.org\/index.php?rest_route=\/wp\/v2\/posts\/4072\/revisions"}],"predecessor-version":[{"id":4084,"href":"https:\/\/imediata.org\/index.php?rest_route=\/wp\/v2\/posts\/4072\/revisions\/4084"}],"wp:attachment":[{"href":"https:\/\/imediata.org\/index.php?rest_route=%2Fwp%2Fv2%2Fmedia&parent=4072"}],"wp:term":[{"taxonomy":"category","embeddable":true,"href":"https:\/\/imediata.org\/index.php?rest_route=%2Fwp%2Fv2%2Fcategories&post=4072"},{"taxonomy":"post_tag","embeddable":true,"href":"https:\/\/imediata.org\/index.php?rest_route=%2Fwp%2Fv2%2Ftags&post=4072"}],"curies":[{"name":"wp","href":"https:\/\/api.w.org\/{rel}","templated":true}]}}