{"id":4057,"date":"2013-07-03T14:06:32","date_gmt":"2013-07-03T14:06:32","guid":{"rendered":"http:\/\/imediata.org\/?p=4057"},"modified":"2013-07-04T15:28:06","modified_gmt":"2013-07-04T15:28:06","slug":"sala-de-espera-51-egito-de-3006-a-0207-os-maiores-protestos-da-historia-da-humanidade","status":"publish","type":"post","link":"https:\/\/imediata.org\/?p=4057","title":{"rendered":">> Sala de Espera 51 &#8211; Egito de 30\/06 a 02\/07: os maiores protestos da hist\u00f3ria da humanidade"},"content":{"rendered":"<p><\/br><br \/>\nSala de Espera 51 &#8211; Egito de 30\/06 a 02\/07: os maiores protestos da hist\u00f3ria da humanidade<br \/>\n<iframe loading=\"lazy\" title=\"Raw: Egypt Military Releases New Protest Video\" width=\"640\" height=\"360\" src=\"https:\/\/www.youtube.com\/embed\/1VrWRkhtjTk?feature=oembed\" frameborder=\"0\" allow=\"accelerometer; autoplay; clipboard-write; encrypted-media; gyroscope; picture-in-picture; web-share\" referrerpolicy=\"strict-origin-when-cross-origin\" allowfullscreen><\/iframe><br \/>\n<\/br><br \/>\n<iframe loading=\"lazy\" title=\"Incredible footage of the largest protest in mankinds history!!, Long Live Egypt!\" width=\"640\" height=\"480\" src=\"https:\/\/www.youtube.com\/embed\/r7KeY830sLE?feature=oembed\" frameborder=\"0\" allow=\"accelerometer; autoplay; clipboard-write; encrypted-media; gyroscope; picture-in-picture; web-share\" referrerpolicy=\"strict-origin-when-cross-origin\" allowfullscreen><\/iframe><br \/>\n<\/br><br \/>\n<a href=\"http:\/\/imediata.org\/wp-content\/uploads\/2013\/07\/Cairo.jpg\"><img loading=\"lazy\" decoding=\"async\" src=\"http:\/\/imediata.org\/wp-content\/uploads\/2013\/07\/Cairo.jpg\" alt=\"\" title=\"Cairo\" width=\"350\" height=\"409\" class=\"alignright size-full wp-image-4086\" srcset=\"https:\/\/imediata.org\/wp-content\/uploads\/2013\/07\/Cairo.jpg 350w, https:\/\/imediata.org\/wp-content\/uploads\/2013\/07\/Cairo-256x300.jpg 256w\" sizes=\"auto, (max-width: 350px) 100vw, 350px\" \/><\/a><br \/>\nLe\u00f5es-guardi\u00e3es da ponte Kasr el Nile<br \/>\n<\/br><br \/>\n<a href=\"http:\/\/imediata.org\/wp-content\/uploads\/2013\/07\/BOBAgECCYAAy-3J.jpg-large.jpeg\"><img loading=\"lazy\" decoding=\"async\" src=\"http:\/\/imediata.org\/wp-content\/uploads\/2013\/07\/BOBAgECCYAAy-3J.jpg-large.jpeg\" alt=\"\" title=\"BOBAgECCYAAy-3J.jpg-large\" width=\"1024\" height=\"577\" class=\"alignright size-full wp-image-4058\" srcset=\"https:\/\/imediata.org\/wp-content\/uploads\/2013\/07\/BOBAgECCYAAy-3J.jpg-large.jpeg 1024w, https:\/\/imediata.org\/wp-content\/uploads\/2013\/07\/BOBAgECCYAAy-3J.jpg-large-300x169.jpg 300w\" sizes=\"auto, (max-width: 1024px) 100vw, 1024px\" \/><\/a><br \/>\nPra\u00e7a Tahrir, Cairo<br \/>\n<\/br><br \/>\n<a href=\"http:\/\/imediata.org\/wp-content\/uploads\/2013\/07\/bbb9fb03-8569-4bf3-ae6a-640a5459033e_500.jpg\"><img loading=\"lazy\" decoding=\"async\" src=\"http:\/\/imediata.org\/wp-content\/uploads\/2013\/07\/bbb9fb03-8569-4bf3-ae6a-640a5459033e_500.jpg\" alt=\"\" title=\"bbb9fb03-8569-4bf3-ae6a-640a5459033e_500\" width=\"500\" height=\"332\" class=\"alignright size-full wp-image-4059\" srcset=\"https:\/\/imediata.org\/wp-content\/uploads\/2013\/07\/bbb9fb03-8569-4bf3-ae6a-640a5459033e_500.jpg 500w, https:\/\/imediata.org\/wp-content\/uploads\/2013\/07\/bbb9fb03-8569-4bf3-ae6a-640a5459033e_500-300x199.jpg 300w\" sizes=\"auto, (max-width: 500px) 100vw, 500px\" \/><\/a><br \/>\nP\u00f4r-do-sol e levante do povo em Alexandria<br \/>\n<\/br><br \/>\n<a href=\"http:\/\/imediata.org\/wp-content\/uploads\/2013\/07\/c8a5091c-b68f-4e24-adeb-9de59be8930b_500.jpg\"><img loading=\"lazy\" decoding=\"async\" src=\"http:\/\/imediata.org\/wp-content\/uploads\/2013\/07\/c8a5091c-b68f-4e24-adeb-9de59be8930b_500.jpg\" alt=\"\" title=\"c8a5091c-b68f-4e24-adeb-9de59be8930b_500\" width=\"500\" height=\"333\" class=\"alignright size-full wp-image-4060\" srcset=\"https:\/\/imediata.org\/wp-content\/uploads\/2013\/07\/c8a5091c-b68f-4e24-adeb-9de59be8930b_500.jpg 500w, https:\/\/imediata.org\/wp-content\/uploads\/2013\/07\/c8a5091c-b68f-4e24-adeb-9de59be8930b_500-300x199.jpg 300w\" sizes=\"auto, (max-width: 500px) 100vw, 500px\" \/><\/a><br \/>\nem marcha sobre o Nilo para chegar a Tahrir Square, Cairo<br \/>\n<\/br><br \/>\n<a href=\"http:\/\/imediata.org\/wp-content\/uploads\/2013\/07\/BOMbAxBCIAArmWF3.png-large3.png\"><img loading=\"lazy\" decoding=\"async\" src=\"http:\/\/imediata.org\/wp-content\/uploads\/2013\/07\/BOMbAxBCIAArmWF3.png-large3.png\" alt=\"\" title=\"BOMbAxBCIAArmWF.png-large\" width=\"940\" height=\"571\" class=\"alignright size-full wp-image-4064\" srcset=\"https:\/\/imediata.org\/wp-content\/uploads\/2013\/07\/BOMbAxBCIAArmWF3.png-large3.png 940w, https:\/\/imediata.org\/wp-content\/uploads\/2013\/07\/BOMbAxBCIAArmWF3.png-large3-300x182.png 300w\" sizes=\"auto, (max-width: 940px) 100vw, 940px\" \/><\/a><br \/>\nO Rio Nilo atravessando o Cairo<br \/>\n<\/br><br \/>\n<a href=\"http:\/\/imediata.org\/wp-content\/uploads\/2013\/07\/Biggest-Protest-Egypt-History-2-331x500.jpg\"><img loading=\"lazy\" decoding=\"async\" src=\"http:\/\/imediata.org\/wp-content\/uploads\/2013\/07\/Biggest-Protest-Egypt-History-2-331x500.jpg\" alt=\"\" title=\"Biggest-Protest-Egypt-History-2-331x500\" width=\"331\" height=\"500\" class=\"alignright size-full wp-image-4066\" srcset=\"https:\/\/imediata.org\/wp-content\/uploads\/2013\/07\/Biggest-Protest-Egypt-History-2-331x500.jpg 331w, https:\/\/imediata.org\/wp-content\/uploads\/2013\/07\/Biggest-Protest-Egypt-History-2-331x500-198x300.jpg 198w\" sizes=\"auto, (max-width: 331px) 100vw, 331px\" \/><\/a><br \/>\nCairo, Egito<\/p>\n","protected":false},"excerpt":{"rendered":"<p>Sala de Espera 51 &#8211; Egito de 30\/06 a 02\/07: os maiores protestos da hist\u00f3ria da humanidade Le\u00f5es-guardi\u00e3es da ponte Kasr el Nile Pra\u00e7a Tahrir, Cairo P\u00f4r-do-sol e levante do povo em Alexandria em marcha sobre o Nilo para chegar a Tahrir Square, Cairo O Rio Nilo atravessando o Cairo Cairo, Egito<\/p>\n","protected":false},"author":1,"featured_media":0,"comment_status":"open","ping_status":"open","sticky":false,"template":"","format":"standard","meta":{"footnotes":""},"categories":[4,9,100],"tags":[207,2277,2278],"class_list":["post-4057","post","type-post","status-publish","format-standard","hentry","category-al-manakh","category-lance-de-dados","category-sala-de-espera","tag-egito","tag-manifestacoes-de-junho-e-julho-de-2013","tag-os-maiores-protestos-da-historia-da-humanidade"],"_links":{"self":[{"href":"https:\/\/imediata.org\/index.php?rest_route=\/wp\/v2\/posts\/4057","targetHints":{"allow":["GET"]}}],"collection":[{"href":"https:\/\/imediata.org\/index.php?rest_route=\/wp\/v2\/posts"}],"about":[{"href":"https:\/\/imediata.org\/index.php?rest_route=\/wp\/v2\/types\/post"}],"author":[{"embeddable":true,"href":"https:\/\/imediata.org\/index.php?rest_route=\/wp\/v2\/users\/1"}],"replies":[{"embeddable":true,"href":"https:\/\/imediata.org\/index.php?rest_route=%2Fwp%2Fv2%2Fcomments&post=4057"}],"version-history":[{"count":6,"href":"https:\/\/imediata.org\/index.php?rest_route=\/wp\/v2\/posts\/4057\/revisions"}],"predecessor-version":[{"id":4089,"href":"https:\/\/imediata.org\/index.php?rest_route=\/wp\/v2\/posts\/4057\/revisions\/4089"}],"wp:attachment":[{"href":"https:\/\/imediata.org\/index.php?rest_route=%2Fwp%2Fv2%2Fmedia&parent=4057"}],"wp:term":[{"taxonomy":"category","embeddable":true,"href":"https:\/\/imediata.org\/index.php?rest_route=%2Fwp%2Fv2%2Fcategories&post=4057"},{"taxonomy":"post_tag","embeddable":true,"href":"https:\/\/imediata.org\/index.php?rest_route=%2Fwp%2Fv2%2Ftags&post=4057"}],"curies":[{"name":"wp","href":"https:\/\/api.w.org\/{rel}","templated":true}]}}