{"id":4053,"date":"2013-07-02T13:03:12","date_gmt":"2013-07-02T13:03:12","guid":{"rendered":"http:\/\/imediata.org\/?p=4053"},"modified":"2013-07-02T13:03:12","modified_gmt":"2013-07-02T13:03:12","slug":"mobilidade-por-silvio-mieli","status":"publish","type":"post","link":"https:\/\/imediata.org\/?p=4053","title":{"rendered":">> Mobilidade, por S\u00edlvio Mieli"},"content":{"rendered":"<p><\/br><br \/>\n<strong>Mobilidade<br \/>\n01\/07\/2013<br \/>\npor S\u00edlvio Mieli<br \/>\nFonte: <a href=\"http:\/\/www.brasildefato.com.br\/node\/13397\">Brasil de Fato<\/a> de 01\/07\/2013<\/strong><br \/>\n<\/br><br \/>\n<strong>Se h\u00e1 um consenso no Brasil atual \u00e9 o da viol\u00eancia como resposta a tudo; nunca tivemos um momento de ruptura efetivo, que marcasse o fim da ditadura e a chegada de outra dimens\u00e3o da vida p\u00fablica<\/strong><br \/>\n<\/br><br \/>\n<a href=\"http:\/\/imediata.org\/wp-content\/uploads\/2013\/07\/odio-partidos-protestos.jpg\"><img loading=\"lazy\" decoding=\"async\" src=\"http:\/\/imediata.org\/wp-content\/uploads\/2013\/07\/odio-partidos-protestos.jpg\" alt=\"\" title=\"odio-partidos-protestos\" width=\"400\" height=\"266\" class=\"alignright size-full wp-image-4054\" srcset=\"https:\/\/imediata.org\/wp-content\/uploads\/2013\/07\/odio-partidos-protestos.jpg 400w, https:\/\/imediata.org\/wp-content\/uploads\/2013\/07\/odio-partidos-protestos-300x199.jpg 300w\" sizes=\"auto, (max-width: 400px) 100vw, 400px\" \/><\/a><br \/>\n<\/br><br \/>\nN\u00e3o foi um passe de m\u00e1gica, mas puro realismo pol\u00edtico que nos lan\u00e7ou de volta \u00e0s ruas. Que esse acontecimento tenha sido alavancado por jovens considerados zumbis desencarnados da realidade, \u00e9 apenas um dos ensinamentos do Movimento Passe Livre (MPL). De qualquer forma, a imobilidade urbana nos colocou diante das perspectivas de mobilidade da pr\u00f3pria esquerda neste campo minado.<br \/>\n<\/br><br \/>\nAs \u00faltimas grandes manifesta\u00e7\u00f5es de massa, inclusive nas capitais brasileiras, foram os confrontos altermundistas, e n\u00e3o o \u201cFora Collor\u201d como se costuma dizer. Do levante Zapatista (1994) at\u00e9 os indignados espanh\u00f3is (2011), tivemos os ecos da batalha de Seattle (1999), as lutas contra OMC, Alca, G-8, e os F\u00f3runs Sociais Mundias.<br \/>\n<\/br><br \/>\nA segunda fase de movimentos, ainda em curso, come\u00e7a h\u00e1 dois anos com os Indignados espanh\u00f3is, segue com a Primavera \u00c1rabe, Atenas, Occupy e, mais recentemente, Turquia e agora no Brasil (j\u00e1 era hora!). Alguns foram cooptados por for\u00e7as reacion\u00e1rias (indignados e \u00e1rabes), e outros correm seriamente este risco. Como j\u00e1 observou o mestre Paulo Arantes, o MPL (2005) \u00e9 filho direto da primeira fase.<br \/>\n<\/br><br \/>\nEm parte porque assume sem pudor as suas influ\u00eancias Zapatistas (anticapitalismo, a\u00e7\u00e3o direta, horizontalidade, autonomia, desconfian\u00e7a do poder) e depois porque os seus militantes formaram-se exatamente nas manifesta\u00e7\u00f5es altermundistas. Entretanto, isso n\u00e3o impediu o apoio de partidos de esquerda e a articula\u00e7\u00e3o indispens\u00e1vel com os movimentos sociais.<br \/>\n<\/br><br \/>\nUma primeira pergunta se imp\u00f5e quando olhamos para este per\u00edodo de quase duas d\u00e9cadas: quais os ensinamentos que a esquerda institucional guardou dessa riqu\u00edssima experi\u00eancia? Uma chave para a resposta reside na an\u00e1lise da foto do coletivo #M\u00eddiaNinja, que flagrou militantes de partidos de esquerda acuados, com suas bandeiras covardemente tomadas e queimadas no s\u00e9timo ato contra o aumento da tarifas em S\u00e3o Paulo. Lembraria que o nosso imagin\u00e1rio coletivo \u00e9 por demais violento para ser abandonado nessa altura do campeonato (principalmente da parte de muitas das for\u00e7as envolvidas nos embates).<br \/>\n<\/br><br \/>\n<a href=\"http:\/\/imediata.org\/wp-content\/uploads\/2013\/07\/261ee667vgphx0z3erl8micgx.jpg\"><img loading=\"lazy\" decoding=\"async\" src=\"http:\/\/imediata.org\/wp-content\/uploads\/2013\/07\/261ee667vgphx0z3erl8micgx.jpg\" alt=\"\" title=\"261ee667vgphx0z3erl8micgx\" width=\"316\" height=\"236\" class=\"alignright size-full wp-image-4055\" srcset=\"https:\/\/imediata.org\/wp-content\/uploads\/2013\/07\/261ee667vgphx0z3erl8micgx.jpg 316w, https:\/\/imediata.org\/wp-content\/uploads\/2013\/07\/261ee667vgphx0z3erl8micgx-300x224.jpg 300w\" sizes=\"auto, (max-width: 316px) 100vw, 316px\" \/><\/a><br \/>\n<\/br><br \/>\nSe h\u00e1 um consenso no Brasil atual \u00e9 o da viol\u00eancia como resposta a tudo. E, por fim, nunca tivemos um momento de ruptura efetivo, que marcassem o fim da ditadura e a chegada de outra dimens\u00e3o da vida p\u00fablica, cuja qualidade agora depende dos alcances da nossa mobilidade \u00e0 esquerda.<\/p>\n","protected":false},"excerpt":{"rendered":"<p>Mobilidade 01\/07\/2013 por S\u00edlvio Mieli Fonte: Brasil de Fato de 01\/07\/2013 Se h\u00e1 um consenso no Brasil atual \u00e9 o da viol\u00eancia como resposta a tudo; nunca tivemos um momento de ruptura efetivo, que marcasse o fim da ditadura e a chegada de outra dimens\u00e3o da vida p\u00fablica N\u00e3o foi um passe de m\u00e1gica, mas [&hellip;]<\/p>\n","protected":false},"author":1,"featured_media":0,"comment_status":"open","ping_status":"open","sticky":false,"template":"","format":"standard","meta":{"footnotes":""},"categories":[9],"tags":[2276,410],"class_list":["post-4053","post","type-post","status-publish","format-standard","hentry","category-lance-de-dados","tag-mobilidade","tag-silvio-mieli"],"_links":{"self":[{"href":"https:\/\/imediata.org\/index.php?rest_route=\/wp\/v2\/posts\/4053","targetHints":{"allow":["GET"]}}],"collection":[{"href":"https:\/\/imediata.org\/index.php?rest_route=\/wp\/v2\/posts"}],"about":[{"href":"https:\/\/imediata.org\/index.php?rest_route=\/wp\/v2\/types\/post"}],"author":[{"embeddable":true,"href":"https:\/\/imediata.org\/index.php?rest_route=\/wp\/v2\/users\/1"}],"replies":[{"embeddable":true,"href":"https:\/\/imediata.org\/index.php?rest_route=%2Fwp%2Fv2%2Fcomments&post=4053"}],"version-history":[{"count":1,"href":"https:\/\/imediata.org\/index.php?rest_route=\/wp\/v2\/posts\/4053\/revisions"}],"predecessor-version":[{"id":4056,"href":"https:\/\/imediata.org\/index.php?rest_route=\/wp\/v2\/posts\/4053\/revisions\/4056"}],"wp:attachment":[{"href":"https:\/\/imediata.org\/index.php?rest_route=%2Fwp%2Fv2%2Fmedia&parent=4053"}],"wp:term":[{"taxonomy":"category","embeddable":true,"href":"https:\/\/imediata.org\/index.php?rest_route=%2Fwp%2Fv2%2Fcategories&post=4053"},{"taxonomy":"post_tag","embeddable":true,"href":"https:\/\/imediata.org\/index.php?rest_route=%2Fwp%2Fv2%2Ftags&post=4053"}],"curies":[{"name":"wp","href":"https:\/\/api.w.org\/{rel}","templated":true}]}}