{"id":4020,"date":"2013-06-28T15:49:19","date_gmt":"2013-06-28T15:49:19","guid":{"rendered":"http:\/\/imediata.org\/?p=4020"},"modified":"2013-07-12T16:19:38","modified_gmt":"2013-07-12T16:19:38","slug":"imundo-4-que-privatizar-a-vida-seja-a-gota-dagua","status":"publish","type":"post","link":"https:\/\/imediata.org\/?p=4020","title":{"rendered":">> iMundo 4 &#8211; que procurarem privatizar nossa vida seja a gota d&#8217;\u00c1GUA"},"content":{"rendered":"<p><\/br><br \/>\niMundo 4 &#8211; que procurarem privatizar nossa vida seja a gota d&#8217;\u00c1GUA<br \/>\n<\/br><br \/>\n<a href=\"http:\/\/imediata.org\/wp-content\/uploads\/2013\/06\/agua-1.jpg\"><img loading=\"lazy\" decoding=\"async\" src=\"http:\/\/imediata.org\/wp-content\/uploads\/2013\/06\/agua-1.jpg\" alt=\"\" title=\"agua-1\" width=\"270\" height=\"383\" class=\"alignright size-full wp-image-4021\" srcset=\"https:\/\/imediata.org\/wp-content\/uploads\/2013\/06\/agua-1.jpg 270w, https:\/\/imediata.org\/wp-content\/uploads\/2013\/06\/agua-1-211x300.jpg 211w\" sizes=\"auto, (max-width: 270px) 100vw, 270px\" \/><\/a><br \/>\n<\/br><br \/>\n<a href=\"http:\/\/imediata.org\/wp-content\/uploads\/2013\/06\/assuncao-cristas-privatizacao-agua.jpg\"><img loading=\"lazy\" decoding=\"async\" src=\"http:\/\/imediata.org\/wp-content\/uploads\/2013\/06\/assuncao-cristas-privatizacao-agua.jpg\" alt=\"\" title=\"assuncao-cristas-privatizacao-agua\" width=\"600\" height=\"595\" class=\"alignright size-full wp-image-4022\" srcset=\"https:\/\/imediata.org\/wp-content\/uploads\/2013\/06\/assuncao-cristas-privatizacao-agua.jpg 600w, https:\/\/imediata.org\/wp-content\/uploads\/2013\/06\/assuncao-cristas-privatizacao-agua-150x150.jpg 150w, https:\/\/imediata.org\/wp-content\/uploads\/2013\/06\/assuncao-cristas-privatizacao-agua-300x297.jpg 300w\" sizes=\"auto, (max-width: 600px) 100vw, 600px\" \/><\/a><br \/>\n<\/br><br \/>\n<strong>Depois de denunciar a explora\u00e7\u00e3o e comercializa\u00e7\u00e3o da \u00e1gua pela Nestl\u00e9, Abby Martin, da RT, recebe um v\u00eddeo da Nestl\u00e9, no qual uma angelical Rela\u00e7\u00f5es P\u00fablicas decanta as maravilhas da empresa que labuta para o nosso bem e felicidade. Aqui, Abby Martin mostra o v\u00eddeo em partes, rebatendo cada ponto alegado pela empresa.<\/strong><\/p>\n<p><\/br><br \/>\n<strong>Nestl\u00e9 Responds to Abby | Corporate Troll Spotting<\/strong><br \/>\nhttp:\/\/www.youtube.com\/watch?v=cxf9UtltFuY<br \/>\n<\/br><br \/>\n<strong>E aqui, document\u00e1rio alem\u00e3o sobre a privatiza\u00e7\u00e3o da \u00e1gua na Uni\u00e3o Europeia<br \/>\n&#8220;\u00c1gua &#8211; Opera\u00e7\u00e3o Secreta&#8221;: UE Promove a Privatiza\u00e7\u00e3o da \u00c1gua (legendas em portugu\u00eas)<\/strong><br \/>\nhttp:\/\/youtu.be\/I5X9ioO9x9A<br \/>\nNota: caso n\u00e3o surjam de imediato, ative as legendas (primeiro \u00edcone em baixo, do lado direito)<br \/>\nFonte: <a href=\"http:\/\/www.arrastao.org\/2844964.html\">arrast\u00e3o.org<\/a> via <a href=\"http:\/\/ouropel.blogspot.com\/2013\/06\/o-laboratorio-do-saque.html\">quatro almas<\/a>.<br \/>\n<strong><br \/>\nVer tamb\u00e9m:<br \/>\n>> Cinco minutos com um (dos tant\u00edssimos) sociopatas corporativos: \u201c\u00c1gua \u00e0 Venda J\u00e1!\u201d<\/strong><br \/>\n<a href=\"http:\/\/imediata.org\/?p=3608\">http:\/\/imediata.org\/?p=3608<\/a><\/p>\n","protected":false},"excerpt":{"rendered":"<p>iMundo 4 &#8211; que procurarem privatizar nossa vida seja a gota d&#8217;\u00c1GUA Depois de denunciar a explora\u00e7\u00e3o e comercializa\u00e7\u00e3o da \u00e1gua pela Nestl\u00e9, Abby Martin, da RT, recebe um v\u00eddeo da Nestl\u00e9, no qual uma angelical Rela\u00e7\u00f5es P\u00fablicas decanta as maravilhas da empresa que labuta para o nosso bem e felicidade. Aqui, Abby Martin mostra [&hellip;]<\/p>\n","protected":false},"author":1,"featured_media":0,"comment_status":"open","ping_status":"open","sticky":false,"template":"","format":"standard","meta":{"footnotes":""},"categories":[5,81,2256,9,82],"tags":[2270,2269,2082,331],"class_list":["post-4020","post","type-post","status-publish","format-standard","hentry","category-biodiversidade-imediata","category-imediartivismo","category-imundo","category-lance-de-dados","category-midia_corporativa","tag-a-gota-dagua","tag-amy-martin","tag-nestle","tag-privatizacao-da-agua"],"_links":{"self":[{"href":"https:\/\/imediata.org\/index.php?rest_route=\/wp\/v2\/posts\/4020","targetHints":{"allow":["GET"]}}],"collection":[{"href":"https:\/\/imediata.org\/index.php?rest_route=\/wp\/v2\/posts"}],"about":[{"href":"https:\/\/imediata.org\/index.php?rest_route=\/wp\/v2\/types\/post"}],"author":[{"embeddable":true,"href":"https:\/\/imediata.org\/index.php?rest_route=\/wp\/v2\/users\/1"}],"replies":[{"embeddable":true,"href":"https:\/\/imediata.org\/index.php?rest_route=%2Fwp%2Fv2%2Fcomments&post=4020"}],"version-history":[{"count":6,"href":"https:\/\/imediata.org\/index.php?rest_route=\/wp\/v2\/posts\/4020\/revisions"}],"predecessor-version":[{"id":4103,"href":"https:\/\/imediata.org\/index.php?rest_route=\/wp\/v2\/posts\/4020\/revisions\/4103"}],"wp:attachment":[{"href":"https:\/\/imediata.org\/index.php?rest_route=%2Fwp%2Fv2%2Fmedia&parent=4020"}],"wp:term":[{"taxonomy":"category","embeddable":true,"href":"https:\/\/imediata.org\/index.php?rest_route=%2Fwp%2Fv2%2Fcategories&post=4020"},{"taxonomy":"post_tag","embeddable":true,"href":"https:\/\/imediata.org\/index.php?rest_route=%2Fwp%2Fv2%2Ftags&post=4020"}],"curies":[{"name":"wp","href":"https:\/\/api.w.org\/{rel}","templated":true}]}}