{"id":4014,"date":"2013-06-25T21:21:20","date_gmt":"2013-06-25T21:21:20","guid":{"rendered":"http:\/\/imediata.org\/?p=4014"},"modified":"2013-06-25T21:22:45","modified_gmt":"2013-06-25T21:22:45","slug":"sala-de-espera-50-dando-um-toque-nas-direitas-nao-forcar-a-barra-pois-quando-a-rocinha-descer-e-a-mare-subir-e-nao-for-carnaval","status":"publish","type":"post","link":"https:\/\/imediata.org\/?p=4014","title":{"rendered":">> Sala de Espera 50 &#8211; Dando um &#8216;toque&#8217; nas direitas&#8230; N\u00e3o for\u00e7ar a Barra, pois &#8220;quando a Rocinha descer e a Mar\u00e9 subir&#8221; e n\u00e3o for carnaval&#8230;"},"content":{"rendered":"<p><\/br><br \/>\nSala de Espera 50 &#8211; Lembrete para as direitas n\u00e3o for\u00e7ar a Barra, pois &#8220;quando a Rocinha descer e a Mar\u00e9 subir&#8221; e n\u00e3o for carnaval&#8230;<br \/>\n<\/br><br \/>\n<strong>&#8220;Quando a Rocinha descer e a Mar\u00e9 subir&#8230;&#8221; (de tu\u00edte do Eduardo Viveiros de Castro)&#8230;<br \/>\n<\/br><br \/>\nWilson das Neves &#8211; O Dia Em Que O Morro Descer E N\u00e3o For Carnaval<\/strong><br \/>\n<iframe loading=\"lazy\" title=\"Wilson das Neves - O Dia Em Que O Morro Descer E N\u00e3o For Carnaval\" width=\"640\" height=\"480\" src=\"https:\/\/www.youtube.com\/embed\/mr0ZUETRnJk?feature=oembed\" frameborder=\"0\" allow=\"accelerometer; autoplay; clipboard-write; encrypted-media; gyroscope; picture-in-picture; web-share\" referrerpolicy=\"strict-origin-when-cross-origin\" allowfullscreen><\/iframe><br \/>\n<strong>Compositores: Wilson das Neves e Paulo C\u00e9sar Pinheiro<br \/>\n\u00c1lbum: O Som Sagrado de Wilson das Neves (1997)<\/strong><br \/>\n<\/br><br \/>\n<strong>charge alem\u00e3: J\u00e1 n\u00e3o funciona mais&#8230;.<\/strong><br \/>\n<a href=\"http:\/\/imediata.org\/wp-content\/uploads\/2013\/06\/2rHVh.jpg.gif1.jpeg\"><img loading=\"lazy\" decoding=\"async\" src=\"http:\/\/imediata.org\/wp-content\/uploads\/2013\/06\/2rHVh.jpg.gif1.jpeg\" alt=\"\" title=\"2rHVh.jpg.gif\" width=\"472\" height=\"480\" class=\"alignright size-full wp-image-4016\" srcset=\"https:\/\/imediata.org\/wp-content\/uploads\/2013\/06\/2rHVh.jpg.gif1.jpeg 472w, https:\/\/imediata.org\/wp-content\/uploads\/2013\/06\/2rHVh.jpg.gif1-295x300.jpg 295w\" sizes=\"auto, (max-width: 472px) 100vw, 472px\" \/><\/a><br \/>\n<\/br><br \/>\n<strong>Ver tamb\u00e9m: &#8220;Cabral exige passe livre para Paris&#8221;, do Piau\u00ed Herald&#8230;<\/strong><br \/>\n<a href=\"http:\/\/revistapiaui.estadao.com.br\/blogs\/herald\/brasil\/cabral-quer-passe-livre-para-paris\">http:\/\/revistapiaui.estadao.com.br\/blogs\/herald\/brasil\/cabral-quer-passe-livre-para-paris<\/a><br \/>\n<br \/>\n<strong>e a pr\u00f3xima, de dar d\u00f3&#8230;<br \/>\n<\/br><br \/>\nEspelho meu&#8230; tem uma co-c\u00f4-xi-nha mais tu-ca-c\u00e1-na do que eu????<br \/>\n(via blog do saraiva&#8230;)<\/strong><br \/>\n<iframe loading=\"lazy\" title=\"Dani Schwery no protesto! Br n\u00e3o \u00e9 vermelho, Br n\u00e3o \u00e9 do PT, Br \u00e9 verde e amarelo. Tiro no p\u00e9 do PT!\" width=\"640\" height=\"480\" src=\"https:\/\/www.youtube.com\/embed\/KmytCM1le7M?feature=oembed\" frameborder=\"0\" allow=\"accelerometer; autoplay; clipboard-write; encrypted-media; gyroscope; picture-in-picture; web-share\" referrerpolicy=\"strict-origin-when-cross-origin\" allowfullscreen><\/iframe><\/p>\n","protected":false},"excerpt":{"rendered":"<p>Sala de Espera 50 &#8211; Lembrete para as direitas n\u00e3o for\u00e7ar a Barra, pois &#8220;quando a Rocinha descer e a Mar\u00e9 subir&#8221; e n\u00e3o for carnaval&#8230; &#8220;Quando a Rocinha descer e a Mar\u00e9 subir&#8230;&#8221; (de tu\u00edte do Eduardo Viveiros de Castro)&#8230; Wilson das Neves &#8211; O Dia Em Que O Morro Descer E N\u00e3o For [&hellip;]<\/p>\n","protected":false},"author":1,"featured_media":0,"comment_status":"open","ping_status":"open","sticky":false,"template":"","format":"standard","meta":{"footnotes":""},"categories":[4,9,100],"tags":[2267,2266,2268,2265],"class_list":["post-4014","post","type-post","status-publish","format-standard","hentry","category-al-manakh","category-lance-de-dados","category-sala-de-espera","tag-lembrete-as-direitas","tag-manifestacoes-no-brasil","tag-sequestro-dos-protestos","tag-wilson-das-neves-o-dia-em-que-o-morro-descer-e-nao-for-carnaval"],"_links":{"self":[{"href":"https:\/\/imediata.org\/index.php?rest_route=\/wp\/v2\/posts\/4014","targetHints":{"allow":["GET"]}}],"collection":[{"href":"https:\/\/imediata.org\/index.php?rest_route=\/wp\/v2\/posts"}],"about":[{"href":"https:\/\/imediata.org\/index.php?rest_route=\/wp\/v2\/types\/post"}],"author":[{"embeddable":true,"href":"https:\/\/imediata.org\/index.php?rest_route=\/wp\/v2\/users\/1"}],"replies":[{"embeddable":true,"href":"https:\/\/imediata.org\/index.php?rest_route=%2Fwp%2Fv2%2Fcomments&post=4014"}],"version-history":[{"count":3,"href":"https:\/\/imediata.org\/index.php?rest_route=\/wp\/v2\/posts\/4014\/revisions"}],"predecessor-version":[{"id":4019,"href":"https:\/\/imediata.org\/index.php?rest_route=\/wp\/v2\/posts\/4014\/revisions\/4019"}],"wp:attachment":[{"href":"https:\/\/imediata.org\/index.php?rest_route=%2Fwp%2Fv2%2Fmedia&parent=4014"}],"wp:term":[{"taxonomy":"category","embeddable":true,"href":"https:\/\/imediata.org\/index.php?rest_route=%2Fwp%2Fv2%2Fcategories&post=4014"},{"taxonomy":"post_tag","embeddable":true,"href":"https:\/\/imediata.org\/index.php?rest_route=%2Fwp%2Fv2%2Ftags&post=4014"}],"curies":[{"name":"wp","href":"https:\/\/api.w.org\/{rel}","templated":true}]}}