{"id":397,"date":"2011-10-26T21:12:34","date_gmt":"2011-10-26T21:12:34","guid":{"rendered":"http:\/\/imediata.org\/?p=397"},"modified":"2011-11-19T03:53:27","modified_gmt":"2011-11-19T03:53:27","slug":"cabecas-que-fazem-falta-1-%e2%80%93-milton-santos","status":"publish","type":"post","link":"https:\/\/imediata.org\/?p=397","title":{"rendered":">> Cabe\u00e7as que fazem falta 1 \u2013 Milton Santos"},"content":{"rendered":"<p>Cabe\u00e7as que fazem falta 1 \u2013 Milton Santos<br \/>\nPor Mario S. Mieli<\/p>\n<p>&nbsp;<\/p>\n<p><a href=\"http:\/\/imediata.org\/wp-content\/uploads\/2011\/10\/mail3.jpeg\"><img loading=\"lazy\" decoding=\"async\" class=\"aligncenter size-full wp-image-450\" title=\"mail\" src=\"http:\/\/imediata.org\/wp-content\/uploads\/2011\/10\/mail3.jpeg\" alt=\"\" width=\"208\" height=\"166\" \/><\/a><\/p>\n<p>Hoje, 24 de junho de 2011, dia em que se festeja (o nascimento de) S\u00e3o Jo\u00e3o Batista (Xang\u00f4, no sincretismo da umbanda brasileira), inicia-se a s\u00e9rie CABE\u00c7AS QUE FAZEM FALTA, sugerindo a todos o filme do Silvio Tendler sobre o Professor Milton Santos.<\/p>\n<p>O filme \u00e9 de quase dez anos e de l\u00e1 pra c\u00e1 as coisas s\u00f3 pioraram. Por isso a cabe\u00e7a do Milton faz falta, interpretando com clareza as perversidades do \u201cglobaritarismo\u201d \u2013 palavra que ele cunhou para descrever as novas formas de totalitarismo globalit\u00e1rias.<\/p>\n<p>Mario S. Mieli<\/p>\n<p>Globaliza\u00e7\u00e3o Milton Santos &#8211; O mundo global visto do lado de c\u00e1.<br \/>\n<iframe loading=\"lazy\" title=\"Globaliza\u00e7\u00e3o Milton Santos - O mundo global visto do lado de c\u00e1.\" width=\"640\" height=\"480\" src=\"https:\/\/www.youtube.com\/embed\/-UUB5DW_mnM?start=77&#038;feature=oembed\" frameborder=\"0\" allow=\"accelerometer; autoplay; clipboard-write; encrypted-media; gyroscope; picture-in-picture; web-share\" referrerpolicy=\"strict-origin-when-cross-origin\" allowfullscreen><\/iframe><\/p>\n<p>&nbsp;<\/p>\n<p>&nbsp;<\/p>\n<p>\u201cO mundo global visto do lado de c\u00e1, document\u00e1rio do cineasta brasileiro S\u00edlvio Tendler, discute os problemas da globaliza\u00e7\u00e3o sob a perspectiva das periferias (seja o terceiro mundo, seja comunidades carentes). O filme \u00e9 conduzido por uma entrevista com o ge\u00f3grafo e intelectual baiano Milton Santos, gravada quatro meses antes de sua morte.?O cineasta conheceu Milton Santos em 1995, e desde ent\u00e3o tinha planos para filmar o ge\u00f3grafo. Os anos foram passando e, somente em 2001, Tendler realizou o que seria a \u00faltima entrevista de Milton (que viria a morrer cinco meses depois). Baseado nesse primeiro ponto de partida o document\u00e1rio procura explicar, ou at\u00e9 mesmo elucidar, essa tal Globaliza\u00e7\u00e3o da qual tanto ouvimos falar.?O document\u00e1rio percorre algumas trilhas desses caminhos apontados por Milton, vemos movimentos na Bol\u00edvia, na Fran\u00e7a, M\u00e9xico e chegamos ao Brasil, na periferia de Bras\u00edlia. Em Ceil\u00e2ndia, a c\u00e2mera nos mostra pessoas dispostas a mudar as manchetes dos jornais que s\u00f3 falam da comunidade para retratar a viol\u00eancia local. Adirley Queiroz, ex-jogador de futebol, hoje cineasta, estudou os textos de Milton e procura novos caminhos para fugir do &#8216;sistema&#8217; ou do Globaritarismo &#8212; termo criado por Milton Santos para designar a nova ordem mundial.\u201d<\/p>\n","protected":false},"excerpt":{"rendered":"<p>Cabe\u00e7as que fazem falta 1 \u2013 Milton Santos Por Mario S. Mieli &nbsp; Hoje, 24 de junho de 2011, dia em que se festeja (o nascimento de) S\u00e3o Jo\u00e3o Batista (Xang\u00f4, no sincretismo da umbanda brasileira), inicia-se a s\u00e9rie CABE\u00c7AS QUE FAZEM FALTA, sugerindo a todos o filme do Silvio Tendler sobre o Professor Milton [&hellip;]<\/p>\n","protected":false},"author":21,"featured_media":0,"comment_status":"open","ping_status":"open","sticky":false,"template":"","format":"standard","meta":{"footnotes":""},"categories":[94],"tags":[136,30,95,134,135],"class_list":["post-397","post","type-post","status-publish","format-standard","hentry","category-cabecas-que-fazem-falta","tag-globalitarismo","tag-globalizacao","tag-mario-s-mieli","tag-prof-milton-santos","tag-silvio-tendler"],"_links":{"self":[{"href":"https:\/\/imediata.org\/index.php?rest_route=\/wp\/v2\/posts\/397","targetHints":{"allow":["GET"]}}],"collection":[{"href":"https:\/\/imediata.org\/index.php?rest_route=\/wp\/v2\/posts"}],"about":[{"href":"https:\/\/imediata.org\/index.php?rest_route=\/wp\/v2\/types\/post"}],"author":[{"embeddable":true,"href":"https:\/\/imediata.org\/index.php?rest_route=\/wp\/v2\/users\/21"}],"replies":[{"embeddable":true,"href":"https:\/\/imediata.org\/index.php?rest_route=%2Fwp%2Fv2%2Fcomments&post=397"}],"version-history":[{"count":8,"href":"https:\/\/imediata.org\/index.php?rest_route=\/wp\/v2\/posts\/397\/revisions"}],"predecessor-version":[{"id":618,"href":"https:\/\/imediata.org\/index.php?rest_route=\/wp\/v2\/posts\/397\/revisions\/618"}],"wp:attachment":[{"href":"https:\/\/imediata.org\/index.php?rest_route=%2Fwp%2Fv2%2Fmedia&parent=397"}],"wp:term":[{"taxonomy":"category","embeddable":true,"href":"https:\/\/imediata.org\/index.php?rest_route=%2Fwp%2Fv2%2Fcategories&post=397"},{"taxonomy":"post_tag","embeddable":true,"href":"https:\/\/imediata.org\/index.php?rest_route=%2Fwp%2Fv2%2Ftags&post=397"}],"curies":[{"name":"wp","href":"https:\/\/api.w.org\/{rel}","templated":true}]}}