{"id":3959,"date":"2013-06-18T15:49:37","date_gmt":"2013-06-18T15:49:37","guid":{"rendered":"http:\/\/imediata.org\/?p=3959"},"modified":"2013-06-21T10:27:33","modified_gmt":"2013-06-21T10:27:33","slug":"brasil-se-levanta-%e2%80%93-tsunami-humano-para-chacoalhar-o-limoeiro-e-reencontrar-o-proprio-eixo-nos-somos-aqueles-por-quem-estavamos-esperando","status":"publish","type":"post","link":"https:\/\/imediata.org\/?p=3959","title":{"rendered":">> Brasil se levanta \u2013 Tsunami humano para chacoalhar o limoeiro e reencontrar o pr\u00f3prio eixo: n\u00f3s somos aqueles por quem est\u00e1vamos esperando"},"content":{"rendered":"<p><\/br><br \/>\n<strong>Brasil se levanta \u2013 Tsunami humano para chacoalhar o limoeiro e reencontrar o pr\u00f3prio eixo: n\u00f3s somos aqueles por quem est\u00e1vamos esperando<\/strong><br \/>\n<\/br><br \/>\n<strong>&#8220;Desculpe o transtorno. Estamos mudando o pa\u00eds.&#8221;<\/strong><br \/>\n<\/br><br \/>\n<strong>&#8220;Nao tem policia, nao tem viol\u00eancia \/ que coincid\u00eancia&#8221;<\/strong><br \/>\n<\/br><br \/>\n<a href=\"http:\/\/imediata.org\/wp-content\/uploads\/2013\/06\/sp-nao-muda-150x150.jpg\"><img loading=\"lazy\" decoding=\"async\" src=\"http:\/\/imediata.org\/wp-content\/uploads\/2013\/06\/sp-nao-muda-150x150.jpg\" alt=\"\" title=\"sp-nao-muda-150x150\" width=\"150\" height=\"150\" class=\"alignright size-full wp-image-3960\" \/><\/a><br \/>\n<\/br><br \/>\n<a href=\"http:\/\/imediata.org\/wp-content\/uploads\/2013\/06\/BM6157bCcAAqzJA.jpg-large.jpeg\"><img loading=\"lazy\" decoding=\"async\" src=\"http:\/\/imediata.org\/wp-content\/uploads\/2013\/06\/BM6157bCcAAqzJA.jpg-large.jpeg\" alt=\"\" title=\"BM6157bCcAAqzJA.jpg-large\" width=\"620\" height=\"465\" class=\"alignright size-full wp-image-3961\" srcset=\"https:\/\/imediata.org\/wp-content\/uploads\/2013\/06\/BM6157bCcAAqzJA.jpg-large.jpeg 620w, https:\/\/imediata.org\/wp-content\/uploads\/2013\/06\/BM6157bCcAAqzJA.jpg-large-300x225.jpg 300w\" sizes=\"auto, (max-width: 620px) 100vw, 620px\" \/><\/a><br \/>\n<\/br><br \/>\n<a href=\"http:\/\/imediata.org\/wp-content\/uploads\/2013\/06\/1014817_677423812272684_1930994966_o2.jpg\"><img loading=\"lazy\" decoding=\"async\" src=\"http:\/\/imediata.org\/wp-content\/uploads\/2013\/06\/1014817_677423812272684_1930994966_o2-243x300.jpg\" alt=\"\" title=\"1014817_677423812272684_1930994966_o\" width=\"243\" height=\"300\" class=\"alignright size-medium wp-image-3979\" srcset=\"https:\/\/imediata.org\/wp-content\/uploads\/2013\/06\/1014817_677423812272684_1930994966_o2-243x300.jpg 243w, https:\/\/imediata.org\/wp-content\/uploads\/2013\/06\/1014817_677423812272684_1930994966_o2-831x1024.jpg 831w, https:\/\/imediata.org\/wp-content\/uploads\/2013\/06\/1014817_677423812272684_1930994966_o2.jpg 900w\" sizes=\"auto, (max-width: 243px) 100vw, 243px\" \/><\/a><br \/>\n<strong>&#8220;N\u00e3o vim pra brincar. Vim pra manifestar.&#8221; Cartaz de uma senhora de 82 anos.<\/strong><br \/>\n<\/br><br \/>\n<a href=\"http:\/\/imediata.org\/wp-content\/uploads\/2013\/06\/BNFHVKuCAAM2Mqy.jpg-large1.jpeg\"><img loading=\"lazy\" decoding=\"async\" src=\"http:\/\/imediata.org\/wp-content\/uploads\/2013\/06\/BNFHVKuCAAM2Mqy.jpg-large1-224x300.jpg\" alt=\"\" title=\"BNFHVKuCAAM2Mqy.jpg-large\" width=\"224\" height=\"300\" class=\"alignright size-medium wp-image-3996\" srcset=\"https:\/\/imediata.org\/wp-content\/uploads\/2013\/06\/BNFHVKuCAAM2Mqy.jpg-large1-224x300.jpg 224w, https:\/\/imediata.org\/wp-content\/uploads\/2013\/06\/BNFHVKuCAAM2Mqy.jpg-large1-767x1024.jpg 767w, https:\/\/imediata.org\/wp-content\/uploads\/2013\/06\/BNFHVKuCAAM2Mqy.jpg-large1.jpeg 1023w\" sizes=\"auto, (max-width: 224px) 100vw, 224px\" \/><\/a><br \/>\n<strong>Nunca \u00e9 cedo demais para se manifestar!<\/strong><br \/>\n<\/br><br \/>\n<a href=\"http:\/\/imediata.org\/wp-content\/uploads\/2013\/06\/Screen-Shot-2013-06-17-at-2.48.42-PM.png\"><img loading=\"lazy\" decoding=\"async\" src=\"http:\/\/imediata.org\/wp-content\/uploads\/2013\/06\/Screen-Shot-2013-06-17-at-2.48.42-PM.png\" alt=\"\" title=\"Screen-Shot-2013-06-17-at-2.48.42-PM\" width=\"506\" height=\"453\" class=\"alignright size-full wp-image-4001\" srcset=\"https:\/\/imediata.org\/wp-content\/uploads\/2013\/06\/Screen-Shot-2013-06-17-at-2.48.42-PM.png 506w, https:\/\/imediata.org\/wp-content\/uploads\/2013\/06\/Screen-Shot-2013-06-17-at-2.48.42-PM-300x268.png 300w\" sizes=\"auto, (max-width: 506px) 100vw, 506px\" \/><\/a><br \/>\n<\/br><br \/>\n<a href=\"http:\/\/imediata.org\/wp-content\/uploads\/2013\/06\/BNE7jR5CUAA3reg.jpg-large.jpeg\"><img loading=\"lazy\" decoding=\"async\" src=\"http:\/\/imediata.org\/wp-content\/uploads\/2013\/06\/BNE7jR5CUAA3reg.jpg-large.jpeg\" alt=\"\" title=\"BNE7jR5CUAA3reg.jpg-large\" width=\"910\" height=\"580\" class=\"alignright size-full wp-image-4002\" srcset=\"https:\/\/imediata.org\/wp-content\/uploads\/2013\/06\/BNE7jR5CUAA3reg.jpg-large.jpeg 910w, https:\/\/imediata.org\/wp-content\/uploads\/2013\/06\/BNE7jR5CUAA3reg.jpg-large-300x191.jpg 300w\" sizes=\"auto, (max-width: 910px) 100vw, 910px\" \/><\/a><br \/>\n<\/br><br \/>\n<a href=\"http:\/\/imediata.org\/wp-content\/uploads\/2013\/06\/9300c3ea482bb1cb35bb91a9dbf70e4c.jpg\"><img loading=\"lazy\" decoding=\"async\" src=\"http:\/\/imediata.org\/wp-content\/uploads\/2013\/06\/9300c3ea482bb1cb35bb91a9dbf70e4c.jpg\" alt=\"\" title=\"9300c3ea482bb1cb35bb91a9dbf70e4c\" width=\"800\" height=\"600\" class=\"alignright size-full wp-image-4006\" srcset=\"https:\/\/imediata.org\/wp-content\/uploads\/2013\/06\/9300c3ea482bb1cb35bb91a9dbf70e4c.jpg 800w, https:\/\/imediata.org\/wp-content\/uploads\/2013\/06\/9300c3ea482bb1cb35bb91a9dbf70e4c-300x225.jpg 300w\" sizes=\"auto, (max-width: 800px) 100vw, 800px\" \/><\/a><br \/>\n<strong>Avenida Paulista, S\u00e3o Paulo, 18 de junho de 2013 &#8211; foto de Andr\u00e9 Elias<\/strong><br \/>\n<\/br><br \/>\n<strong>Veja imagens a\u00e9reas de protesto em SP<\/strong><br \/>\n<iframe loading=\"lazy\" title=\"Veja imagens a\u00e9reas de protesto em SP\" width=\"640\" height=\"360\" src=\"https:\/\/www.youtube.com\/embed\/LZuvwDgzj_M?feature=oembed\" frameborder=\"0\" allow=\"accelerometer; autoplay; clipboard-write; encrypted-media; gyroscope; picture-in-picture; web-share\" referrerpolicy=\"strict-origin-when-cross-origin\" allowfullscreen><\/iframe><br \/>\n<\/br><br \/>\n<strong>No Olho Do Furac\u00e3o (In the Eye Of The Storm)<\/strong><br \/>\n<iframe loading=\"lazy\" title=\"No Olho Do Furac\u00e3o (In The Eye Of The Storm)\" width=\"640\" height=\"360\" src=\"https:\/\/www.youtube.com\/embed\/zEXea3fsz80?feature=oembed\" frameborder=\"0\" allow=\"accelerometer; autoplay; clipboard-write; encrypted-media; gyroscope; picture-in-picture; web-share\" referrerpolicy=\"strict-origin-when-cross-origin\" allowfullscreen><\/iframe><br \/>\n<\/br><br \/>\n<strong>RJ: Flagrante de PMs sendo encurralados pela f\u00faria de milhares de manifesta \u2013 do A Nova Democracia<\/strong><br \/>\n<iframe loading=\"lazy\" title=\"RJ: Flagrante de PMs sendo encurralados pela f\u00faria de milhares de manifestantes no Rio (17\/06\/2013)\" width=\"640\" height=\"360\" src=\"https:\/\/www.youtube.com\/embed\/A2D_9oN7y-M?feature=oembed\" frameborder=\"0\" allow=\"accelerometer; autoplay; clipboard-write; encrypted-media; gyroscope; picture-in-picture; web-share\" referrerpolicy=\"strict-origin-when-cross-origin\" allowfullscreen><\/iframe><br \/>\n<\/br><br \/>\n<a href=\"http:\/\/imediata.org\/wp-content\/uploads\/2013\/06\/BNADf-aCAAAJS9i.jpg-large.jpeg\"><img loading=\"lazy\" decoding=\"async\" src=\"http:\/\/imediata.org\/wp-content\/uploads\/2013\/06\/BNADf-aCAAAJS9i.jpg-large.jpeg\" alt=\"\" title=\"BNADf-aCAAAJS9i.jpg-large\" width=\"935\" height=\"556\" class=\"alignright size-full wp-image-3964\" srcset=\"https:\/\/imediata.org\/wp-content\/uploads\/2013\/06\/BNADf-aCAAAJS9i.jpg-large.jpeg 935w, https:\/\/imediata.org\/wp-content\/uploads\/2013\/06\/BNADf-aCAAAJS9i.jpg-large-300x178.jpg 300w\" sizes=\"auto, (max-width: 935px) 100vw, 935px\" \/><\/a><br \/>\n<strong>Rio de Janeiro<\/strong><br \/>\n<\/br><br \/>\n<a href=\"http:\/\/imediata.org\/wp-content\/uploads\/2013\/06\/BM_UOQACMAAw03s.jpg-large.jpeg\"><img loading=\"lazy\" decoding=\"async\" src=\"http:\/\/imediata.org\/wp-content\/uploads\/2013\/06\/BM_UOQACMAAw03s.jpg-large.jpeg\" alt=\"\" title=\"BM_UOQACMAAw03s.jpg-large\" width=\"600\" height=\"400\" class=\"alignright size-full wp-image-3965\" srcset=\"https:\/\/imediata.org\/wp-content\/uploads\/2013\/06\/BM_UOQACMAAw03s.jpg-large.jpeg 600w, https:\/\/imediata.org\/wp-content\/uploads\/2013\/06\/BM_UOQACMAAw03s.jpg-large-300x200.jpg 300w\" sizes=\"auto, (max-width: 600px) 100vw, 600px\" \/><\/a><br \/>\n<strong>S\u00e3o Paulo<\/strong><br \/>\n<\/br><br \/>\n<a href=\"http:\/\/imediata.org\/wp-content\/uploads\/2013\/06\/988533_10151443966517283_1782907049_n.jpg\"><img loading=\"lazy\" decoding=\"async\" src=\"http:\/\/imediata.org\/wp-content\/uploads\/2013\/06\/988533_10151443966517283_1782907049_n.jpg\" alt=\"\" title=\"988533_10151443966517283_1782907049_n\" width=\"448\" height=\"800\" class=\"alignright size-full wp-image-3968\" srcset=\"https:\/\/imediata.org\/wp-content\/uploads\/2013\/06\/988533_10151443966517283_1782907049_n.jpg 448w, https:\/\/imediata.org\/wp-content\/uploads\/2013\/06\/988533_10151443966517283_1782907049_n-168x300.jpg 168w\" sizes=\"auto, (max-width: 448px) 100vw, 448px\" \/><\/a><br \/>\n<strong>Rio de Janeiro, Avenida Rio Branco<\/strong><br \/>\n<\/br><br \/>\n<a href=\"http:\/\/imediata.org\/wp-content\/uploads\/2013\/06\/5878_309755105826863_1400653140_n.jpg\"><img loading=\"lazy\" decoding=\"async\" src=\"http:\/\/imediata.org\/wp-content\/uploads\/2013\/06\/5878_309755105826863_1400653140_n.jpg\" alt=\"\" title=\"5878_309755105826863_1400653140_n\" width=\"612\" height=\"612\" class=\"alignright size-full wp-image-3969\" srcset=\"https:\/\/imediata.org\/wp-content\/uploads\/2013\/06\/5878_309755105826863_1400653140_n.jpg 612w, https:\/\/imediata.org\/wp-content\/uploads\/2013\/06\/5878_309755105826863_1400653140_n-150x150.jpg 150w, https:\/\/imediata.org\/wp-content\/uploads\/2013\/06\/5878_309755105826863_1400653140_n-300x300.jpg 300w\" sizes=\"auto, (max-width: 612px) 100vw, 612px\" \/><\/a><br \/>\n<strong>S\u00e3o Paulo, Avenida Faria Lima<\/strong><br \/>\n<\/br><br \/>\n<a href=\"http:\/\/imediata.org\/wp-content\/uploads\/2013\/06\/get-attachment.aspx_1.jpeg\"><img loading=\"lazy\" decoding=\"async\" src=\"http:\/\/imediata.org\/wp-content\/uploads\/2013\/06\/get-attachment.aspx_1-1024x768.jpg\" alt=\"\" title=\"get-attachment.aspx\" width=\"1024\" height=\"768\" class=\"alignright size-large wp-image-3975\" srcset=\"https:\/\/imediata.org\/wp-content\/uploads\/2013\/06\/get-attachment.aspx_1-1024x768.jpg 1024w, https:\/\/imediata.org\/wp-content\/uploads\/2013\/06\/get-attachment.aspx_1-300x225.jpg 300w, https:\/\/imediata.org\/wp-content\/uploads\/2013\/06\/get-attachment.aspx_1.jpeg 1280w\" sizes=\"auto, (max-width: 1024px) 100vw, 1024px\" \/><\/a><br \/>\n<strong>Rio de Janeiro &#8211; Centro &#8211; foto de Marco Ant\u00f4nio Cavalcanti<\/strong><br \/>\n<\/br><br \/>\n<strong>Sao Paulo ahora mismo.<br \/>\nEl pueblo de Brasil en pie de guerra contra los abusos del sistema capitalista<\/strong><br \/>\n<a href=\"http:\/\/imediata.org\/wp-content\/uploads\/2013\/06\/BM_he9cCMAA6H_i.jpg-large.jpeg\"><img loading=\"lazy\" decoding=\"async\" src=\"http:\/\/imediata.org\/wp-content\/uploads\/2013\/06\/BM_he9cCMAA6H_i.jpg-large.jpeg\" alt=\"\" title=\"BM_he9cCMAA6H_i.jpg-large\" width=\"900\" height=\"600\" class=\"alignright size-full wp-image-3966\" srcset=\"https:\/\/imediata.org\/wp-content\/uploads\/2013\/06\/BM_he9cCMAA6H_i.jpg-large.jpeg 900w, https:\/\/imediata.org\/wp-content\/uploads\/2013\/06\/BM_he9cCMAA6H_i.jpg-large-300x200.jpg 300w\" sizes=\"auto, (max-width: 900px) 100vw, 900px\" \/><\/a><br \/>\n<strong>A\u00e7\u00e3o da pol\u00edcia reflete viol\u00eancia inerente \u00e0 estrutura social brasileira, dizem especialistas &#8211; Carta Capital<\/strong><br \/>\n<a href=\"http:\/\/www.cartacapital.com.br\/sociedade\/acao-da-policia-reflete-violencia-inerente-a-estrutura-social-brasileira-dizem-especialistas-8589.html\">http:\/\/www.cartacapital.com.br\/sociedade\/acao-da-policia-reflete-violencia-inerente-a-estrutura-social-brasileira-dizem-especialistas-8589.html<\/a><br \/>\n<\/br><br \/>\n<strong>F\u00e1tima Oliveira: \u00c9 burrice pol\u00edtica n\u00e3o sentir o pulsar das ruas &#8211; Viomundo<\/strong><br \/>\n<a href=\"http:\/\/www.viomundo.com.br\/politica\/fatima-oliveira-a-esquerda-e-burrice-politica-nao-sentir-o-pulsar-das-ruas.html\">http:\/\/www.viomundo.com.br\/politica\/fatima-oliveira-a-esquerda-e-burrice-politica-nao-sentir-o-pulsar-das-ruas.html<\/a><br \/>\n<\/br><br \/>\n<strong>Galeria de Fotos &#8211; via <a href=\"http:\/\/www.brasildefato.com.br\/\">Brasil de Fato<\/a>:<\/strong><br \/>\n<a href=\"http:\/\/www.flickr.com\/photos\/55449636@N07\/sets\/72157634196085547\/with\/9078990428\/\">http:\/\/www.flickr.com\/photos\/55449636@N07\/sets\/72157634196085547\/with\/9078990428\/<\/a><br \/>\n<\/br><br \/>\n<strong>Galeria de fotos &#8211; Protesto contra aumento das passagens toma as ruas do Pa\u00eds &#8211; <a href=\"http:\/\/www.terra.com.br\/portal\/\">Terra.com.br<\/a><\/strong><br \/>\n<a href=\"http:\/\/noticias.terra.com.br\/brasil\/cidades\/protesto-contra-aumento-das-passagens-toma-as-ruas-do-pais-veja-fotos,4215e9561cb1f310VgnVCM20000099cceb0aRCRD.html\">http:\/\/noticias.terra.com.br\/brasil\/cidades\/protesto-contra-aumento-das-passagens-toma-as-ruas-do-pais-veja-fotos,4215e9561cb1f310VgnVCM20000099cceb0aRCRD.html<\/a><br \/>\n<\/br><br \/>\n<strong>No pa\u00eds do futebol, a goleada dos protestos<br \/>\nPor Alberto Dines<\/strong><br \/>\n<a href=\"http:\/\/www.observatoriodaimprensa.com.br\/news\/view\/no_pais_do_futebol_a_goleada_dos_protestos\">http:\/\/www.observatoriodaimprensa.com.br\/news\/view\/no_pais_do_futebol_a_goleada_dos_protestos<\/a><br \/>\n<\/br><br \/>\n<a href=\"http:\/\/imediata.org\/wp-content\/uploads\/2013\/06\/BNEZFo4CMAMQFB6.jpg-large.jpeg\"><img loading=\"lazy\" decoding=\"async\" src=\"http:\/\/imediata.org\/wp-content\/uploads\/2013\/06\/BNEZFo4CMAMQFB6.jpg-large-300x300.jpg\" alt=\"\" title=\"BNEZFo4CMAMQFB6.jpg-large\" width=\"300\" height=\"300\" class=\"alignright size-medium wp-image-4004\" srcset=\"https:\/\/imediata.org\/wp-content\/uploads\/2013\/06\/BNEZFo4CMAMQFB6.jpg-large-300x300.jpg 300w, https:\/\/imediata.org\/wp-content\/uploads\/2013\/06\/BNEZFo4CMAMQFB6.jpg-large-150x150.jpg 150w, https:\/\/imediata.org\/wp-content\/uploads\/2013\/06\/BNEZFo4CMAMQFB6.jpg-large.jpeg 612w\" sizes=\"auto, (max-width: 300px) 100vw, 300px\" \/><\/a><br \/>\n<strong>Bras\u00edlia, Congresso Nacional<\/strong><br \/>\n<\/br><br \/>\n<strong>O Pal\u00e1cio, seu ocupante e uma certa palavra povo<br \/>\nDos simbolismos produzidos pelos protestos em S\u00e3o Paulo, a manifesta\u00e7\u00e3o diante do Pal\u00e1cio dos Bandeirantes talvez seja um dos mais fortes<br \/>\nPor Glauco Faria<\/strong><br \/>\n<a href=\"http:\/\/revistaforum.com.br\/blog\/2013\/06\/o-palacio-seu-ocupante-e-uma-certa-palavra-povo\/\">http:\/\/revistaforum.com.br\/blog\/2013\/06\/o-palacio-seu-ocupante-e-uma-certa-palavra-povo\/<\/a><br \/>\n<\/br><br \/>\n<strong>MPL: \u201cN\u00e3o vamos permitir que parasitem a nossa pauta\u201d<br \/>\nPara Luiza Mandetta, lideran\u00e7a do Movimento Passe Livre, objetivo \u00e9 reverter a l\u00f3gica que trata o transporte como produto<br \/>\nPor Igor Carvalho<\/strong><br \/>\n<a href=\"http:\/\/revistaforum.com.br\/blog\/2013\/06\/exlusivo-mpl-nao-vamos-permitir-que-parasitem-na-nossa-pauta\/\">http:\/\/revistaforum.com.br\/blog\/2013\/06\/exlusivo-mpl-nao-vamos-permitir-que-parasitem-na-nossa-pauta\/<\/a><br \/>\n<\/br><br \/>\n<strong>Nina e Lucas na pol\u00edtica<br \/>\nPor Mauro Malin<\/strong><br \/>\n<a href=\"http:\/\/www.observatoriodaimprensa.com.br\/news\/view\/nina_e_lucas_na_politica\">http:\/\/www.observatoriodaimprensa.com.br\/news\/view\/nina_e_lucas_na_politica<\/a><br \/>\n<\/br><br \/>\n<strong>&#8216;The People Have Awakened&#8217;: Hundreds of Thousands of Brazilians Rise Up Against the System<br \/>\nReports of police firing live rounds, close-range pepper spray, and tear gas to disperse the swelling crowds<br \/>\nLauren McCauley, staff writer<\/strong><br \/>\n<a href=\"http:\/\/www.commondreams.org\/headline\/2013\/06\/18-5\">http:\/\/www.commondreams.org\/headline\/2013\/06\/18-5<\/a><br \/>\n<\/br><br \/>\n<strong>La rivolta in Brasile, una sfida &#8220;mondiale&#8221;<br \/>\nScritto da Dafne Melo e Silvia Adoue, tratto da marcha.org.ar<\/strong><br \/>\n<a href=\"http:\/\/www.dinamopress.it\/news\/la-rivolta-in-brasile-una-sfida-mondiale\">http:\/\/www.dinamopress.it\/news\/la-rivolta-in-brasile-una-sfida-mondiale<\/a><br \/>\n<\/br><br \/>\n<strong>No, Brazilian riots are not an \u201coverreaction\u201d to fare hikes<br \/>\nNew York Magazine&#8217;s Daily Intel grossly misses context of fighting back against neoliberal hegemony<br \/>\nBY NATASHA LENNARD<\/strong><br \/>\n<a href=\"http:\/\/www.salon.com\/2013\/06\/18\/no_brazilian_riots_are_not_an_overreaction_to_fare_hikes\/\">http:\/\/www.salon.com\/2013\/06\/18\/no_brazilian_riots_are_not_an_overreaction_to_fare_hikes\/<\/a><br \/>\n<\/br><br \/>\n<strong>Bitaites.org &#8211; Galeria de Fotos<\/strong><br \/>\n<a href=\"http:\/\/www.bitaites.org\/\">http:\/\/www.bitaites.org\/<\/a><br \/>\n<\/br><br \/>\n<strong>Internationalriot &#8211; Galeria de Fotos<\/strong><br \/>\n<a href=\"https:\/\/www.facebook.com\/internationalriot\">https:\/\/www.facebook.com\/internationalriot<\/a><br \/>\n<\/br><br \/>\n<strong>Reuters &#8211; Gallery: Rage in Brazil<\/strong><br \/>\n<a href=\"http:\/\/preview.reuters.com\/2013\/6\/18\/gallery-rage-in-brazil\">http:\/\/preview.reuters.com\/2013\/6\/18\/gallery-rage-in-brazil<\/a><br \/>\n<\/br><br \/>\n<strong>New York Times<\/strong><br \/>\n<a href=\"http:\/\/www.nytimes.com\/2013\/06\/18\/world\/americas\/thousands-gather-for-protests-in-brazils-largest-cities.html?_r=0\">http:\/\/www.nytimes.com\/2013\/06\/18\/world\/americas\/thousands-gather-for-protests-in-brazils-largest-cities.html?_r=0<\/a><br \/>\n<\/br><br \/>\n<strong>Lostart<\/strong><br \/>\n<a href=\"http:\/\/www.lost.art.br\/protesto_sp_130611.htm\">http:\/\/www.lost.art.br\/protesto_sp_130611.htm<\/a><br \/>\n<\/br><br \/>\n<strong>Galeria de imagens: ryotnews<\/strong><br \/>\n<a href=\"http:\/\/www.ryot.org\/brazilians-take-to-social-media-to-share-pics-of-their-protests\/216777\">http:\/\/www.ryot.org\/brazilians-take-to-social-media-to-share-pics-of-their-protests\/216777<\/a><br \/>\n<\/br><br \/>\n<strong>Brazil: Biggest display of dissent in decades hits Sao Paulo<\/strong><br \/>\nhttp:\/\/youtu.be\/nwAeG8lEhFw<br \/>\n<\/br><br \/>\n&#8220;N\u00e3o podemos nos alinhar aos Datenas, Jabores e Pond\u00e9s&#8221;<br \/>\n<a href=\"http:\/\/saraiva13.blogspot.com\/2013\/06\/nao-podemos-nos-alinhar-aos-datenas_18.html?utm_source=twitterfeed&#038;utm_medium=twitter\">http:\/\/saraiva13.blogspot.com\/2013\/06\/nao-podemos-nos-alinhar-aos-datenas_18.html?utm_source=twitterfeed&#038;utm_medium=twitter<\/a><br \/>\n<\/br><br \/>\n<strong>Brasileiros de 25 cidades do mundo realizam atos de solidariedade aos protestos<br \/>\nAo todo, 50 cidades de quatro continentes j\u00e1 realizaram ou programam manifesta\u00e7\u00f5es<\/strong><br \/>\n<a href=\"http:\/\/oglobo.globo.com\/pais\/brasileiros-de-25-cidades-do-mundo-realizam-atos-de-solidariedade-aos-protestos-8736144\">http:\/\/oglobo.globo.com\/pais\/brasileiros-de-25-cidades-do-mundo-realizam-atos-de-solidariedade-aos-protestos-8736144<\/a><br \/>\n<\/br><br \/>\n<strong>Protestos no Maracan\u00e3: &#8220;Da Copa eu abro m\u00e3o, eu quero mais dinheiro para a sa\u00fade e a educa\u00e7\u00e3o&#8221;<\/strong><br \/>\n<a href=\"http:\/\/www.ihu.unisinos.br\/noticias\/521080-protestos-contra-a-copa-do-mundo-no-maracana-qda-copa-eu-abro-mao-eu-quero-mais-dinheiro-para-a-saude-e-a-educacaoq\">http:\/\/www.ihu.unisinos.br\/noticias\/521080-protestos-contra-a-copa-do-mundo-no-maracana-qda-copa-eu-abro-mao-eu-quero-mais-dinheiro-para-a-saude-e-a-educacaoq<\/a><br \/>\n<\/br><br \/>\n<strong>PM SENTA NO CH\u00c3O EM RESPEITO A MANIFESTA\u00c7\u00c3O PROTESTO SP 170<\/strong><br \/>\nhttp:\/\/youtu.be\/yuCqmuu_Bxc<br \/>\n<\/br\n<strong>No, I&#8217;m not going to the world cup.<\/strong><br \/>\n<iframe loading=\"lazy\" title=\"No, I&#039;m not going to the world cup.\" width=\"640\" height=\"360\" src=\"https:\/\/www.youtube.com\/embed\/ZApBgNQgKPU?feature=oembed\" frameborder=\"0\" allow=\"accelerometer; autoplay; clipboard-write; encrypted-media; gyroscope; picture-in-picture; web-share\" referrerpolicy=\"strict-origin-when-cross-origin\" allowfullscreen><\/iframe><br \/>\n<\/br><br \/>\n<strong>Olhar po\u00e9tico<br \/>\nPor Andr\u00e9 Vallias<\/strong><br \/>\n<\/br><br \/>\n<strong>Fonte: <\/strong> <a href=\"http:\/\/www.observatoriodaimprensa.com.br\/news\/view\/_ed751_olhar_poetico\">http:\/\/www.observatoriodaimprensa.com.br\/news\/view\/_ed751_olhar_poetico<\/a><br \/>\n<\/br><br \/>\n<strong>V\u00c2NDALOS apenas n\u00e3o!<br \/>\nnosso especialista em<br \/>\npovos b\u00e1rbaros tamb\u00e9m<br \/>\nviu na manifesta\u00e7\u00e3o<br \/>\n<\/br><br \/>\nelementos (e at\u00e9 bandos)<br \/>\ndas mais t\u00e9tricas na\u00e7\u00f5es:<br \/>\nhunos, h\u00e9rulos, bret\u00f5es,<br \/>\ncaled\u00f4nios e normandos;<br \/>\n<\/br><br \/>\nquados, g\u00e9pidas, asdingos,<br \/>\nmagiares, alamanos,<br \/>\nostrogodos, marcomanos,<br \/>\nsuevos, b\u00e1varos, silingos,<br \/>\n <\/br><br \/>\ntrinovantes, ebur\u00f5es,<br \/>\n\u00e9duos, brigantinos, br\u00e1caros,<br \/>\njutos, pictos, r\u00fagios, \u00e1varos,<br \/>\nfr\u00edsios, s\u00e1lios e teut\u00f5es \u2013<br \/>\n<\/br><br \/>\ntodos, protestando ali<br \/>\ncontra o aumento do transporte<br \/>\ncoletivo, gritam forte,<br \/>\nnum infrene frenesi:<br \/>\n<\/br><br \/>\n\u201cse a tarifa n\u00e3o baixar,<br \/>\na cidade vai parar!\u201d<br \/>\n***<br \/>\nAndr\u00e9 Vallias \u00e9 poeta e webdesigner<br \/>\nTwitter de Andre Vallias ?em 18 de junho de 2013:<br \/>\nCansou dos R$ 0,20? Que tal agora parar o pa\u00eds pelos mais de R$ 20 bilh\u00f5es da usina Belo Monstro?<br \/>\n<\/strong><br \/>\n<\/br><br \/>\n<a href=\"http:\/\/imediata.org\/wp-content\/uploads\/2013\/06\/BNDBCIvCcAA5MZ8.jpg-large.jpeg\"><img loading=\"lazy\" decoding=\"async\" src=\"http:\/\/imediata.org\/wp-content\/uploads\/2013\/06\/BNDBCIvCcAA5MZ8.jpg-large-300x225.jpg\" alt=\"\" title=\"BNDBCIvCcAA5MZ8.jpg-large\" width=\"300\" height=\"225\" class=\"alignright size-medium wp-image-3981\" srcset=\"https:\/\/imediata.org\/wp-content\/uploads\/2013\/06\/BNDBCIvCcAA5MZ8.jpg-large-300x225.jpg 300w, https:\/\/imediata.org\/wp-content\/uploads\/2013\/06\/BNDBCIvCcAA5MZ8.jpg-large.jpeg 960w\" sizes=\"auto, (max-width: 300px) 100vw, 300px\" \/><\/a><br \/>\n<\/br><br \/>\n<a href=\"http:\/\/imediata.org\/wp-content\/uploads\/2013\/06\/BM-sU3PCcAAkWzy.jpg-large1.jpeg\"><img loading=\"lazy\" decoding=\"async\" src=\"http:\/\/imediata.org\/wp-content\/uploads\/2013\/06\/BM-sU3PCcAAkWzy.jpg-large1.jpeg\" alt=\"\" title=\"BM-sU3PCcAAkWzy.jpg-large\" width=\"960\" height=\"514\" class=\"alignright size-full wp-image-3984\" srcset=\"https:\/\/imediata.org\/wp-content\/uploads\/2013\/06\/BM-sU3PCcAAkWzy.jpg-large1.jpeg 960w, https:\/\/imediata.org\/wp-content\/uploads\/2013\/06\/BM-sU3PCcAAkWzy.jpg-large1-300x160.jpg 300w\" sizes=\"auto, (max-width: 960px) 100vw, 960px\" \/><\/a><br \/>\n<strong>Solidariedade com Istambul, Turquia e o mundo todo que tamb\u00e9m se levanta<\/strong><\/p>\n<p><\/br><\/p>\n<p><\/br><\/p>\n","protected":false},"excerpt":{"rendered":"<p>Brasil se levanta \u2013 Tsunami humano para chacoalhar o limoeiro e reencontrar o pr\u00f3prio eixo: n\u00f3s somos aqueles por quem est\u00e1vamos esperando &#8220;Desculpe o transtorno. Estamos mudando o pa\u00eds.&#8221; &#8220;Nao tem policia, nao tem viol\u00eancia \/ que coincid\u00eancia&#8221; &#8220;N\u00e3o vim pra brincar. Vim pra manifestar.&#8221; Cartaz de uma senhora de 82 anos. Nunca \u00e9 cedo [&hellip;]<\/p>\n","protected":false},"author":1,"featured_media":0,"comment_status":"open","ping_status":"open","sticky":false,"template":"","format":"standard","meta":{"footnotes":""},"categories":[81,9],"tags":[],"class_list":["post-3959","post","type-post","status-publish","format-standard","hentry","category-imediartivismo","category-lance-de-dados"],"_links":{"self":[{"href":"https:\/\/imediata.org\/index.php?rest_route=\/wp\/v2\/posts\/3959","targetHints":{"allow":["GET"]}}],"collection":[{"href":"https:\/\/imediata.org\/index.php?rest_route=\/wp\/v2\/posts"}],"about":[{"href":"https:\/\/imediata.org\/index.php?rest_route=\/wp\/v2\/types\/post"}],"author":[{"embeddable":true,"href":"https:\/\/imediata.org\/index.php?rest_route=\/wp\/v2\/users\/1"}],"replies":[{"embeddable":true,"href":"https:\/\/imediata.org\/index.php?rest_route=%2Fwp%2Fv2%2Fcomments&post=3959"}],"version-history":[{"count":28,"href":"https:\/\/imediata.org\/index.php?rest_route=\/wp\/v2\/posts\/3959\/revisions"}],"predecessor-version":[{"id":4010,"href":"https:\/\/imediata.org\/index.php?rest_route=\/wp\/v2\/posts\/3959\/revisions\/4010"}],"wp:attachment":[{"href":"https:\/\/imediata.org\/index.php?rest_route=%2Fwp%2Fv2%2Fmedia&parent=3959"}],"wp:term":[{"taxonomy":"category","embeddable":true,"href":"https:\/\/imediata.org\/index.php?rest_route=%2Fwp%2Fv2%2Fcategories&post=3959"},{"taxonomy":"post_tag","embeddable":true,"href":"https:\/\/imediata.org\/index.php?rest_route=%2Fwp%2Fv2%2Ftags&post=3959"}],"curies":[{"name":"wp","href":"https:\/\/api.w.org\/{rel}","templated":true}]}}