{"id":3947,"date":"2013-06-17T15:09:03","date_gmt":"2013-06-17T15:09:03","guid":{"rendered":"http:\/\/imediata.org\/?p=3947"},"modified":"2013-06-19T02:47:01","modified_gmt":"2013-06-19T02:47:01","slug":"nossa-querida-elza-soares-puxando-o-ponto-em-apoio-as-manifestacoes","status":"publish","type":"post","link":"https:\/\/imediata.org\/?p=3947","title":{"rendered":">> Nossa querida Elza Soares puxando o ponto em apoio \u00e0s manifesta\u00e7\u00f5es"},"content":{"rendered":"<p><\/br><br \/>\n<strong>Nossa querida Elza Soares puxando o ponto em apoio \u00e0s manifesta\u00e7\u00f5es<br \/>\n<\/br><br \/>\nElza Soares em apoio as manifesta\u00e7\u00f5es<br \/>\n<iframe loading=\"lazy\" title=\"Elza Soares em apoio as manifesta\u00e7\u00f5es\" width=\"640\" height=\"360\" src=\"https:\/\/www.youtube.com\/embed\/E4Jy0F5UPJ0?feature=oembed\" frameborder=\"0\" allow=\"accelerometer; autoplay; clipboard-write; encrypted-media; gyroscope; picture-in-picture; web-share\" referrerpolicy=\"strict-origin-when-cross-origin\" allowfullscreen><\/iframe><br \/>\n<\/br><br \/>\nEm show realizado no dia 15\/06\/2013 em Ribeir\u00e3o Preto, durante a 13\u00aa Feira do Livro, Elza d\u00e1 apoio \u00e0s manifesta\u00e7\u00f5es e canta a m\u00fasica &#8220;Opini\u00e3o&#8221; com a frase: &#8220;20 centavos, eu n\u00e3o pago n\u00e3o!&#8221;<\/strong><br \/>\n<\/br><br \/>\n<strong>E quem poderia se esquecer dela Cantando o Hino Nacional, na abertura dos Jogos Panamericanos de 2007?<\/p>\n<p>Abertura com o Hino Nacional na voz de Elza Soares Pan 2007<\/strong><br \/>\n<iframe loading=\"lazy\" title=\"Abertura com o Hino Nacional na voz de Elza Soares Pan 2007\" width=\"640\" height=\"480\" src=\"https:\/\/www.youtube.com\/embed\/dMIc2Tze5lk?feature=oembed\" frameborder=\"0\" allow=\"accelerometer; autoplay; clipboard-write; encrypted-media; gyroscope; picture-in-picture; web-share\" referrerpolicy=\"strict-origin-when-cross-origin\" allowfullscreen><\/iframe><\/p>\n","protected":false},"excerpt":{"rendered":"<p>Nossa querida Elza Soares puxando o ponto em apoio \u00e0s manifesta\u00e7\u00f5es Elza Soares em apoio as manifesta\u00e7\u00f5es Em show realizado no dia 15\/06\/2013 em Ribeir\u00e3o Preto, durante a 13\u00aa Feira do Livro, Elza d\u00e1 apoio \u00e0s manifesta\u00e7\u00f5es e canta a m\u00fasica &#8220;Opini\u00e3o&#8221; com a frase: &#8220;20 centavos, eu n\u00e3o pago n\u00e3o!&#8221; E quem poderia se [&hellip;]<\/p>\n","protected":false},"author":1,"featured_media":0,"comment_status":"open","ping_status":"open","sticky":false,"template":"","format":"standard","meta":{"footnotes":""},"categories":[81,9],"tags":[2257],"class_list":["post-3947","post","type-post","status-publish","format-standard","hentry","category-imediartivismo","category-lance-de-dados","tag-elza-soares-puxando-o-ponto-em-apoio-as-manifestacoes"],"_links":{"self":[{"href":"https:\/\/imediata.org\/index.php?rest_route=\/wp\/v2\/posts\/3947","targetHints":{"allow":["GET"]}}],"collection":[{"href":"https:\/\/imediata.org\/index.php?rest_route=\/wp\/v2\/posts"}],"about":[{"href":"https:\/\/imediata.org\/index.php?rest_route=\/wp\/v2\/types\/post"}],"author":[{"embeddable":true,"href":"https:\/\/imediata.org\/index.php?rest_route=\/wp\/v2\/users\/1"}],"replies":[{"embeddable":true,"href":"https:\/\/imediata.org\/index.php?rest_route=%2Fwp%2Fv2%2Fcomments&post=3947"}],"version-history":[{"count":5,"href":"https:\/\/imediata.org\/index.php?rest_route=\/wp\/v2\/posts\/3947\/revisions"}],"predecessor-version":[{"id":4008,"href":"https:\/\/imediata.org\/index.php?rest_route=\/wp\/v2\/posts\/3947\/revisions\/4008"}],"wp:attachment":[{"href":"https:\/\/imediata.org\/index.php?rest_route=%2Fwp%2Fv2%2Fmedia&parent=3947"}],"wp:term":[{"taxonomy":"category","embeddable":true,"href":"https:\/\/imediata.org\/index.php?rest_route=%2Fwp%2Fv2%2Fcategories&post=3947"},{"taxonomy":"post_tag","embeddable":true,"href":"https:\/\/imediata.org\/index.php?rest_route=%2Fwp%2Fv2%2Ftags&post=3947"}],"curies":[{"name":"wp","href":"https:\/\/api.w.org\/{rel}","templated":true}]}}