{"id":3925,"date":"2013-06-15T16:46:38","date_gmt":"2013-06-15T16:46:38","guid":{"rendered":"http:\/\/imediata.org\/?p=3925"},"modified":"2013-06-16T02:45:26","modified_gmt":"2013-06-16T02:45:26","slug":"e-maria-sampa-cidade-saiu-da-lata-protestos-em-sao-paulo","status":"publish","type":"post","link":"https:\/\/imediata.org\/?p=3925","title":{"rendered":">> E Maria &#8220;Sampa&#8221; Cidade saiu da lata!!! protestos em S\u00e3o Paulo"},"content":{"rendered":"<p><\/br><br \/>\nE Maria &#8220;Sampa&#8221; saiu da lata!!! protestos em S\u00e3o Paulo<br \/>\n<\/br><br \/>\n<a href=\"http:\/\/imediata.org\/wp-content\/uploads\/2013\/06\/ato_sp_repressao_pm_reprodu\u00e7ao_facebook_mpl.gif\"><img loading=\"lazy\" decoding=\"async\" src=\"http:\/\/imediata.org\/wp-content\/uploads\/2013\/06\/ato_sp_repressao_pm_reprodu\u00e7ao_facebook_mpl.gif\" alt=\"\" title=\"ato_sp_repressao_pm_reprodu\u00e7ao_facebook_mpl\" width=\"660\" height=\"390\" class=\"alignright size-full wp-image-3926\" srcset=\"https:\/\/imediata.org\/wp-content\/uploads\/2013\/06\/ato_sp_repressao_pm_reprodu\u00e7ao_facebook_mpl.gif 660w, https:\/\/imediata.org\/wp-content\/uploads\/2013\/06\/ato_sp_repressao_pm_reprodu\u00e7ao_facebook_mpl-300x177.gif 300w\" sizes=\"auto, (max-width: 660px) 100vw, 660px\" \/><\/a><br \/>\n<\/br><br \/>\n<strong>Quarto grande ato contra o aumento das passagens &#8211; Repress\u00e3o Policial<\/strong><br \/>\n<iframe loading=\"lazy\" title=\"Quarto grande ato contra o aumento das passagens - Repress\u00e3o Policial\" width=\"640\" height=\"360\" src=\"https:\/\/www.youtube.com\/embed\/9paHDUY9XDM?feature=oembed\" frameborder=\"0\" allow=\"accelerometer; autoplay; clipboard-write; encrypted-media; gyroscope; picture-in-picture; web-share\" referrerpolicy=\"strict-origin-when-cross-origin\" allowfullscreen><\/iframe><br \/>\n<\/br><br \/>\n<strong>4\u00ba Protesto MPL &#8211; Viol\u00eancia e brutalidade da PM na Paulista<\/strong><br \/>\n<iframe loading=\"lazy\" title=\"4\u00ba Protesto MPL - Viol\u00eancia e brutalidade da PM na Paulista\" width=\"640\" height=\"360\" src=\"https:\/\/www.youtube.com\/embed\/ifXTX-HDb0o?feature=oembed\" frameborder=\"0\" allow=\"accelerometer; autoplay; clipboard-write; encrypted-media; gyroscope; picture-in-picture; web-share\" referrerpolicy=\"strict-origin-when-cross-origin\" allowfullscreen><\/iframe><br \/>\n<\/br><br \/>\n<strong>Pris\u00e3o de professora com as m\u00e3os ao alto &#8211; ATO CONTRA O AUMENTO 13\/06<\/strong><br \/>\n<iframe loading=\"lazy\" title=\"Pris\u00e3o de professora com as m\u00e3os ao alto - ATO CONTRA O AUMENTO 13\/06\" width=\"640\" height=\"360\" src=\"https:\/\/www.youtube.com\/embed\/ulc1XNGlOnU?feature=oembed\" frameborder=\"0\" allow=\"accelerometer; autoplay; clipboard-write; encrypted-media; gyroscope; picture-in-picture; web-share\" referrerpolicy=\"strict-origin-when-cross-origin\" allowfullscreen><\/iframe><br \/>\n<\/br><br \/>\n<a href=\"http:\/\/imediata.org\/wp-content\/uploads\/2013\/06\/passe-livre-sp_latuff.gif\"><img loading=\"lazy\" decoding=\"async\" src=\"http:\/\/imediata.org\/wp-content\/uploads\/2013\/06\/passe-livre-sp_latuff.gif\" alt=\"\" title=\"passe-livre-sp_latuff\" width=\"480\" height=\"320\" class=\"alignright size-full wp-image-3927\" srcset=\"https:\/\/imediata.org\/wp-content\/uploads\/2013\/06\/passe-livre-sp_latuff.gif 480w, https:\/\/imediata.org\/wp-content\/uploads\/2013\/06\/passe-livre-sp_latuff-300x200.gif 300w\" sizes=\"auto, (max-width: 480px) 100vw, 480px\" \/><\/a><br \/>\n<\/br><br \/>\n<a href=\"http:\/\/imediata.org\/wp-content\/uploads\/2013\/06\/131651150.gif\"><img loading=\"lazy\" decoding=\"async\" src=\"http:\/\/imediata.org\/wp-content\/uploads\/2013\/06\/131651150.gif\" alt=\"\" title=\"131651150\" width=\"970\" height=\"1220\" class=\"alignright size-full wp-image-3928\" srcset=\"https:\/\/imediata.org\/wp-content\/uploads\/2013\/06\/131651150.gif 970w, https:\/\/imediata.org\/wp-content\/uploads\/2013\/06\/131651150-238x300.gif 238w, https:\/\/imediata.org\/wp-content\/uploads\/2013\/06\/131651150-814x1024.gif 814w\" sizes=\"auto, (max-width: 970px) 100vw, 970px\" \/><\/a><br \/>\nda Folha de S\u00e3o Paulo<br \/>\n<\/br><br \/>\n<strong>Ver tamb\u00e9m:<br \/>\nA semana em que uma nuvem de bombas cobriu o c\u00e9u de SP<br \/>\naqui:<\/strong> <a href=\"http:\/\/www.cartamaior.com.br\/templates\/materiaMostrar.cfm?materia_id=22196\">http:\/\/www.cartamaior.com.br\/templates\/materiaMostrar.cfm?materia_id=22196<\/a><br \/>\n<\/br><br \/>\n<strong>Feridos no Protesto de S\u00e3o Paulo:<\/strong><br \/>\n<a href=\"http:\/\/feridosnoprotestosp.tumblr.com\/\">http:\/\/feridosnoprotestosp.tumblr.com\/<\/a><br \/>\n<\/br><br \/>\n<strong>Anatomia do Movimento Passe Livre<\/strong><br \/>\n<\/br><br \/>\n<strong>Por Lincoln Secco.*<br \/>\n<\/br><br \/>\nAs recentes manifesta\u00e7\u00f5es de junho do Movimento Passe Livre (MPL) em S\u00e3o Paulo surpreenderam os donos do poder. Como a justi\u00e7a da causa n\u00e3o podia ser questionada, as armas da cr\u00edtica voltaram-se contra a cr\u00edtica das armas. E sendo assim, perderam.<br \/>\n<\/br><br \/>\nAinda que as armas n\u00e3o fossem armas. Pneus incendiados, lixeiras como barricadas e milhares de pessoas concentradas ainda n\u00e3o podem amea\u00e7ar nenhum grupo estabelecido no andar de cima. Mas podem desmoraliz\u00e1-lo. Diante disso a \u201ccr\u00edtica\u201d dirigiu-se \u00e0 turba, \u00e0 baderna, ao \u201ctr\u00e2nsito\u201d, aos arruaceiros e aos jovens filhos de papai.<br \/>\n<\/br><br \/>\nSem resultados, os cr\u00edticos descobriram os partidos. Assim, pelos jornais \u201csabemos\u201d que certos partidos de \u201cextrema esquerda\u201d dirigiam sorrateiramente o MPL. Nada mais falso. O MPL se organiza horizontalmente, ao lado, acima (por vezes, abaixo) dos partidos pol\u00edticos. N\u00e3o \u00e9, portanto, uma frente de partidos. Decerto h\u00e1 nele militantes de partidos. Nada mais esperado e justificado. Os partidos de esquerda, revolucion\u00e1rios ou n\u00e3o, vivem sempre a expectativa de montar o cavalo j\u00e1 em disparada.<br \/>\n<\/br><br \/>\nEis que a grande imprensa lembrou o vandalismo. \u201cV\u00e2ndalos!\u201d, berravam apresentadores transtornados nos telejornais sensacionalistas. Em movimentos assim, \u00e9 natural que haja a\u00e7\u00f5es erradas, revoltas incontidas e gritos de \u00f3dio. A popula\u00e7\u00e3o que se movimenta n\u00e3o o faz segundo a etiqueta de parlamentares de terno, gravata, seguran\u00e7as e jantares caros.<br \/>\n<\/br><br \/>\nUma ou outra vidra\u00e7a se quebra porque, ao contr\u00e1rio dos militares que batem, atiram balas de borracha e lan\u00e7am bombas de g\u00e1s lacrimog\u00eaneo, os militantes das ruas ainda n\u00e3o se acostumaram a mirar com precis\u00e3o. Eles n\u00e3o disp\u00f5em de dinheiro, da pol\u00edcia e das leis ao seu lado. Mas segundo a contabilidade pr\u00e1tica do movimento as lixeiras incendiadas e os preju\u00edzos ao tr\u00e1fego poder\u00e3o ser descontados tranquilamente dos bilh\u00f5es desviados dos cofres p\u00fablicos nas licita\u00e7\u00f5es duvidosas de obras que visam melhorar exatamente o tr\u00e1fego.<br \/>\n<\/br><br \/>\nMas alto l\u00e1, proclama um prefeito. O custo do passe livre o inviabiliza! \u00c9 certo que poder\u00edamos fazer outra conta. A tarifa zero, proposta hoje por v\u00e1rios partidos piratas europeus, foi pela primeira vez lan\u00e7ada pela pr\u00f3pria prefeitura da cidade de S\u00e3o Paulo e pelo atual partido do Governo. O Partido dos Trabalhadores prop\u00f4s durante a gest\u00e3o de Luiza Erundina que a tarifa fosse paga por um imposto urbano progressivo. Sem apoio na \u00e9poca de um movimento social organizado, foi f\u00e1cil para a C\u00e2mara Municipal recusar.<br \/>\n<\/br><br \/>\nHoje, desconhe\u00e7o os c\u00e1lculos pol\u00edticos que os governos fazem para se opor ao passe livre. Sei que os cont\u00e1beis est\u00e3o errados. E, provavelmente, os eleitorais tamb\u00e9m. Uma medida de tal impacto talvez pudesse se tornar o maior \u201cprograma social\u201d de um partido. A economia com os gastos de cobran\u00e7a e com a diminui\u00e7\u00e3o de autom\u00f3veis nas ruas compensaria mesmo a chamada classe m\u00e9dia.<br \/>\n<\/br><br \/>\nAl\u00e9m disso, a popula\u00e7\u00e3o poderia se deslocar por v\u00e1rios servi\u00e7os de sa\u00fade e educa\u00e7\u00e3o desafogando os equipamentos p\u00fablicos mais procurados. E nem precisar\u00edamos citar os ganhos para os que frequentariam as escolas, bibliotecas, parques, pra\u00e7as, museus etc.<br \/>\n<\/br><br \/>\nConfusos, finalmente os \u201ccr\u00edticos\u201d dizem que se trata de um movimento comunista, anarquista, trotskista, punk, sindical, baderneiro\u2026 Mas sabemos que a finalidade do MPL n\u00e3o se define previamente. Apesar da evid\u00eancia do motivo imediato (a livre locomo\u00e7\u00e3o urbana de todas as pessoas) e de ideais necessariamente vagos sobre outra sociedade, ele se define apenas como um grupo que luta. Luta por n\u00f3s.<br \/>\n<\/br><br \/>\n* Publicado originalmente no portal <a href=\"http:\/\/www.viomundo.com.br\/politica\/lincoln-secco-anatomia-do-passe-livre.html\">Viomundo<\/a>.<br \/>\n<\/br><br \/>\n***<br \/>\n<\/br><br \/>\nLeia tamb\u00e9m \u201cMotivos econ\u00f4micos para o transporte p\u00fablico gratuito\u201d, na coluna de Jo\u00e3o Alexandre Peschanski.<br \/>\n<\/br><br \/>\n***<br \/>\n<\/br><br \/>\nLincoln Secco \u00e9 professor de Hist\u00f3ria Contempor\u00e2nea na USP. Publicou pela Boitempo a biografia de Caio Prado J\u00fanior (2008), pela Cole\u00e7\u00e3o Pauliceia. \u00c9 organizador, com Luiz Bernardo Peric\u00e1s, da colet\u00e2nea de ensaios in\u00e9ditos Int\u00e9rpretes do Brasil (t\u00edtulo provis\u00f3rio), que ser\u00e1 lan\u00e7ada no segundo semestre de 2013. Colaborou para o <a href=\"http:\/\/blogdaboitempo.com.br\/2013\/06\/12\/anatomia-do-movimento-passe-livre\/\">Blog da Boitempo<\/a> mensalmente durante o ano de 2011.  A partir de 2012, tornou-se colaborador espor\u00e1dico do Blog.<\/strong><br \/>\n<\/br><br \/>\n<a href=\"http:\/\/imediata.org\/wp-content\/uploads\/2013\/06\/img_6796.jpg\"><img loading=\"lazy\" decoding=\"async\" src=\"http:\/\/imediata.org\/wp-content\/uploads\/2013\/06\/img_6796.jpg\" alt=\"\" title=\"img_6796\" width=\"640\" height=\"392\" class=\"alignright size-full wp-image-3929\" srcset=\"https:\/\/imediata.org\/wp-content\/uploads\/2013\/06\/img_6796.jpg 640w, https:\/\/imediata.org\/wp-content\/uploads\/2013\/06\/img_6796-300x183.jpg 300w\" sizes=\"auto, (max-width: 640px) 100vw, 640px\" \/><\/a><br \/>\n<\/br><br \/>\n<strong>Um estado policial<\/strong><br \/>\nEstamos assistindo a uma perigos\u00edssima associa\u00e7\u00e3o entre as for\u00e7as policiais e a extrema direita de car\u00e1ter fascista no mundo inteiro \u2013 o que merece uma an\u00e1lise mais ampla. Mas, no caso brasileiro, parece haver interesse calculado em criar um ambiente de p\u00e2nico na popula\u00e7\u00e3o, que sempre favorece os golpistas.<br \/>\n<strong>Mauro Santayana<\/strong><br \/>\nVia: <a href=\"http:\/\/www.cartamaior.com.br\/templates\/colunaMostrar.cfm?coluna_id=6140\">cartamaior<\/a><br \/>\n<\/br><\/p>\n<p>A viol\u00eancia da pol\u00edcia, na repress\u00e3o aos protestos contra o aumento das tarifas de \u00f4nibus, em S\u00e3o Paulo, no Rio e em Niter\u00f3i, deve ser vista al\u00e9m dos epis\u00f3dios em si mesmos. Estamos nos tornando um estado policial, sem que haja uma rea\u00e7\u00e3o coordenada de defesa da cidadania. \u00c9 prov\u00e1vel que os governadores de S\u00e3o Paulo e do Rio de Janeiro estejam perdendo o controle de seu sistema de seguran\u00e7a, o que \u00e9 grave; mas tamb\u00e9m \u00e9 poss\u00edvel que eles tenham estimulado a ca\u00e7a indiscriminada aos manifestantes \u2013 e isso \u00e9 alarmante.??<\/p>\n<p><\/br><\/p>\n<p>Argumenta-se que o aumento anunciado \u2013 de apenas vinte centavos \u2013 \u00e9 irris\u00f3rio e n\u00e3o justificaria a rea\u00e7\u00e3o popular. Os mais vividos se recordam que quebra-quebras promovidos pelos estudantes \u2013 aos quais se somavam os transeuntes dispon\u00edveis \u2013 sempre houve no passado. N\u00e3o s\u00f3 se protestava contra o aumento dos transportes coletivos, como, tamb\u00e9m, contra o aumento dos ingressos cinematogr\u00e1ficos. Isso sem esquecer as costumeiras passeatas contra o alto custo de vida, que se faziam sob a percuss\u00e3o de garfos e facas contra panelas vazias.??<br \/>\n<\/br><\/p>\n<p>Um dos s\u00edmbolos da imprensa alternativa, o Bin\u00f4mio, de Belo Horizonte, que seria depredado por militares na antev\u00e9spera do golpe de 1964, nasceu como protesto contra a viol\u00eancia da pol\u00edcia de Minas \u2013 e em pleno governo democr\u00e1tico de Juscelino, em 1953. Os estudantes de Belo Horizonte se amotinaram contra o aumento dos cinemas, quase todos pertencentes a um s\u00f3 homem, e foram golpeados pelos longos porretes dos soldados da cavalaria. Diante da rea\u00e7\u00e3o policial \u2013 e de nenhum protesto dos jornais \u2013 os jornalistas Jos\u00e9 Maria Rabelo e Euro Luis Arantes decidiram editar o jornal em que se reunia o humor cr\u00edtico aos textos pesados e mais pensados.??<br \/>\n<\/br><\/p>\n<p>Mas a viol\u00eancia, no passado, tinha os limites dos cassetetes e das chamadas bombas de efeito moral. Mais ainda: a pol\u00edcia evitava golpear quem n\u00e3o estivesse praticando atos de vandalismo \u2013 e os jornalistas eram sempre respeitados. Nos incidentes dos \u00faltimos dias, os jornalistas foram os alvos preferenciais da repress\u00e3o, e h\u00e1 uma raz\u00e3o: eles s\u00e3o testemunhas p\u00fablicas da viol\u00eancia. V\u00e1rios companheiros nossos foram v\u00edtimas de empurr\u00f5es, pesco\u00e7\u00f5es, jatos de pimenta nos olhos, bombas de g\u00e1s lacrimog\u00eaneo endere\u00e7adas, porretadas e balas de borracha no rosto. Um deles, fot\u00f3grafo, atingido em um dos olhos, provavelmente ter\u00e1 sua vis\u00e3o reduzida \u00e0 metade.??<br \/>\n<\/br><\/p>\n<p>Estamos assistindo a uma perigos\u00edssima associa\u00e7\u00e3o entre as for\u00e7as policiais e a extrema direita de car\u00e1ter fascista no mundo inteiro \u2013 o que merece uma an\u00e1lise mais ampla. Mas, no caso brasileiro, parece haver interesse calculado em criar um ambiente de p\u00e2nico na popula\u00e7\u00e3o, que sempre favorece os golpistas. Todos os testemunhos s\u00e3o os de que as pessoas se manifestavam pacificamente, quando a pol\u00edcia tomou a iniciativa do ataque. ??<br \/>\n<\/br><\/p>\n<p>O governo federal considerou exagerada a repress\u00e3o nos dois estados. Isso explica por que n\u00e3o houve excesso na conten\u00e7\u00e3o, ontem, dos manifestantes contra os gastos da Copa do Mundo, na abertura dos jogos da Copa das Confedera\u00e7\u00f5es, no est\u00e1dio Man\u00e9 Garrincha. A pol\u00edcia do Distrito Federal \u00e9 paga com recursos da Uni\u00e3o.??<br \/>\n<\/br><\/p>\n<p>H\u00e1 pol\u00edticos em governos que esperam dividendos eleitorais por sua toler\u00e2ncia com a brutalidade de seus subordinados policiais. No entanto, eles correm o risco de serem v\u00edtimas eventuais da mesma estupidez. Os governadores Geraldo Alckmin e S\u00e9rgio Cabral devem retomar as r\u00e9deas de suas corpora\u00e7\u00f5es militares, antes que elas recusem qualquer freio.<br \/>\n<\/br><\/p>\n<p>Mauro Santayana \u00e9 colunista pol\u00edtico do Jornal do Brasil, di\u00e1rio de que foi correspondente na Europa (1968 a 1973). Foi redator-secret\u00e1rio da Ultima Hora (1959), e trabalhou nos principais jornais brasileiros, entre eles, a Folha de S. Paulo (1976-82), de que foi colunista pol\u00edtico e correspondente na Pen\u00ednsula Ib\u00e9rica e na \u00c1frica do Norte.<br \/>\n<\/br><br \/>\n<strong>This is what&#8217;s happening in Brazil<\/strong><br \/>\n<iframe loading=\"lazy\" title=\"This is what&#039;s happening in Brazil\" width=\"640\" height=\"480\" src=\"https:\/\/www.youtube.com\/embed\/_SnKe6TND58?feature=oembed\" frameborder=\"0\" allow=\"accelerometer; autoplay; clipboard-write; encrypted-media; gyroscope; picture-in-picture; web-share\" referrerpolicy=\"strict-origin-when-cross-origin\" allowfullscreen><\/iframe><br \/>\n<\/br><br \/>\n<strong>Voz de uma &#8220;mina de Sampa&#8221; (fonte: DiariodePLanducci)<br \/>\nProtesto Passe Livre<\/strong><br \/>\n<iframe loading=\"lazy\" title=\"Protesto Passe Livre\" width=\"640\" height=\"360\" src=\"https:\/\/www.youtube.com\/embed\/H4e9GS6d190?feature=oembed\" frameborder=\"0\" allow=\"accelerometer; autoplay; clipboard-write; encrypted-media; gyroscope; picture-in-picture; web-share\" referrerpolicy=\"strict-origin-when-cross-origin\" allowfullscreen><\/iframe><br \/>\n<\/br><br \/>\n<strong>Ecos musicais de RE-EXIST\u00caNCIA em outras eras:<br \/>\n<\/br><br \/>\nTropicalia Caetano Veloso<br \/>\nhttp:\/\/youtu.be\/yiwx1oPnEM4<br \/>\n<\/br><br \/>\nGeraldo Vandr\u00e9 &#8211; Pra n\u00e3o dizer que n\u00e3o falei das Flores<br \/>\n<iframe loading=\"lazy\" title=\"Geraldo Vandr\u00e9 - Pra n\u00e3o dizer que n\u00e3o falei das Flores\" width=\"640\" height=\"480\" src=\"https:\/\/www.youtube.com\/embed\/1KskJDDW93k?feature=oembed\" frameborder=\"0\" allow=\"accelerometer; autoplay; clipboard-write; encrypted-media; gyroscope; picture-in-picture; web-share\" referrerpolicy=\"strict-origin-when-cross-origin\" allowfullscreen><\/iframe><br \/>\n<\/br><br \/>\nMilho aos pombos &#8211; Z\u00e9 Geraldo<br \/>\nhttp:\/\/youtu.be\/HzasUyYX3-k<br \/>\n<\/strong><\/p>\n","protected":false},"excerpt":{"rendered":"<p>E Maria &#8220;Sampa&#8221; saiu da lata!!! protestos em S\u00e3o Paulo Quarto grande ato contra o aumento das passagens &#8211; Repress\u00e3o Policial 4\u00ba Protesto MPL &#8211; Viol\u00eancia e brutalidade da PM na Paulista Pris\u00e3o de professora com as m\u00e3os ao alto &#8211; ATO CONTRA O AUMENTO 13\/06 da Folha de S\u00e3o Paulo Ver tamb\u00e9m: A semana [&hellip;]<\/p>\n","protected":false},"author":1,"featured_media":0,"comment_status":"open","ping_status":"open","sticky":false,"template":"","format":"standard","meta":{"footnotes":""},"categories":[81,9],"tags":[2250,2252,2249,2255,2254,2253,2251],"class_list":["post-3925","post","type-post","status-publish","format-standard","hentry","category-imediartivismo","category-lance-de-dados","tag-anatomia-do-movimento-passe-livre-por-lincoln-secco","tag-diariodeplanducci","tag-manifestacoes-em-sao-paulo-junho-de-2013","tag-milho-aos-pombos-por-ze-geraldo","tag-pra-nao-dizer-que-nao-falei-das-flores-por-geraldo-vandre","tag-tropicalia-de-caetano-veloso","tag-um-estado-policial-por-mauro-santayana"],"_links":{"self":[{"href":"https:\/\/imediata.org\/index.php?rest_route=\/wp\/v2\/posts\/3925","targetHints":{"allow":["GET"]}}],"collection":[{"href":"https:\/\/imediata.org\/index.php?rest_route=\/wp\/v2\/posts"}],"about":[{"href":"https:\/\/imediata.org\/index.php?rest_route=\/wp\/v2\/types\/post"}],"author":[{"embeddable":true,"href":"https:\/\/imediata.org\/index.php?rest_route=\/wp\/v2\/users\/1"}],"replies":[{"embeddable":true,"href":"https:\/\/imediata.org\/index.php?rest_route=%2Fwp%2Fv2%2Fcomments&post=3925"}],"version-history":[{"count":7,"href":"https:\/\/imediata.org\/index.php?rest_route=\/wp\/v2\/posts\/3925\/revisions"}],"predecessor-version":[{"id":3932,"href":"https:\/\/imediata.org\/index.php?rest_route=\/wp\/v2\/posts\/3925\/revisions\/3932"}],"wp:attachment":[{"href":"https:\/\/imediata.org\/index.php?rest_route=%2Fwp%2Fv2%2Fmedia&parent=3925"}],"wp:term":[{"taxonomy":"category","embeddable":true,"href":"https:\/\/imediata.org\/index.php?rest_route=%2Fwp%2Fv2%2Fcategories&post=3925"},{"taxonomy":"post_tag","embeddable":true,"href":"https:\/\/imediata.org\/index.php?rest_route=%2Fwp%2Fv2%2Ftags&post=3925"}],"curies":[{"name":"wp","href":"https:\/\/api.w.org\/{rel}","templated":true}]}}