{"id":3915,"date":"2013-06-14T03:53:15","date_gmt":"2013-06-14T03:53:15","guid":{"rendered":"http:\/\/imediata.org\/?p=3915"},"modified":"2013-06-14T04:12:52","modified_gmt":"2013-06-14T04:12:52","slug":"morre-uma-arvore-desperta-uma-nacao-nazim-hikmet-poeta-turco","status":"publish","type":"post","link":"https:\/\/imediata.org\/?p=3915","title":{"rendered":">> Morre uma \u00e1rvore. Desperta uma na\u00e7\u00e3o. (Nazim Hikmet, poeta turco)"},"content":{"rendered":"<p><\/br><br \/>\nMorre uma \u00e1rvore. Desperta uma na\u00e7\u00e3o. (Nazim Hikmet, poeta turco)<br \/>\n<\/br><br \/>\n<a href=\"http:\/\/imediata.org\/wp-content\/uploads\/2013\/06\/I-E-45-25.jpg\"><img loading=\"lazy\" decoding=\"async\" src=\"http:\/\/imediata.org\/wp-content\/uploads\/2013\/06\/I-E-45-25.jpg\" alt=\"\" title=\"I E 45 (25)\" width=\"427\" height=\"640\" class=\"alignright size-full wp-image-3916\" srcset=\"https:\/\/imediata.org\/wp-content\/uploads\/2013\/06\/I-E-45-25.jpg 427w, https:\/\/imediata.org\/wp-content\/uploads\/2013\/06\/I-E-45-25-200x300.jpg 200w\" sizes=\"auto, (max-width: 427px) 100vw, 427px\" \/><\/a><br \/>\n<\/br><br \/>\n<a href=\"http:\/\/imediata.org\/wp-content\/uploads\/2013\/06\/bello-turchia.jpg\"><img loading=\"lazy\" decoding=\"async\" src=\"http:\/\/imediata.org\/wp-content\/uploads\/2013\/06\/bello-turchia.jpg\" alt=\"\" title=\"bello-turchia\" width=\"584\" height=\"390\" class=\"alignright size-full wp-image-3917\" srcset=\"https:\/\/imediata.org\/wp-content\/uploads\/2013\/06\/bello-turchia.jpg 584w, https:\/\/imediata.org\/wp-content\/uploads\/2013\/06\/bello-turchia-300x200.jpg 300w\" sizes=\"auto, (max-width: 584px) 100vw, 584px\" \/><\/a><br \/>\n<\/br><br \/>\nAlgo de terr\u00edvel (a repress\u00e3o do governo &#8220;neoliberal&#8221; aliado da Otan contra os manifestantes de todas as idades que querem evitar a destrui\u00e7\u00e3o do \u00faltimo parque do bairro de Taksim, o bairro &#8220;europeu&#8221; de Istanbul, que j\u00e1 foi Bis\u00e2ncio, que j\u00e1 foi Constantinopla, que j\u00e1 foi a capital do Imp\u00e9rio Romano Oriental a partir da queda de Roma, em 395 d.C. at\u00e9 o fim da Idade M\u00e9dia). Istanbul, a \u00fanica cidade que cobre dois continentes: uma parte na \u00c1sia e uma parte na Europa&#8230;<br \/>\n<\/br><br \/>\nMas ao mesmo tempo, extremamente bonito e, quem sabe, premonit\u00f3rio. Um verdadeiro DESPERTAR da Eur\u00e1sia, que esperamos h\u00e1 tanto tempo&#8230;<br \/>\n<\/br><br \/>\nComo sempre, agora todos v\u00e3o querer &#8220;encampar&#8221; a manifesta\u00e7\u00e3o ou sua destrui\u00e7\u00e3o.<br \/>\n<\/br><br \/>\nTomara que n\u00e3o consigam. Tudo \u00e9 s\u00edmbolo, como dizia Pessoa. E este est\u00e1 sendo um muito forte.<br \/>\n<\/br><br \/>\n<a href=\"http:\/\/imediata.org\/wp-content\/uploads\/2013\/06\/BMhsRRsCIAA5TDn.jpg\"><img loading=\"lazy\" decoding=\"async\" src=\"http:\/\/imediata.org\/wp-content\/uploads\/2013\/06\/BMhsRRsCIAA5TDn.jpg\" alt=\"\" title=\"BMhsRRsCIAA5TDn\" width=\"580\" height=\"400\" class=\"alignright size-full wp-image-3918\" srcset=\"https:\/\/imediata.org\/wp-content\/uploads\/2013\/06\/BMhsRRsCIAA5TDn.jpg 580w, https:\/\/imediata.org\/wp-content\/uploads\/2013\/06\/BMhsRRsCIAA5TDn-300x206.jpg 300w\" sizes=\"auto, (max-width: 580px) 100vw, 580px\" \/><\/a><br \/>\nav\u00f3 turca destemida<br \/>\n<\/br><br \/>\n<a href=\"http:\/\/imediata.org\/wp-content\/uploads\/2013\/06\/proxy.jpg\"><img loading=\"lazy\" decoding=\"async\" src=\"http:\/\/imediata.org\/wp-content\/uploads\/2013\/06\/proxy.jpg\" alt=\"\" title=\"proxy\" width=\"599\" height=\"397\" class=\"alignright size-full wp-image-3919\" srcset=\"https:\/\/imediata.org\/wp-content\/uploads\/2013\/06\/proxy.jpg 599w, https:\/\/imediata.org\/wp-content\/uploads\/2013\/06\/proxy-300x198.jpg 300w\" sizes=\"auto, (max-width: 599px) 100vw, 599px\" \/><\/a><br \/>\nM\u00e1scara anti-g\u00e1s que, segundo dizem, foram importadas do Brasil, de uma f\u00e1brica com o nada sutil nem de boa lembran\u00e7a nome &#8220;Condor&#8221;>..<br \/>\n<\/br><br \/>\n<strong>Carta de Istanbul: Algo de maravilhoso est\u00e1 acontecendo aqui &#8211; por G\u00fclay Ates<\/strong><br \/>\n<\/br><\/p>\n<p>Caros amigos&#8230; queria agradec\u00ea-los sobretudo pelo apoio e pelo conforto.<br \/>\n<\/br><br \/>\n<strong>Somos pouco mais de 80 milh\u00f5es de cidad\u00e3os aqui, na Rep\u00fablica da Turquia&#8230; e algo de maravilhoso est\u00e1 acontecendo aqui.<\/strong><br \/>\n<\/br><\/p>\n<p>Milh\u00f5es de pessoas n\u00e3o dormiram nas \u00fatlimas 36 horas; ficamos nas ruas. Grades e pequenas cidades, os bairros est\u00e3o cheios de pessoas que sabem como ser\u00e3o tratadas. Jovens e velhos, professores, atores, escritores, trabalhadores, todos sabem que ser\u00e3o golpeados brutalmente, bombardeados com g\u00e1s lacrimog\u00eaneo e com o agente laranja. Isso n\u00e3o \u00e9 suficiente para nos deter para ajudar quem est\u00e1 precisando.<br \/>\n<\/br><\/p>\n<p>N\u00e3o estava planejado, n\u00e3o t\u00ednhamos organizado isso. Est\u00e1vamos sentados em nossas salas olhando a TV Halk e lendo no Twitter o que estava sendo feito aos manifestantes pac\u00edficos.<br \/>\n<\/br><\/p>\n<p>Nenhum de n\u00f3s ficou pensando duas vezes, cal\u00e7amos os sapatos e corremos para fora para ajudar. Nem durante os muitos anos de estudante eu tinha participado de uma manifesta\u00e7\u00e3o. Mas isso foi assim natural e espont\u00e2neo que a gente acaba nem pensando na pr\u00f3pria seguran\u00e7a. <strong>\u00c9 t\u00e3o estranha essa experi\u00eancia&#8230; TODOS S\u00c3O UM&#8230; <\/strong><br \/>\n<\/br><\/p>\n<p><strong>Caros amigos, eu e muitos milh\u00f5es de pessoas estamos aqui e agora posso dizer que a sensa\u00e7\u00e3o \u00e9 absolutamente magn\u00edfica&#8230; O PODER E A UNICIDADE&#8230; e \u00e9 tudo assim t\u00e3o simples e t\u00e3o veloz&#8230; s\u00f3 quando voc\u00ea despertou \u00e9 que percebe que o poder sempre esteve a\u00ed, e que a gente tinha simplesmente esquecido&#8230;<\/strong><br \/>\n<\/br><\/p>\n<p>DESPERTEM&#8230; isso que est\u00e1 acontecendo hoje aqui amanh\u00e3 acontecer\u00e1 em seus pa\u00edses, a jogada \u00e9 a mesma&#8230; isso que me est\u00e1 fascinando e desconcertando \u00e9 o poder que temos \u2013 o sistema deles \u00e9 t\u00e3o f\u00e1cil de ser derrubado como um castelo de cartas de baralho quando retiramos apenas uma delas.<br \/>\n<\/br><\/p>\n<p>Com muito amor<br \/>\n<\/br><br \/>\n<strong>Fonte:<\/strong> <a href=\"http:\/\/soundofheart.org\/galacticfreepress\/content\/something-beautiful-happening-turkey\">http:\/\/soundofheart.org\/galacticfreepress\/content\/something-beautiful-happening-turkey<\/a><br \/>\n<\/br><br \/>\n<strong>As barricadas: This is how we UNITE! This is how we STRUGGLE! @ISTANBUL, Besiktas<\/strong><br \/>\n<iframe loading=\"lazy\" title=\"This is how we UNITE! This is how we STRUGGLE! @ ISTANBUL, Besiktas\" width=\"640\" height=\"360\" src=\"https:\/\/www.youtube.com\/embed\/DKv601khylM?feature=oembed\" frameborder=\"0\" allow=\"accelerometer; autoplay; clipboard-write; encrypted-media; gyroscope; picture-in-picture; web-share\" referrerpolicy=\"strict-origin-when-cross-origin\" allowfullscreen><\/iframe><br \/>\n<\/br><br \/>\n<strong>Mas a luta prossegue:<\/strong><br \/>\n<object type=\"application\/x-shockwave-flash\" allowscriptaccess=\"always\" allowfullscreen=\"true\" quality=\"high\" data=\"http:\/\/rt.com\/s\/swf\/player5.4.swf\" width=\"690\" height=\"388\"><param name=\"menu\" value=\"false\"><param name=\"wmode\" value=\"transparent\"><param name=\"flashvars\" value=\"skin=http:\/\/rt.com\/s\/swf\/jwplayer\/skin.zip&#038;abouttext=RT&#038;aboutlink=http:\/\/rt.com\/about-us\/corporate-profile\/&#038;stretching=uniform&#038;controlbar.position=over&#038;file=http:\/\/rt.com\/files\/inmotion\/1f\/63\/b0\/00\/560290_turkey_night_web2.flv&#038;image=http:\/\/rt.com\/files\/inmotion\/1f\/63\/b0\/00\/turkey_night.si.jpg&#038;provider=http\"><\/object><\/p>\n","protected":false},"excerpt":{"rendered":"<p>Morre uma \u00e1rvore. Desperta uma na\u00e7\u00e3o. (Nazim Hikmet, poeta turco) Algo de terr\u00edvel (a repress\u00e3o do governo &#8220;neoliberal&#8221; aliado da Otan contra os manifestantes de todas as idades que querem evitar a destrui\u00e7\u00e3o do \u00faltimo parque do bairro de Taksim, o bairro &#8220;europeu&#8221; de Istanbul, que j\u00e1 foi Bis\u00e2ncio, que j\u00e1 foi Constantinopla, que j\u00e1 [&hellip;]<\/p>\n","protected":false},"author":1,"featured_media":0,"comment_status":"open","ping_status":"open","sticky":false,"template":"","format":"standard","meta":{"footnotes":""},"categories":[8,5,9],"tags":[2246,2247,2248,2245,1938],"class_list":["post-3915","post","type-post","status-publish","format-standard","hentry","category-anarcom","category-biodiversidade-imediata","category-lance-de-dados","tag-istanbul","tag-morre-uma-arvove-desperta-uma-nacao","tag-nazim-hikmet","tag-taksim","tag-turquia"],"_links":{"self":[{"href":"https:\/\/imediata.org\/index.php?rest_route=\/wp\/v2\/posts\/3915","targetHints":{"allow":["GET"]}}],"collection":[{"href":"https:\/\/imediata.org\/index.php?rest_route=\/wp\/v2\/posts"}],"about":[{"href":"https:\/\/imediata.org\/index.php?rest_route=\/wp\/v2\/types\/post"}],"author":[{"embeddable":true,"href":"https:\/\/imediata.org\/index.php?rest_route=\/wp\/v2\/users\/1"}],"replies":[{"embeddable":true,"href":"https:\/\/imediata.org\/index.php?rest_route=%2Fwp%2Fv2%2Fcomments&post=3915"}],"version-history":[{"count":5,"href":"https:\/\/imediata.org\/index.php?rest_route=\/wp\/v2\/posts\/3915\/revisions"}],"predecessor-version":[{"id":3924,"href":"https:\/\/imediata.org\/index.php?rest_route=\/wp\/v2\/posts\/3915\/revisions\/3924"}],"wp:attachment":[{"href":"https:\/\/imediata.org\/index.php?rest_route=%2Fwp%2Fv2%2Fmedia&parent=3915"}],"wp:term":[{"taxonomy":"category","embeddable":true,"href":"https:\/\/imediata.org\/index.php?rest_route=%2Fwp%2Fv2%2Fcategories&post=3915"},{"taxonomy":"post_tag","embeddable":true,"href":"https:\/\/imediata.org\/index.php?rest_route=%2Fwp%2Fv2%2Ftags&post=3915"}],"curies":[{"name":"wp","href":"https:\/\/api.w.org\/{rel}","templated":true}]}}