{"id":3909,"date":"2013-06-14T01:42:24","date_gmt":"2013-06-14T01:42:24","guid":{"rendered":"http:\/\/imediata.org\/?p=3909"},"modified":"2013-06-14T01:48:31","modified_gmt":"2013-06-14T01:48:31","slug":"singelas-profana-acoes-98-%e2%80%93-com-que-europa-que-eu-vou-pra-%e2%80%9ceuro-austerity-crise%e2%80%9d-que-voce-me-convidou%e2%80%a6-e-impressao-minha-ou-e-mesmo-um-deja-vu-brecht-einsler-n","status":"publish","type":"post","link":"https:\/\/imediata.org\/?p=3909","title":{"rendered":">> Singelas PROFANA-a\u00e7\u00f5es 98 \u2013 Com que euROPA que eu vou pra \u201ceuro-austerity-crise\u201d que voc\u00ea me convidou? \u00c9 impress\u00e3o minha, ou \u00e9 mesmo um d\u00e9j\u00e0 vu? (Brecht, Eisler, Noel&#8230; s\u00f3oooooCorrrrrrro!!!)"},"content":{"rendered":"<p><strong><\/br><br \/>\nSingelas PROFANA-a\u00e7\u00f5es 98 \u2013 Com que euROPA que eu vou pra \u201ceuro-austerity-crise\u201d que voc\u00ea me convidou\u2026? \u00c9 impress\u00e3o minha, ou \u00e9 mesmo um d\u00e9j\u00e0 vu? (Brecht, Eisler, Noel&#8230; s\u00f3oooooCorrrrrrro!!!)<br \/>\n<\/br><br \/>\nvou semi-desnuda de abrigo abacate com pose de rainha do W\u00fcrstel mit Salat?<br \/>\n<a href=\"http:\/\/imediata.org\/wp-content\/uploads\/2013\/06\/1.jpg\"><img loading=\"lazy\" decoding=\"async\" src=\"http:\/\/imediata.org\/wp-content\/uploads\/2013\/06\/1.jpg\" alt=\"\" title=\"1\" width=\"606\" height=\"399\" class=\"alignright size-full wp-image-3910\" srcset=\"https:\/\/imediata.org\/wp-content\/uploads\/2013\/06\/1.jpg 606w, https:\/\/imediata.org\/wp-content\/uploads\/2013\/06\/1-300x197.jpg 300w\" sizes=\"auto, (max-width: 606px) 100vw, 606px\" \/><\/a><br \/>\n<\/br><br \/>\nou me revelo pela s\u00e1dica vampira que realmente sou, uma angela das trevas (nada jolie, mas muito &#8220;merdkel&#8221;)!!!<br \/>\n<a href=\"http:\/\/imediata.org\/wp-content\/uploads\/2013\/06\/9036058682_61b83c9331.jpg\"><img loading=\"lazy\" decoding=\"async\" src=\"http:\/\/imediata.org\/wp-content\/uploads\/2013\/06\/9036058682_61b83c9331.jpg\" alt=\"\" title=\"9036058682_61b83c9331\" width=\"319\" height=\"500\" class=\"alignright size-full wp-image-3911\" srcset=\"https:\/\/imediata.org\/wp-content\/uploads\/2013\/06\/9036058682_61b83c9331.jpg 319w, https:\/\/imediata.org\/wp-content\/uploads\/2013\/06\/9036058682_61b83c9331-191x300.jpg 191w\" sizes=\"auto, (max-width: 319px) 100vw, 319px\" \/><\/a><br \/>\n<\/br><br \/>\nHanns Eisler &#8211; Supply and Demand &#8211; Robyn Archer<br \/>\n<iframe loading=\"lazy\" title=\"Hanns Eisler - Supply and Demand - Robyn Archer\" width=\"640\" height=\"480\" src=\"https:\/\/www.youtube.com\/embed\/4DgJZADHsyg?feature=oembed\" frameborder=\"0\" allow=\"accelerometer; autoplay; clipboard-write; encrypted-media; gyroscope; picture-in-picture; web-share\" referrerpolicy=\"strict-origin-when-cross-origin\" allowfullscreen><\/iframe><br \/>\n<\/br><br \/>\nSocialist World Republic &#8211; Sozialistische Weltrepublik<br \/>\n<iframe loading=\"lazy\" title=\"Socialist World Republic - Sozialistische Weltrepublik\" width=\"640\" height=\"480\" src=\"https:\/\/www.youtube.com\/embed\/GPKH4GHiihg?feature=oembed\" frameborder=\"0\" allow=\"accelerometer; autoplay; clipboard-write; encrypted-media; gyroscope; picture-in-picture; web-share\" referrerpolicy=\"strict-origin-when-cross-origin\" allowfullscreen><\/iframe><br \/>\n<\/br><br \/>\nSOLIDARIT\u00c4TSLIED [Bertolt Brecht \/ Hanns Eisler: Kuhle Wampe]<br \/>\nhttp:\/\/youtu.be\/ldQX-MWJ44A<br \/>\n<\/br><br \/>\ne estes porque declamar e ouvir declamar faz bem, como dizia a m\u00e3e de S\u00f3crates&#8230;.<br \/>\n<\/br><br \/>\nBertolt Brecht &#8211; O ANALFABETO POL\u00cdTICO (Gestus)<br \/>\n<iframe loading=\"lazy\" title=\"Bertolt Brecht - O ANALFABETO POL\u00cdTICO (Gestus)\" width=\"640\" height=\"480\" src=\"https:\/\/www.youtube.com\/embed\/Vg22b8Knf0U?feature=oembed\" frameborder=\"0\" allow=\"accelerometer; autoplay; clipboard-write; encrypted-media; gyroscope; picture-in-picture; web-share\" referrerpolicy=\"strict-origin-when-cross-origin\" allowfullscreen><\/iframe><br \/>\n<\/br><br \/>\nProvoca\u00e7\u00f5es &#8211; Se os tubar\u00f5es fossem homens (Bertold Brecht por Abujamra)<br \/>\n<iframe loading=\"lazy\" title=\"Provoca\u00e7\u00f5es - Se os tubar\u00f5es fossem homens (Bertold Brecht)\" width=\"640\" height=\"480\" src=\"https:\/\/www.youtube.com\/embed\/fziZE352V20?feature=oembed\" frameborder=\"0\" allow=\"accelerometer; autoplay; clipboard-write; encrypted-media; gyroscope; picture-in-picture; web-share\" referrerpolicy=\"strict-origin-when-cross-origin\" allowfullscreen><\/iframe><br \/>\n<\/br><br \/>\nCOM QUE ROUPA &#8211; NOEL ROSA &#8211; banda 1E99 \u2013 reggaeton<br \/>\n<iframe loading=\"lazy\" title=\"COM QUE ROUPA - NOEL ROSA - banda 1E99 - reggaeton\" width=\"640\" height=\"480\" src=\"https:\/\/www.youtube.com\/embed\/BBbO4C_oMKg?feature=oembed\" frameborder=\"0\" allow=\"accelerometer; autoplay; clipboard-write; encrypted-media; gyroscope; picture-in-picture; web-share\" referrerpolicy=\"strict-origin-when-cross-origin\" allowfullscreen><\/iframe><br \/>\n<\/strong><\/p>\n","protected":false},"excerpt":{"rendered":"<p>Singelas PROFANA-a\u00e7\u00f5es 98 \u2013 Com que euROPA que eu vou pra \u201ceuro-austerity-crise\u201d que voc\u00ea me convidou\u2026? \u00c9 impress\u00e3o minha, ou \u00e9 mesmo um d\u00e9j\u00e0 vu? (Brecht, Eisler, Noel&#8230; s\u00f3oooooCorrrrrrro!!!) vou semi-desnuda de abrigo abacate com pose de rainha do W\u00fcrstel mit Salat? ou me revelo pela s\u00e1dica vampira que realmente sou, uma angela das trevas [&hellip;]<\/p>\n","protected":false},"author":1,"featured_media":0,"comment_status":"open","ping_status":"open","sticky":false,"template":"","format":"standard","meta":{"footnotes":""},"categories":[68,9,96],"tags":[2244,1029,231,2242,69,124,2243],"class_list":["post-3909","post","type-post","status-publish","format-standard","hentry","category-dossie-queda-da-rua-do-muro","category-lance-de-dados","category-singelas-profana-acoes","tag-abujamra","tag-austeridade","tag-bertolt-brecht","tag-crise-do-euro","tag-crise-financeira","tag-hanns-eisler","tag-noel-rosa"],"_links":{"self":[{"href":"https:\/\/imediata.org\/index.php?rest_route=\/wp\/v2\/posts\/3909","targetHints":{"allow":["GET"]}}],"collection":[{"href":"https:\/\/imediata.org\/index.php?rest_route=\/wp\/v2\/posts"}],"about":[{"href":"https:\/\/imediata.org\/index.php?rest_route=\/wp\/v2\/types\/post"}],"author":[{"embeddable":true,"href":"https:\/\/imediata.org\/index.php?rest_route=\/wp\/v2\/users\/1"}],"replies":[{"embeddable":true,"href":"https:\/\/imediata.org\/index.php?rest_route=%2Fwp%2Fv2%2Fcomments&post=3909"}],"version-history":[{"count":3,"href":"https:\/\/imediata.org\/index.php?rest_route=\/wp\/v2\/posts\/3909\/revisions"}],"predecessor-version":[{"id":3914,"href":"https:\/\/imediata.org\/index.php?rest_route=\/wp\/v2\/posts\/3909\/revisions\/3914"}],"wp:attachment":[{"href":"https:\/\/imediata.org\/index.php?rest_route=%2Fwp%2Fv2%2Fmedia&parent=3909"}],"wp:term":[{"taxonomy":"category","embeddable":true,"href":"https:\/\/imediata.org\/index.php?rest_route=%2Fwp%2Fv2%2Fcategories&post=3909"},{"taxonomy":"post_tag","embeddable":true,"href":"https:\/\/imediata.org\/index.php?rest_route=%2Fwp%2Fv2%2Ftags&post=3909"}],"curies":[{"name":"wp","href":"https:\/\/api.w.org\/{rel}","templated":true}]}}