{"id":3881,"date":"2013-06-03T22:06:51","date_gmt":"2013-06-03T22:06:51","guid":{"rendered":"http:\/\/imediata.org\/?p=3881"},"modified":"2013-06-05T00:54:23","modified_gmt":"2013-06-05T00:54:23","slug":"singelas-profana-acoes-97-exorcismo-de-imprensa-confrontando-um-belzebu","status":"publish","type":"post","link":"https:\/\/imediata.org\/?p=3881","title":{"rendered":">> Singelas PROFANA-a\u00e7\u00f5es 97 &#8211; exorcismo de imprensa &#8211; confrontando um belzebu + em mem\u00f3ria de Allende e de seu alerta"},"content":{"rendered":"<p><strong><\/br><br \/>\n>> Singelas PROFANA-a\u00e7\u00f5es 97 &#8211; exorcismo de imprensa &#8211; confrontando um belzebu + em mem\u00f3ria de Allende e de seu alerta<br \/>\n<\/br><br \/>\nHenry Kissinger Confronted by WeAreChange &#8211; While receiving Freedom Award LOL!<br \/>\n http:\/\/youtu.be\/UOoy0k9PL3I<br \/>\n<\/br><br \/>\nFoi assim que o jornalista do formid\u00e1vel <a href=\"http:\/\/wearechange.org\/\">wearechange<\/a> perguntou, na lata, ao Kissinger, ao receber seu &#8220;Pr\u00eamio pela Liberdade&#8221; (o Nobel foi pouco&#8230;), o que ele queria mesmo dizer com &#8220;O ilegal a gente faz imediatamante, o anticonstitucional demora mais um pouco&#8221; (vazado atrav\u00e9s dos documentos revelados pelo Wikileaks). O belzebu se acovarda e chama o jornalista de&#8230; covarde&#8230; \u00c9 a terceira vez que o mesmo jornalista assedia essa nefasta figura que, entre milh\u00f5es de almas, tem na consci\u00eancia tamb\u00e9m o apagamento de Salvador Allende (vide abaixo)&#8230;<br \/>\n<\/br><br \/>\n<strong>Transcri\u00e7\u00e3o traduzida:<br \/>\nA partir do minuto 1:23<br \/>\n<\/br><br \/>\nWe are change: Ol\u00e1, sr. Kissinger, como vai o Senhor?<br \/>\nEu s\u00f3 queria saber o que o senhor quis dizer com \u201cO ilegal a gente faz imediatamente, o anticonstitucional demora mais um pouco\u201d que vimos no document do Wikileaks. O que o senhor quis dizer?<br \/>\n<\/br><br \/>\nHenry Kissinger:  Ora, ora<br \/>\n<\/br><br \/>\nWe are change: N\u00e3o, isso apareceu.. O Senhor sabe qual a agenda do Bilderberg desta ano?<br \/>\n<\/br><br \/>\nHenry Kissinger:  Pra quem voc\u00ea est\u00e1 fazendo isso?<br \/>\n<\/br><br \/>\nWe are change: Eu s\u00f3 estou cobrindo o evento.<br \/>\n<\/br><br \/>\nHenry Kissinger:  Para quem?<br \/>\n<\/br><br \/>\nWe are change: We are change.<br \/>\nE tamb\u00e9m queremos saber qual ser\u00e1 a agenda do Bilderberg daqui uns dias&#8230;<br \/>\n<\/br><br \/>\nHenry Kissinger:  Ora&#8230; ora&#8230; get lost (d\u00e1 o fora! D\u00e1 o fora!)<br \/>\n<\/br><br \/>\nWe are change: Como \u00e9 que se sente ganhando um pr\u00eamio federal, quando se \u00e9 procurado como assassino de massas por muitos pa\u00edses&#8230; devido \u00e0 morte de milh\u00f5es de pessoas? Como \u00e9 que se sente?<br \/>\n<\/br><br \/>\nHenry Kissinger: Seu covarde! Seu covarde  ego\u00edsta, d\u00e1 o fora!<br \/>\n<\/br><br \/>\nWe are change: Eu n\u00e3o sou um covarde. O senhor sabe que esse pr\u00eamio \u00e9 uma mentira.  E o senhor condenado por assassinato em massa em muitos pa\u00edses. O senhor sabe que esse pr\u00eamio \u00e9 uma mentira!<\/strong><br \/>\n<\/br><br \/>\n<a href=\"http:\/\/imediata.org\/wp-content\/uploads\/2013\/06\/8944084587_c474bcbe14.jpg\"><img loading=\"lazy\" decoding=\"async\" src=\"http:\/\/imediata.org\/wp-content\/uploads\/2013\/06\/8944084587_c474bcbe14.jpg\" alt=\"\" title=\"8944084587_c474bcbe14\" width=\"406\" height=\"500\" class=\"alignright size-full wp-image-3888\" srcset=\"https:\/\/imediata.org\/wp-content\/uploads\/2013\/06\/8944084587_c474bcbe14.jpg 406w, https:\/\/imediata.org\/wp-content\/uploads\/2013\/06\/8944084587_c474bcbe14-243x300.jpg 243w\" sizes=\"auto, (max-width: 406px) 100vw, 406px\" \/><\/a><br \/>\n<\/br><br \/>\nSalvador Allende&#8230; em famoso discurso de 1972 na ONU<br \/>\nDISCURSO QUE MATO A SALVADOR ALLENDE 1972<\/strong><br \/>\nhttp:\/\/youtu.be\/XQqpQzIuAFk<br \/>\n<\/br><br \/>\n<strong>e por falar em Bilderberg, a lista completa dos mal\u00e9volos que participar\u00e3o do convescote das trevas deste ano, inclusive o belzebu acima, pode ser vista aqui:<\/strong>  <a href=\"http:\/\/www.zerohedge.com\/news\/2013-06-03\/full-list-2013s-bilderberg-attendees\">http:\/\/www.zerohedge.com\/news\/2013-06-03\/full-list-2013s-bilderberg-attendees<\/a><\/p>\n","protected":false},"excerpt":{"rendered":"<p>>> Singelas PROFANA-a\u00e7\u00f5es 97 &#8211; exorcismo de imprensa &#8211; confrontando um belzebu + em mem\u00f3ria de Allende e de seu alerta Henry Kissinger Confronted by WeAreChange &#8211; While receiving Freedom Award LOL! http:\/\/youtu.be\/UOoy0k9PL3I Foi assim que o jornalista do formid\u00e1vel wearechange perguntou, na lata, ao Kissinger, ao receber seu &#8220;Pr\u00eamio pela Liberdade&#8221; (o Nobel foi [&hellip;]<\/p>\n","protected":false},"author":1,"featured_media":0,"comment_status":"open","ping_status":"open","sticky":false,"template":"","format":"standard","meta":{"footnotes":""},"categories":[4,6,96],"tags":[878,2229,2230,1799],"class_list":["post-3881","post","type-post","status-publish","format-standard","hentry","category-al-manakh","category-manhattando","category-singelas-profana-acoes","tag-bilderberg","tag-exorcismo-de-imprensa-henry-kissinger","tag-salvador-allende","tag-wearechange-org"],"_links":{"self":[{"href":"https:\/\/imediata.org\/index.php?rest_route=\/wp\/v2\/posts\/3881","targetHints":{"allow":["GET"]}}],"collection":[{"href":"https:\/\/imediata.org\/index.php?rest_route=\/wp\/v2\/posts"}],"about":[{"href":"https:\/\/imediata.org\/index.php?rest_route=\/wp\/v2\/types\/post"}],"author":[{"embeddable":true,"href":"https:\/\/imediata.org\/index.php?rest_route=\/wp\/v2\/users\/1"}],"replies":[{"embeddable":true,"href":"https:\/\/imediata.org\/index.php?rest_route=%2Fwp%2Fv2%2Fcomments&post=3881"}],"version-history":[{"count":6,"href":"https:\/\/imediata.org\/index.php?rest_route=\/wp\/v2\/posts\/3881\/revisions"}],"predecessor-version":[{"id":3889,"href":"https:\/\/imediata.org\/index.php?rest_route=\/wp\/v2\/posts\/3881\/revisions\/3889"}],"wp:attachment":[{"href":"https:\/\/imediata.org\/index.php?rest_route=%2Fwp%2Fv2%2Fmedia&parent=3881"}],"wp:term":[{"taxonomy":"category","embeddable":true,"href":"https:\/\/imediata.org\/index.php?rest_route=%2Fwp%2Fv2%2Fcategories&post=3881"},{"taxonomy":"post_tag","embeddable":true,"href":"https:\/\/imediata.org\/index.php?rest_route=%2Fwp%2Fv2%2Ftags&post=3881"}],"curies":[{"name":"wp","href":"https:\/\/api.w.org\/{rel}","templated":true}]}}