{"id":3851,"date":"2013-05-29T14:10:43","date_gmt":"2013-05-29T14:10:43","guid":{"rendered":"http:\/\/imediata.org\/?p=3851"},"modified":"2013-05-29T14:15:34","modified_gmt":"2013-05-29T14:15:34","slug":"um-frango-nao-e-um-frango-por-gianni-tirelli","status":"publish","type":"post","link":"https:\/\/imediata.org\/?p=3851","title":{"rendered":">> Um frango n\u00e3o \u00e9 um frango, por Gianni Tirelli"},"content":{"rendered":"<p><\/br><br \/>\nUm frango n\u00e3o \u00e9 um frango<br \/>\n<\/br><br \/>\n<a href=\"http:\/\/imediata.org\/wp-content\/uploads\/2013\/05\/Pollo-de-Granja-Industrial-4.jpg\"><img loading=\"lazy\" decoding=\"async\" src=\"http:\/\/imediata.org\/wp-content\/uploads\/2013\/05\/Pollo-de-Granja-Industrial-4.jpg\" alt=\"\" title=\"Pollo de Granja Industrial 4\" width=\"512\" height=\"386\" class=\"alignright size-full wp-image-3853\" srcset=\"https:\/\/imediata.org\/wp-content\/uploads\/2013\/05\/Pollo-de-Granja-Industrial-4.jpg 512w, https:\/\/imediata.org\/wp-content\/uploads\/2013\/05\/Pollo-de-Granja-Industrial-4-300x226.jpg 300w\" sizes=\"auto, (max-width: 512px) 100vw, 512px\" \/><\/a><br \/>\n<\/br><br \/>\n<strong>Por: Gianni Tirelli<br \/>\nFonte: <a href=\"http:\/\/www.stampalibera.com\/?p=63482\">stampalibera<\/a> 28\/05\/2013<br \/>\nTradu\u00e7\u00e3o: Mario S. Mieli<\/strong><br \/>\n<\/br><br \/>\n<a href=\"http:\/\/imediata.org\/wp-content\/uploads\/2013\/05\/CITeggfarmfolo01P0403.jpg\"><img loading=\"lazy\" decoding=\"async\" src=\"http:\/\/imediata.org\/wp-content\/uploads\/2013\/05\/CITeggfarmfolo01P0403.jpg\" alt=\"\" title=\"CITeggfarmfolo01P0403\" width=\"480\" height=\"381\" class=\"alignright size-full wp-image-3852\" srcset=\"https:\/\/imediata.org\/wp-content\/uploads\/2013\/05\/CITeggfarmfolo01P0403.jpg 480w, https:\/\/imediata.org\/wp-content\/uploads\/2013\/05\/CITeggfarmfolo01P0403-300x238.jpg 300w\" sizes=\"auto, (max-width: 480px) 100vw, 480px\" \/><\/a><br \/>\n<\/br><br \/>\n<strong>Tudo aquilo que, na realidade, compramos e consumimos mecanicamente no mercado do Grande Malfeitor, n\u00e3o \u00e9 mais que a falsifica\u00e7\u00e3o sistem\u00e1tica de algo que parece vagamente com a sua forma original mas que, em  subst\u00e2ncia, \u00e9 um concentrado de estrog\u00eanios, horm\u00f4nios, fertilizantes, antiparasit\u00e1rios, antibi\u00f3ticos, \u201cmelhoramentos\u201d, pesticidas, aromas sint\u00e9ticos, corantes, conservantes e toxinas concentradas.<\/strong><br \/>\n<\/br><br \/>\n<a href=\"http:\/\/imediata.org\/wp-content\/uploads\/2013\/05\/battery-hens.jpg\"><img loading=\"lazy\" decoding=\"async\" src=\"http:\/\/imediata.org\/wp-content\/uploads\/2013\/05\/battery-hens.jpg\" alt=\"\" title=\"battery hens\" width=\"320\" height=\"240\" class=\"alignright size-full wp-image-3854\" srcset=\"https:\/\/imediata.org\/wp-content\/uploads\/2013\/05\/battery-hens.jpg 320w, https:\/\/imediata.org\/wp-content\/uploads\/2013\/05\/battery-hens-300x225.jpg 300w\" sizes=\"auto, (max-width: 320px) 100vw, 320px\" \/><\/a><br \/>\n<\/br><br \/>\n<strong>Assim, um frango n\u00e3o \u00e9 um verdadeiro frango, mas uma mina vagante pronta a detonar o nosso sistema nervoso e a desestabilizar o sistema imunit\u00e1rio, porque incapazes de decifrar e codificar a real natureza dos novos intrusos e de reagir em consequ\u00eancia. Tal frango, que n\u00e3o viveu feliz ciscando livre entre gansos, patos, c\u00e3es, coelhos e gatos, mas atr\u00e1s de grades frias e angustiantes de um nicho met\u00e1lico, bicando lixo industrial sob uma luz cegante de uma l\u00e2mpada halog\u00eanica. Como pensamos poder ficar belos, fortes, em forma e felizes ingurgitando tais diabruras? Mas o exemplo do frango pode ser estendido a qualquer bem e produto, seja animal, vegetal ou tecnol\u00f3gico. Todos n\u00f3s, na verdade, somos aquele frango! Tristes e ap\u00e1ticos, indolentes e fl\u00e1cidos, frustrados e reprimidos, constrangidos dentro de um limbo gelatinoso, repleto de paranoias,  \u00e2nsias e hipocondrias. Uma vida aparente marcada a cada hora do dia por achaques e mal-estares de todo tipo e g\u00eanero, e pelos efeitos psicossom\u00e1ticos da ansiedade. Para tanto, toda essa montanha de merda podre que, com in\u00e9dita crueldade, o Sistema Besta (a despeito de todo princ\u00edpio \u00e9tico e deontol\u00f3gico), faz passar por boa e feita com \u201co amor caseiro da av\u00f3\u201d, acabam por se enfuriar contra a nossa exist\u00eancia e quotidiano, agu\u00e7ando o nosso desconforto f\u00edsico, moral e psicol\u00f3gico.<\/strong><br \/>\n<\/br><br \/>\n<a href=\"http:\/\/imediata.org\/wp-content\/uploads\/2013\/05\/mi_760621106466030.jpg\"><img loading=\"lazy\" decoding=\"async\" src=\"http:\/\/imediata.org\/wp-content\/uploads\/2013\/05\/mi_760621106466030.jpg\" alt=\"\" title=\"mi_760621106466030\" width=\"483\" height=\"303\" class=\"alignright size-full wp-image-3856\" srcset=\"https:\/\/imediata.org\/wp-content\/uploads\/2013\/05\/mi_760621106466030.jpg 483w, https:\/\/imediata.org\/wp-content\/uploads\/2013\/05\/mi_760621106466030-300x188.jpg 300w\" sizes=\"auto, (max-width: 483px) 100vw, 483px\" \/><\/a><br \/>\n<\/br><br \/>\n<strong>\u00c9 nesse ponto que o Sistema extrai seu en\u00e9simo coelho do cilindro das ilus\u00f5es, indicando-nos o novo milagroso f\u00e1rmaco ao qual deveremos recorrer, piorando ulteriormente nossa condi\u00e7\u00e3o patol\u00f3gica e nos induzindo ao v\u00edcio. Enquanto isso, as empresas farmac\u00eauticas engordam suas imundas v\u00edsceras e a nossa vida se consuma no meio de um frio oceano feito das mais d\u00edspares ansiedades, ang\u00fastias e fobias. Os m\u00e9dicos de turno embolsam sua miser\u00e1vel comiss\u00e3o \u00e0 espera de um novo, in\u00fatil, nocivo f\u00e1rmaco a ser patrocinado. <\/strong><br \/>\n<\/br><br \/>\n<a href=\"http:\/\/imediata.org\/wp-content\/uploads\/2013\/05\/Oscurart-I-dda-Google-Chrome.jpg\"><img loading=\"lazy\" decoding=\"async\" src=\"http:\/\/imediata.org\/wp-content\/uploads\/2013\/05\/Oscurart-I-dda-Google-Chrome.jpg\" alt=\"\" title=\"Oscurart I d&amp;da - Google Chrome\" width=\"202\" height=\"200\" class=\"alignright size-full wp-image-3855\" srcset=\"https:\/\/imediata.org\/wp-content\/uploads\/2013\/05\/Oscurart-I-dda-Google-Chrome.jpg 202w, https:\/\/imediata.org\/wp-content\/uploads\/2013\/05\/Oscurart-I-dda-Google-Chrome-150x150.jpg 150w\" sizes=\"auto, (max-width: 202px) 100vw, 202px\" \/><\/a><\/p>\n","protected":false},"excerpt":{"rendered":"<p>Um frango n\u00e3o \u00e9 um frango Por: Gianni Tirelli Fonte: stampalibera 28\/05\/2013 Tradu\u00e7\u00e3o: Mario S. Mieli Tudo aquilo que, na realidade, compramos e consumimos mecanicamente no mercado do Grande Malfeitor, n\u00e3o \u00e9 mais que a falsifica\u00e7\u00e3o sistem\u00e1tica de algo que parece vagamente com a sua forma original mas que, em subst\u00e2ncia, \u00e9 um concentrado de [&hellip;]<\/p>\n","protected":false},"author":1,"featured_media":0,"comment_status":"open","ping_status":"open","sticky":false,"template":"","format":"standard","meta":{"footnotes":""},"categories":[5,9],"tags":[1307,2210,95,2211,2209],"class_list":["post-3851","post","type-post","status-publish","format-standard","hentry","category-biodiversidade-imediata","category-lance-de-dados","tag-gianni-tirelli","tag-granjas-industriais","tag-mario-s-mieli","tag-o-sistema-besta","tag-um-frango-nao-e-um-frango"],"_links":{"self":[{"href":"https:\/\/imediata.org\/index.php?rest_route=\/wp\/v2\/posts\/3851","targetHints":{"allow":["GET"]}}],"collection":[{"href":"https:\/\/imediata.org\/index.php?rest_route=\/wp\/v2\/posts"}],"about":[{"href":"https:\/\/imediata.org\/index.php?rest_route=\/wp\/v2\/types\/post"}],"author":[{"embeddable":true,"href":"https:\/\/imediata.org\/index.php?rest_route=\/wp\/v2\/users\/1"}],"replies":[{"embeddable":true,"href":"https:\/\/imediata.org\/index.php?rest_route=%2Fwp%2Fv2%2Fcomments&post=3851"}],"version-history":[{"count":4,"href":"https:\/\/imediata.org\/index.php?rest_route=\/wp\/v2\/posts\/3851\/revisions"}],"predecessor-version":[{"id":3860,"href":"https:\/\/imediata.org\/index.php?rest_route=\/wp\/v2\/posts\/3851\/revisions\/3860"}],"wp:attachment":[{"href":"https:\/\/imediata.org\/index.php?rest_route=%2Fwp%2Fv2%2Fmedia&parent=3851"}],"wp:term":[{"taxonomy":"category","embeddable":true,"href":"https:\/\/imediata.org\/index.php?rest_route=%2Fwp%2Fv2%2Fcategories&post=3851"},{"taxonomy":"post_tag","embeddable":true,"href":"https:\/\/imediata.org\/index.php?rest_route=%2Fwp%2Fv2%2Ftags&post=3851"}],"curies":[{"name":"wp","href":"https:\/\/api.w.org\/{rel}","templated":true}]}}